{"id":37380,"date":"2026-04-27T13:14:44","date_gmt":"2026-04-27T13:14:44","guid":{"rendered":"https:\/\/acronoticias.com\/index.php\/2026\/04\/27\/una-madre-y-su-hijo-mueren-en-accidente-de-transito-en-dajabon\/"},"modified":"2026-04-27T13:14:44","modified_gmt":"2026-04-27T13:14:44","slug":"una-madre-y-su-hijo-mueren-en-accidente-de-transito-en-dajabon","status":"publish","type":"post","link":"https:\/\/acronoticias.com\/index.php\/2026\/04\/27\/una-madre-y-su-hijo-mueren-en-accidente-de-transito-en-dajabon\/","title":{"rendered":"Una madre y su hijo mueren en accidente de tr\u00e1nsito en Dajab\u00f3n"},"content":{"rendered":"<p><img decoding=\"async\" width=\"355\" height=\"200\" src=\"https:\/\/nuevodiario-assets.s3.us-east-2.amazonaws.com\/wp-content\/uploads\/2026\/04\/Una-madre-y-su-hijo-mueren-en-accidente-de-transito-en-Dajabon-355x200.jpg\" class=\"webfeedsFeaturedVisual not-transparent wp-post-image\" alt=\"\" style=\"--dominant-color: #8e3f3f;margin-bottom: 5px;clear:both;max-width: 100%\" loading=\"lazy\" data-has-transparency=\"false\" data-dominant-color=\"8e3f3f\" \/><\/p>\n<p>EL NUEVO DIARIO, DAJAB\u00d3N.- Una madre y su hijo perdieron la vida de manera instant\u00e1nea tras un accidente de tr\u00e1nsito, ocurrido ayer domingo en Dajab\u00f3n.<\/p>\n<p>La v\u00edctima fue identificada como Estefan\u00eda Fern\u00e1ndez, quien era gemela y en el accidente tambi\u00e9n falleci\u00f3 su ni\u00f1o, causando gran consternaci\u00f3n entre familiares y comunitarios.<\/p>\n<p>El hecho se registr\u00f3 en el tramo de Los Miches, pr\u00f3ximo al puesto de chequeo, donde un veh\u00edculo se vio involucrado en el suceso.<\/p>\n<p>Hasta el momento, no se han ofrecido mayores detalles sobre las circunstancias del accidente.<\/p>\n<p><strong>Denuncia<\/strong><\/p>\n<p>Moradores de la zona han expresado su preocupaci\u00f3n y exigen a las autoridades intervenir de manera urgente ese trayecto carretero.<\/p>\n<p>Denuncian la falta de iluminaci\u00f3n y el mal estado de la v\u00eda, destacando la gran cantidad de hoyos en la carretera que conecta Dajab\u00f3n con Loma de Cabrera.<\/p>\n<p>Los residentes aseguran que estas condiciones representan un peligro constante para quienes transitan.<\/p>\n<p>La entrada <a href=\"https:\/\/elnuevodiario.com.do\/una-madre-y-su-hijo-mueren-en-accidente-de-transito-en-dajabon\/\">Una madre y su hijo mueren en accidente de tr\u00e1nsito en Dajab\u00f3n<\/a> se public\u00f3 primero en <a href=\"https:\/\/elnuevodiario.com.do\">El Nuevo Diario (Rep\u00fablica Dominicana)<\/a>.<\/p>\n","protected":false},"excerpt":{"rendered":"<p>EL NUEVO DIARIO, DAJAB\u00d3N.- Una madre y su hijo perdieron la vida de manera instant\u00e1nea tras un accidente de tr\u00e1nsito, ocurrido ayer domingo en Dajab\u00f3n. La v\u00edctima fue identificada como Estefan\u00eda Fern\u00e1ndez, quien era gemela y en el accidente tambi\u00e9n falleci\u00f3 su ni\u00f1o, causando gran consternaci\u00f3n entre familiares y comunitarios. El hecho se registr\u00f3 en<\/p>\n","protected":false},"author":1,"featured_media":37381,"comment_status":"open","ping_status":"open","sticky":false,"template":"","format":"standard","meta":{"footnotes":""},"categories":[1],"tags":[],"class_list":["post-37380","post","type-post","status-publish","format-standard","has-post-thumbnail","hentry","category-nacionales"],"_links":{"self":[{"href":"https:\/\/acronoticias.com\/index.php\/wp-json\/wp\/v2\/posts\/37380","targetHints":{"allow":["GET"]}}],"collection":[{"href":"https:\/\/acronoticias.com\/index.php\/wp-json\/wp\/v2\/posts"}],"about":[{"href":"https:\/\/acronoticias.com\/index.php\/wp-json\/wp\/v2\/types\/post"}],"author":[{"embeddable":true,"href":"https:\/\/acronoticias.com\/index.php\/wp-json\/wp\/v2\/users\/1"}],"replies":[{"embeddable":true,"href":"https:\/\/acronoticias.com\/index.php\/wp-json\/wp\/v2\/comments?post=37380"}],"version-history":[{"count":0,"href":"https:\/\/acronoticias.com\/index.php\/wp-json\/wp\/v2\/posts\/37380\/revisions"}],"wp:featuredmedia":[{"embeddable":true,"href":"https:\/\/acronoticias.com\/index.php\/wp-json\/wp\/v2\/media\/37381"}],"wp:attachment":[{"href":"https:\/\/acronoticias.com\/index.php\/wp-json\/wp\/v2\/media?parent=37380"}],"wp:term":[{"taxonomy":"category","embeddable":true,"href":"https:\/\/acronoticias.com\/index.php\/wp-json\/wp\/v2\/categories?post=37380"},{"taxonomy":"post_tag","embeddable":true,"href":"https:\/\/acronoticias.com\/index.php\/wp-json\/wp\/v2\/tags?post=37380"}],"curies":[{"name":"wp","href":"https:\/\/api.w.org\/{rel}","templated":true}]}}