{"id":37379,"date":"2026-04-27T13:03:34","date_gmt":"2026-04-27T13:03:34","guid":{"rendered":"https:\/\/acronoticias.com\/index.php\/2026\/04\/27\/von-der-leyen-dice-que-es-demasiado-pronto-para-pensar-en-aliviar-las-sanciones-a-iran\/"},"modified":"2026-04-27T13:03:34","modified_gmt":"2026-04-27T13:03:34","slug":"von-der-leyen-dice-que-es-demasiado-pronto-para-pensar-en-aliviar-las-sanciones-a-iran","status":"publish","type":"post","link":"https:\/\/acronoticias.com\/index.php\/2026\/04\/27\/von-der-leyen-dice-que-es-demasiado-pronto-para-pensar-en-aliviar-las-sanciones-a-iran\/","title":{"rendered":"Von der Leyen dice que es demasiado pronto para pensar en aliviar las sanciones a Ir\u00e1n"},"content":{"rendered":"<p><img loading=\"lazy\" decoding=\"async\" width=\"355\" height=\"200\" src=\"https:\/\/nuevodiario-assets.s3.us-east-2.amazonaws.com\/wp-content\/uploads\/2026\/01\/Bruselas-preparada-para-responder-a-los-aranceles-de-Trump-pero-prioriza-la-diplomacia-355x200.webp\" class=\"webfeedsFeaturedVisual not-transparent wp-post-image\" alt=\"\" style=\"--dominant-color: #a9a49c;margin-bottom: 5px;clear:both;max-width: 100%\" data-has-transparency=\"false\" data-dominant-color=\"a9a49c\" \/><\/p>\n<p>BERL\u00cdN.- La presidenta de la Comisi\u00f3n Europea (CE), Ursula von der Leyen, afirm\u00f3 este lunes que todav\u00eda es pronto para pensar en aliviar las sanciones contra Ir\u00e1n, pues para dar este paso es preciso ver primero \u00abun cambio fundamental\u00bb en la actitud de Teher\u00e1n.<\/p>\n<p>\u00abCreemos que es demasiado pronto para levantar las sanciones porque hay un motivo por el que hay sanciones impuestas contra Ir\u00e1n\u00bb, dijo en una comparecencia en Berl\u00edn, donde particip\u00f3 en una reuni\u00f3n de los grupos parlamentarios de la Uni\u00f3n Cristianodem\u00f3crata (CDU) y la Uni\u00f3n Socialcristiana (CSU) de Baviera.<\/p>\n<p>Este motivo, seg\u00fan dijo, es el trato que el Gobierno iran\u00ed da a su propia poblaci\u00f3n, afirm\u00f3 la pol\u00edtica conservadora, que asegur\u00f3 que en lo que va de a\u00f1o 27.000 j\u00f3venes iran\u00edes han muerto como parte de la represi\u00f3n del r\u00e9gimen contra las protestas antigubernamentales.<\/p>\n<p>\u00abEs la supresi\u00f3n de los derechos humanos y, espec\u00edficamente, los derechos de las mujeres en Ir\u00e1n y muchos otros temas\u00bb, subray\u00f3.<\/p>\n<p>\u00abPrimero tenemos que ver un cambio, un cambio fundamental en Ir\u00e1n para la retirada de las sanciones y por eso es demasiado pronto para levantar las sanciones\u00bb, recalc\u00f3 Von der Leyen.<\/p>\n<p>La semana pasada el canciller alem\u00e1n, Friedrich Merz, sugiri\u00f3 la posibilidad de aliviar las sanciones econ\u00f3micas contra Ir\u00e1n como incentivo para que el Gobierno de la Rep\u00fablica Isl\u00e1mica se adhiriese a la ruta de las negociaciones de paz con EE. UU.<\/p>\n<p>La entrada <a href=\"https:\/\/elnuevodiario.com.do\/von-der-leyen-dice-que-es-demasiado-pronto-para-pensar-en-aliviar-las-sanciones-a-iran\/\">Von der Leyen dice que es demasiado pronto para pensar en aliviar las sanciones a Ir\u00e1n<\/a> se public\u00f3 primero en <a href=\"https:\/\/elnuevodiario.com.do\">El Nuevo Diario (Rep\u00fablica Dominicana)<\/a>.<\/p>\n","protected":false},"excerpt":{"rendered":"<p>BERL\u00cdN.- La presidenta de la Comisi\u00f3n Europea (CE), Ursula von der Leyen, afirm\u00f3 este lunes que todav\u00eda es pronto para pensar en aliviar las sanciones contra Ir\u00e1n, pues para dar este paso es preciso ver primero \u00abun cambio fundamental\u00bb en la actitud de Teher\u00e1n. \u00abCreemos que es demasiado pronto para levantar las sanciones porque hay<\/p>\n","protected":false},"author":1,"featured_media":32926,"comment_status":"open","ping_status":"open","sticky":false,"template":"","format":"standard","meta":{"footnotes":""},"categories":[3],"tags":[],"class_list":["post-37379","post","type-post","status-publish","format-standard","has-post-thumbnail","hentry","category-internacionales"],"_links":{"self":[{"href":"https:\/\/acronoticias.com\/index.php\/wp-json\/wp\/v2\/posts\/37379","targetHints":{"allow":["GET"]}}],"collection":[{"href":"https:\/\/acronoticias.com\/index.php\/wp-json\/wp\/v2\/posts"}],"about":[{"href":"https:\/\/acronoticias.com\/index.php\/wp-json\/wp\/v2\/types\/post"}],"author":[{"embeddable":true,"href":"https:\/\/acronoticias.com\/index.php\/wp-json\/wp\/v2\/users\/1"}],"replies":[{"embeddable":true,"href":"https:\/\/acronoticias.com\/index.php\/wp-json\/wp\/v2\/comments?post=37379"}],"version-history":[{"count":0,"href":"https:\/\/acronoticias.com\/index.php\/wp-json\/wp\/v2\/posts\/37379\/revisions"}],"wp:featuredmedia":[{"embeddable":true,"href":"https:\/\/acronoticias.com\/index.php\/wp-json\/wp\/v2\/media\/32926"}],"wp:attachment":[{"href":"https:\/\/acronoticias.com\/index.php\/wp-json\/wp\/v2\/media?parent=37379"}],"wp:term":[{"taxonomy":"category","embeddable":true,"href":"https:\/\/acronoticias.com\/index.php\/wp-json\/wp\/v2\/categories?post=37379"},{"taxonomy":"post_tag","embeddable":true,"href":"https:\/\/acronoticias.com\/index.php\/wp-json\/wp\/v2\/tags?post=37379"}],"curies":[{"name":"wp","href":"https:\/\/api.w.org\/{rel}","templated":true}]}}