{"id":37373,"date":"2026-04-27T12:26:39","date_gmt":"2026-04-27T12:26:39","guid":{"rendered":"https:\/\/acronoticias.com\/index.php\/2026\/04\/27\/estudiantes-disfrutan-simulador-de-vuelo-en-feria-regional-del-libro-y-la-cultura-del-cibao-2026\/"},"modified":"2026-04-27T12:26:39","modified_gmt":"2026-04-27T12:26:39","slug":"estudiantes-disfrutan-simulador-de-vuelo-en-feria-regional-del-libro-y-la-cultura-del-cibao-2026","status":"publish","type":"post","link":"https:\/\/acronoticias.com\/index.php\/2026\/04\/27\/estudiantes-disfrutan-simulador-de-vuelo-en-feria-regional-del-libro-y-la-cultura-del-cibao-2026\/","title":{"rendered":"Estudiantes disfrutan simulador de vuelo en Feria Regional del Libro y la Cultura del Cibao 2026"},"content":{"rendered":"<p><img decoding=\"async\" width=\"355\" height=\"200\" src=\"https:\/\/nuevodiario-assets.s3.us-east-2.amazonaws.com\/wp-content\/uploads\/2026\/04\/Estudiante-vive-la-experiecia-en-simulador-de-vuelo-355x200.jpeg\" class=\"webfeedsFeaturedVisual not-transparent wp-post-image\" alt=\"\" style=\"--dominant-color: #989899;margin-bottom: 5px;clear:both;max-width: 100%\" loading=\"lazy\" data-has-transparency=\"false\" data-dominant-color=\"989899\" \/><\/p>\n<p>EL NUEVO DIARIO, SANTIAGO.- M\u00e1s de 10 mil estudiantes se dieron cita en el stand del Instituto Dominicano de Aviaci\u00f3n Civil (IDAC) para vivir la experiencia del simulador de vuelo de la Academia Superior de Ciencias Aeron\u00e1uticas (ASCA), donde un importante n\u00famero de participantes mostr\u00f3 inter\u00e9s en conocer m\u00e1s sobre el sector aeron\u00e1utico y formar parte de la aviaci\u00f3n en el futuro.<\/p>\n<p>Durante siete d\u00edas de celebraci\u00f3n de la Feria Regional del Libro y la Cultura del Cibao 2026, realizada en los jardines del Gran Teatro del Cibao, los visitantes pudieron disfrutar de una experiencia \u00fanica que integr\u00f3 educaci\u00f3n, tecnolog\u00eda y cultura, despertando el inter\u00e9s de ni\u00f1os y j\u00f3venes por el mundo de la aviaci\u00f3n.<\/p>\n<figure id=\"attachment_3098274\" aria-describedby=\"caption-attachment-3098274\" style=\"width: 1600px\" class=\"wp-caption alignnone\"><img loading=\"lazy\" decoding=\"async\" data-recalc-dims=\"1\" data-dominant-color=\"808087\" data-has-transparency=\"false\" style=\"--dominant-color: #808087\" class=\"size-full wp-image-3098274 not-transparent\" src=\"https:\/\/i0.wp.com\/nuevodiario-assets.s3.us-east-2.amazonaws.com\/wp-content\/uploads\/2026\/04\/Feria-del-Libro-Regional.jpeg?resize=640%2C426&#038;quality=100&#038;ssl=1\" alt=\"\" width=\"640\" height=\"426\" \/><figcaption id=\"caption-attachment-3098274\" class=\"wp-caption-text\">Autoridades asisten a la Feria Regional (Foto. Prensa IDAC)<\/figcaption><\/figure>\n<p>De acuerdo con un comunicado, el stand del IDAC fue visitado por la vicepresidenta de la Rep\u00fablica, Raquel Pe\u00f1a; el ministro de Cultura, Roberto \u00c1ngel Salcedo, y otras autoridades del sector p\u00fablico y privado, quienes fueron recibidos por el director general del IDAC, Igor Rodr\u00edguez Dur\u00e1n.<\/p>\n<figure id=\"attachment_3098277\" aria-describedby=\"caption-attachment-3098277\" style=\"width: 1600px\" class=\"wp-caption alignnone\"><img loading=\"lazy\" decoding=\"async\" data-recalc-dims=\"1\" data-dominant-color=\"8f8b91\" data-has-transparency=\"false\" style=\"--dominant-color: #8f8b91\" class=\"size-full wp-image-3098277 not-transparent\" src=\"https:\/\/i0.wp.com\/nuevodiario-assets.s3.us-east-2.amazonaws.com\/wp-content\/uploads\/2026\/04\/Cultura-e-IDAC.jpeg?resize=640%2C426&#038;quality=100&#038;ssl=1\" alt=\"\" width=\"640\" height=\"426\" \/><figcaption id=\"caption-attachment-3098277\" class=\"wp-caption-text\">Ministro de Cultura y director del IDAC durante la feria (Foto: Prensa IDAC)<\/figcaption><\/figure>\n<p>Rodr\u00edguez destac\u00f3 que la participaci\u00f3n en esta actividad tiene como objetivo acercar la aviaci\u00f3n a la poblaci\u00f3n, motivar a las nuevas generaciones a no ver sus sue\u00f1os como reto inalcanzable y mostrarles las oportunidades que ofrece un sector que cada d\u00eda incrementa su demanda de talento humano.<\/p>\n<figure id=\"attachment_3098280\" aria-describedby=\"caption-attachment-3098280\" style=\"width: 1600px\" class=\"wp-caption alignnone\"><img decoding=\"async\" data-recalc-dims=\"1\" data-dominant-color=\"475360\" data-has-transparency=\"false\" style=\"--dominant-color: #475360\" loading=\"lazy\" class=\"size-full wp-image-3098280 not-transparent\" src=\"https:\/\/i0.wp.com\/nuevodiario-assets.s3.us-east-2.amazonaws.com\/wp-content\/uploads\/2026\/04\/Simulador-aereo.jpeg?resize=640%2C426&#038;quality=100&#038;ssl=1\" alt=\"\" width=\"640\" height=\"426\" \/><figcaption id=\"caption-attachment-3098280\" class=\"wp-caption-text\">Simulador de vuelo (Foto: Prensa IDAC)<\/figcaption><\/figure>\n<p>El funcionario, quien es piloto aviador dijo que el sector de la aviaci\u00f3n ofrece m\u00faltiples oportunidades de trabajo que abarcan desde la operaci\u00f3n y seguridad a\u00e9rea hasta la gesti\u00f3n administrativa y tecnol\u00f3gica.<\/p>\n<figure id=\"attachment_3098283\" aria-describedby=\"caption-attachment-3098283\" style=\"width: 1600px\" class=\"wp-caption alignnone\"><img decoding=\"async\" data-recalc-dims=\"1\" data-dominant-color=\"66666c\" data-has-transparency=\"false\" style=\"--dominant-color: #66666c\" loading=\"lazy\" class=\"size-full wp-image-3098283 not-transparent\" src=\"https:\/\/i0.wp.com\/nuevodiario-assets.s3.us-east-2.amazonaws.com\/wp-content\/uploads\/2026\/04\/Estudiantes-buscan-informacion-del-simulador.jpeg?resize=640%2C426&#038;quality=100&#038;ssl=1\" alt=\"\" width=\"640\" height=\"426\" \/><figcaption id=\"caption-attachment-3098283\" class=\"wp-caption-text\">Estudiantes solicitan informaci\u00f3n del simulador (Foto: Prensa IDAC)<\/figcaption><\/figure>\n<p>Entre las principales \u00e1reas se encuentran la de piloto de aviaci\u00f3n, control de tr\u00e1nsito a\u00e9reo, mantenimiento, sobrecargos, estas oportunidades permiten que j\u00f3venes y profesionales encuentren en la aviaci\u00f3n una carrera din\u00e1mica, con alto nivel de especializaci\u00f3n y gran impacto en el desarrollo econ\u00f3mico.<\/p>\n<p>&nbsp;<\/p>\n<p>&nbsp;<\/p>\n<p>JSB\/<\/p>\n<p>La entrada <a href=\"https:\/\/elnuevodiario.com.do\/estudiantes-disfrutan-simulador-de-vuelo-en-feria-regional-del-libro-y-la-cultura-del-cibao-2026\/\">Estudiantes disfrutan simulador de vuelo en Feria Regional del Libro y la Cultura del Cibao 2026<\/a> se public\u00f3 primero en <a href=\"https:\/\/elnuevodiario.com.do\">El Nuevo Diario (Rep\u00fablica Dominicana)<\/a>.<\/p>\n","protected":false},"excerpt":{"rendered":"<p>EL NUEVO DIARIO, SANTIAGO.- M\u00e1s de 10 mil estudiantes se dieron cita en el stand del Instituto Dominicano de Aviaci\u00f3n Civil (IDAC) para vivir la experiencia del simulador de vuelo de la Academia Superior de Ciencias Aeron\u00e1uticas (ASCA), donde un importante n\u00famero de participantes mostr\u00f3 inter\u00e9s en conocer m\u00e1s sobre el sector aeron\u00e1utico y formar<\/p>\n","protected":false},"author":1,"featured_media":37374,"comment_status":"open","ping_status":"open","sticky":false,"template":"","format":"standard","meta":{"footnotes":""},"categories":[1],"tags":[],"class_list":["post-37373","post","type-post","status-publish","format-standard","has-post-thumbnail","hentry","category-nacionales"],"_links":{"self":[{"href":"https:\/\/acronoticias.com\/index.php\/wp-json\/wp\/v2\/posts\/37373","targetHints":{"allow":["GET"]}}],"collection":[{"href":"https:\/\/acronoticias.com\/index.php\/wp-json\/wp\/v2\/posts"}],"about":[{"href":"https:\/\/acronoticias.com\/index.php\/wp-json\/wp\/v2\/types\/post"}],"author":[{"embeddable":true,"href":"https:\/\/acronoticias.com\/index.php\/wp-json\/wp\/v2\/users\/1"}],"replies":[{"embeddable":true,"href":"https:\/\/acronoticias.com\/index.php\/wp-json\/wp\/v2\/comments?post=37373"}],"version-history":[{"count":0,"href":"https:\/\/acronoticias.com\/index.php\/wp-json\/wp\/v2\/posts\/37373\/revisions"}],"wp:featuredmedia":[{"embeddable":true,"href":"https:\/\/acronoticias.com\/index.php\/wp-json\/wp\/v2\/media\/37374"}],"wp:attachment":[{"href":"https:\/\/acronoticias.com\/index.php\/wp-json\/wp\/v2\/media?parent=37373"}],"wp:term":[{"taxonomy":"category","embeddable":true,"href":"https:\/\/acronoticias.com\/index.php\/wp-json\/wp\/v2\/categories?post=37373"},{"taxonomy":"post_tag","embeddable":true,"href":"https:\/\/acronoticias.com\/index.php\/wp-json\/wp\/v2\/tags?post=37373"}],"curies":[{"name":"wp","href":"https:\/\/api.w.org\/{rel}","templated":true}]}}