{"id":37371,"date":"2026-04-27T12:16:47","date_gmt":"2026-04-27T12:16:47","guid":{"rendered":"https:\/\/acronoticias.com\/index.php\/2026\/04\/27\/ito-bisono-entrego-pabellon-de-practica-de-voleibol\/"},"modified":"2026-04-27T12:16:47","modified_gmt":"2026-04-27T12:16:47","slug":"ito-bisono-entrego-pabellon-de-practica-de-voleibol","status":"publish","type":"post","link":"https:\/\/acronoticias.com\/index.php\/2026\/04\/27\/ito-bisono-entrego-pabellon-de-practica-de-voleibol\/","title":{"rendered":"Ito Bison\u00f3 entreg\u00f3 Pabell\u00f3n de pr\u00e1ctica de Voleibol"},"content":{"rendered":"<div>\n<div class=\"c-detail__author full\">\n<div>\n<div class=\"c-detail__author__thumb\">\n<figure>\n                                <picture src=\"https:\/\/imagenes.hoy.com.do\/files\/image_square_xs\/uploads\/2025\/12\/15\/693fcb65794ee.png\" data-size=\"w:40,h:40\">\n                                    <img decoding=\"async\" loading=\"lazy\" alt=\"Primitivo Cadete\" width=\"40\" height=\"40\" src=\"https:\/\/imagenes.hoy.com.do\/files\/image_square_xs\/uploads\/2025\/12\/15\/693fcb65794ee.png\"\/>\n                                <\/picture>\n                                <\/figure>\n<\/div>\n<\/div>\n<\/div>\n<p>                                                                                            <!-- --><\/p>\n<p class=\"paragraph\">Como parte del programa de obras deportivas que impulsa el gobierno  para los <b>Juegos Centroamericanos y del Caribe Santo Domingo 2026<\/b>, el ministro de Vivienda  y Edificaciones,<b> V\u00edctor \u201cIto\u201d Bison\u00f3<\/b>, entreg\u00f3 ayer  el remozado  Pabell\u00f3n para pr\u00e1ctica de Voleibol del Centro Ol\u00edmpico Juan Pablo Duarte.<\/p>\n<p class=\"paragraph\">\u201cIto\u201d Bison\u00f3 hizo entrega de este pabell\u00f3n al ministerio de Deportes, Kelvin Cruz;  el Comit\u00e9 Organizador de los Juegos Centroamericanos y del Caribe, que preside Jos\u00e9 P. Monegro, y al Comit\u00e9 Ol\u00edmpico Dominicano.<\/p>\n<p class=\"paragraph\">Al recibir la instalaci\u00f3n, el ministro Kelvin Cruz afirm\u00f3 que  la entrega de este pabell\u00f3n es una muestra m\u00e1s de que las autoridades est\u00e1n cumpliendo con el cronograma de trabajo de cara a la cita multideportiva regional.<\/p>\n<p class=\"paragraph\">\u201cLes anuncio que junto al <b>Ministerio de Vivienda y Edificaciones<\/b>, a partir de este momento  nos declaramos en sesi\u00f3n permanente en el Centro Ol\u00edmpico y en el Parque del Este, para que las entregas se contin\u00faen realizando  con tiempo suficiente\u201d, dijo Cruz, quien resalt\u00f3 las bondades del pabell\u00f3n remozado.<\/p>\n<div class=\"c-detail__box \">\n<article class=\"c-detail__sumario \">\n<figure class=\"c-detail__sumario__thumb\" style=\"display: block;\">\n            <a href=\"#\" title=\"\">\n                <picture data-size=\"w:140,h:140\" loading=\"lazy\" src=\"https:\/\/imagenes.hoy.com.do\/files\/related_image\/uploads\/2026\/04\/26\/69ee3e4d05c4b.jpeg\" data-full-src=\"https:\/\/imagenes.hoy.com.do\/uploads\/2026\/04\/26\/69ee3e4d05c4b.jpeg\">\n                    <img loading=\"lazy\" decoding=\"async\" width=\"140\" height=\"140\" alt=\"Sabastian Sawe\" src=\"https:\/\/imagenes.hoy.com.do\/uploads\/2026\/04\/26\/69ee3e4d05c4b.jpeg\"\/>\n                <\/picture>\n            <\/a><br \/>\n        <\/figure>\n<\/article>\n<\/div><\/div>\n<div>\n        <strong class=\"c-author--detail__title\">Sobre el autor<\/strong><\/p>\n<div class=\"c-author\">\n<figure class=\"c-author__thumb\">\n                    <img decoding=\"async\" loading=\"lazy\" src=\"https:\/\/imagenes.hoy.com.do\/files\/image_160_160\/uploads\/2025\/12\/15\/693fcb65794ee.png\" alt=\"Primitivo Cadete\"\/><br \/>\n                <\/figure>\n<h2 class=\"c-author__description\">\n                <strong class=\"c-author__title\">Primitivo Cadete<\/strong><\/p>\n<nav class=\"c-author__share\">\n                                                                                                                                                                                <\/nav>\n<\/h2><\/div>\n<p>\n        Lic. en Comunicaci\u00f3n Social, con una especialidad en periodismo deportivo y un diplomado en \u00e9tica Period\u00edstica, m\u00e1s de 37 a\u00f1os de experiencia en cobertura de eventos nacionales e internacionales.\n    <\/p>\n<\/div>\n","protected":false},"excerpt":{"rendered":"<p>Como parte del programa de obras deportivas que impulsa el gobierno para los Juegos Centroamericanos y del Caribe Santo Domingo 2026, el ministro de Vivienda y Edificaciones, V\u00edctor \u201cIto\u201d Bison\u00f3, entreg\u00f3 ayer el remozado Pabell\u00f3n para pr\u00e1ctica de Voleibol del Centro Ol\u00edmpico Juan Pablo Duarte. \u201cIto\u201d Bison\u00f3 hizo entrega de este pabell\u00f3n al ministerio de<\/p>\n","protected":false},"author":1,"featured_media":37372,"comment_status":"open","ping_status":"open","sticky":false,"template":"","format":"standard","meta":{"footnotes":""},"categories":[2],"tags":[],"class_list":["post-37371","post","type-post","status-publish","format-standard","has-post-thumbnail","hentry","category-deporte"],"_links":{"self":[{"href":"https:\/\/acronoticias.com\/index.php\/wp-json\/wp\/v2\/posts\/37371","targetHints":{"allow":["GET"]}}],"collection":[{"href":"https:\/\/acronoticias.com\/index.php\/wp-json\/wp\/v2\/posts"}],"about":[{"href":"https:\/\/acronoticias.com\/index.php\/wp-json\/wp\/v2\/types\/post"}],"author":[{"embeddable":true,"href":"https:\/\/acronoticias.com\/index.php\/wp-json\/wp\/v2\/users\/1"}],"replies":[{"embeddable":true,"href":"https:\/\/acronoticias.com\/index.php\/wp-json\/wp\/v2\/comments?post=37371"}],"version-history":[{"count":0,"href":"https:\/\/acronoticias.com\/index.php\/wp-json\/wp\/v2\/posts\/37371\/revisions"}],"wp:featuredmedia":[{"embeddable":true,"href":"https:\/\/acronoticias.com\/index.php\/wp-json\/wp\/v2\/media\/37372"}],"wp:attachment":[{"href":"https:\/\/acronoticias.com\/index.php\/wp-json\/wp\/v2\/media?parent=37371"}],"wp:term":[{"taxonomy":"category","embeddable":true,"href":"https:\/\/acronoticias.com\/index.php\/wp-json\/wp\/v2\/categories?post=37371"},{"taxonomy":"post_tag","embeddable":true,"href":"https:\/\/acronoticias.com\/index.php\/wp-json\/wp\/v2\/tags?post=37371"}],"curies":[{"name":"wp","href":"https:\/\/api.w.org\/{rel}","templated":true}]}}