{"id":37362,"date":"2026-04-27T11:01:39","date_gmt":"2026-04-27T11:01:39","guid":{"rendered":"https:\/\/acronoticias.com\/index.php\/2026\/04\/27\/tribunal-de-israel-ordena-sanciones-financieras-a-ultraortodoxos-que-rechacen-servicio-militar\/"},"modified":"2026-04-27T11:01:39","modified_gmt":"2026-04-27T11:01:39","slug":"tribunal-de-israel-ordena-sanciones-financieras-a-ultraortodoxos-que-rechacen-servicio-militar","status":"publish","type":"post","link":"https:\/\/acronoticias.com\/index.php\/2026\/04\/27\/tribunal-de-israel-ordena-sanciones-financieras-a-ultraortodoxos-que-rechacen-servicio-militar\/","title":{"rendered":"Tribunal de Israel ordena sanciones financieras a ultraortodoxos que rechacen servicio militar"},"content":{"rendered":"<p><img loading=\"lazy\" decoding=\"async\" width=\"355\" height=\"200\" src=\"https:\/\/nuevodiario-assets.s3.us-east-2.amazonaws.com\/wp-content\/uploads\/2025\/07\/90848843_gettyimages-53109908-1-355x200.jpg\" class=\"webfeedsFeaturedVisual not-transparent wp-post-image\" alt=\"\" style=\"--dominant-color: #766e51;margin-bottom: 5px;clear:both;max-width: 100%\" data-has-transparency=\"false\" data-dominant-color=\"766e51\" \/><\/p>\n<p><strong>JERUSAL\u00c9N.-<\/strong> La Corte Suprema de Israel orden\u00f3 este domingo al Estado que suspenda las prestaciones econ\u00f3micas a los jud\u00edos ultraortodoxos que se niegan a responder a las convocatorias de reclutamiento para el servicio militar obligatorio.<\/p>\n<p>El servicio militar es obligatorio en Israel para hombres y mujeres, pero los jud\u00edos ultraortodoxos pueden evitarlo si se dedican al estudio de los textos sagrados, en virtud de una exenci\u00f3n que data de 1948.<\/p>\n<p>La medida fue instaurada por David Ben Gurion, fundador del Estado de Israel, para preservar tradiciones que estuvieron en riesgo de perderse debido al Holocausto.<\/p>\n<p>Sin embargo, la Corte Suprema ha cuestionado en reiteradas ocasiones esta exenci\u00f3n en los \u00faltimos a\u00f1os y en 2024 dictamin\u00f3 que los estudiantes ultraortodoxos de las escuelas talm\u00fadicas deben ser alistados en el ej\u00e9rcito.<\/p>\n<p>\u00abDado que no se han propuesto medidas concretas que indiquen la intenci\u00f3n de hacer cumplir la obligaci\u00f3n de alistarse (&#8230;) no queda m\u00e1s remedio que ordenar medidas pr\u00e1cticas\u00bb, se\u00f1al\u00f3 el tribunal en su fallo de este domingo.<\/p>\n<p>El primer ministro israel\u00ed, Benjamin Netanyahu, depende, sin embargo, del apoyo de los partidos ultraortodoxos para mantener su coalici\u00f3n de gobierno y, por lo tanto, se ha opuesto a los esfuerzos para poner fin a la exenci\u00f3n.<\/p>\n<p>Con el pronunciamiento de este domingo, el alto tribunal ordena la eliminaci\u00f3n de los subsidios otorgados a los ultraortodoxos que les permiten acceder a tarifas reducidas para los impuestos locales, el transporte p\u00fablico y los cuidados infantiles.<\/p>\n<p>El juez Noam Solberg afirm\u00f3 que la sentencia no es una \u00absanci\u00f3n\u00bb, sino una \u00abp\u00e9rdida de prestaciones\u00bb, al considerar que la promoci\u00f3n del servicio militar es un objetivo \u00ableg\u00edtimo\u00bb y debe tenerse en cuenta a la hora de determinar \u00ablas condiciones de elegibilidad para un beneficio determinado\u00bb.<\/p>\n<p>La comunidad ultraortodoxa conocida como los \u00abharedim\u00bb era una peque\u00f1a fracci\u00f3n del total de la poblaci\u00f3n de Israel, pero ha crecido demogr\u00e1ficamente y ahora representa el 14% de los jud\u00edos israel\u00edes.<\/p>\n<p>Este crecimiento, sumado a las largas convocatorias de miles de israel\u00edes que han luchado en las recientes guerras del pa\u00eds, ha generado resentimiento hacia estas dispensas, incluso entre los jud\u00edos religiosos.<\/p>\n<p>La entrada <a href=\"https:\/\/elnuevodiario.com.do\/tribunal-de-israel-ordena-sanciones-financieras-a-ultraortodoxos-que-rechacen-servicio-militar\/\">Tribunal de Israel ordena sanciones financieras a ultraortodoxos que rechacen servicio militar<\/a> se public\u00f3 primero en <a href=\"https:\/\/elnuevodiario.com.do\">El Nuevo Diario (Rep\u00fablica Dominicana)<\/a>.<\/p>\n","protected":false},"excerpt":{"rendered":"<p>JERUSAL\u00c9N.- La Corte Suprema de Israel orden\u00f3 este domingo al Estado que suspenda las prestaciones econ\u00f3micas a los jud\u00edos ultraortodoxos que se niegan a responder a las convocatorias de reclutamiento para el servicio militar obligatorio. El servicio militar es obligatorio en Israel para hombres y mujeres, pero los jud\u00edos ultraortodoxos pueden evitarlo si se dedican<\/p>\n","protected":false},"author":1,"featured_media":37363,"comment_status":"open","ping_status":"open","sticky":false,"template":"","format":"standard","meta":{"footnotes":""},"categories":[3],"tags":[],"class_list":["post-37362","post","type-post","status-publish","format-standard","has-post-thumbnail","hentry","category-internacionales"],"_links":{"self":[{"href":"https:\/\/acronoticias.com\/index.php\/wp-json\/wp\/v2\/posts\/37362","targetHints":{"allow":["GET"]}}],"collection":[{"href":"https:\/\/acronoticias.com\/index.php\/wp-json\/wp\/v2\/posts"}],"about":[{"href":"https:\/\/acronoticias.com\/index.php\/wp-json\/wp\/v2\/types\/post"}],"author":[{"embeddable":true,"href":"https:\/\/acronoticias.com\/index.php\/wp-json\/wp\/v2\/users\/1"}],"replies":[{"embeddable":true,"href":"https:\/\/acronoticias.com\/index.php\/wp-json\/wp\/v2\/comments?post=37362"}],"version-history":[{"count":0,"href":"https:\/\/acronoticias.com\/index.php\/wp-json\/wp\/v2\/posts\/37362\/revisions"}],"wp:featuredmedia":[{"embeddable":true,"href":"https:\/\/acronoticias.com\/index.php\/wp-json\/wp\/v2\/media\/37363"}],"wp:attachment":[{"href":"https:\/\/acronoticias.com\/index.php\/wp-json\/wp\/v2\/media?parent=37362"}],"wp:term":[{"taxonomy":"category","embeddable":true,"href":"https:\/\/acronoticias.com\/index.php\/wp-json\/wp\/v2\/categories?post=37362"},{"taxonomy":"post_tag","embeddable":true,"href":"https:\/\/acronoticias.com\/index.php\/wp-json\/wp\/v2\/tags?post=37362"}],"curies":[{"name":"wp","href":"https:\/\/api.w.org\/{rel}","templated":true}]}}