{"id":37354,"date":"2026-04-27T08:59:49","date_gmt":"2026-04-27T08:59:49","guid":{"rendered":"https:\/\/acronoticias.com\/index.php\/2026\/04\/27\/trump-dice-no-estaba-preocupado-durante-tiroteo-entiendo-la-vida-vivimos-en-un-mundo-loco\/"},"modified":"2026-04-27T08:59:49","modified_gmt":"2026-04-27T08:59:49","slug":"trump-dice-no-estaba-preocupado-durante-tiroteo-entiendo-la-vida-vivimos-en-un-mundo-loco","status":"publish","type":"post","link":"https:\/\/acronoticias.com\/index.php\/2026\/04\/27\/trump-dice-no-estaba-preocupado-durante-tiroteo-entiendo-la-vida-vivimos-en-un-mundo-loco\/","title":{"rendered":"Trump dice \u00abno estaba preocupado\u00bb durante tiroteo. \u00abEntiendo la vida; vivimos en un mundo loco\u00bb"},"content":{"rendered":"<p><img decoding=\"async\" width=\"355\" height=\"200\" src=\"https:\/\/nuevodiario-assets.s3.us-east-2.amazonaws.com\/wp-content\/uploads\/2026\/04\/47a43cb3800359e4a5aa17beb1ec6eff40bc9b98w-355x200.jpg\" class=\"webfeedsFeaturedVisual not-transparent wp-post-image\" alt=\"\" style=\"--dominant-color: #3d444f;margin-bottom: 5px;clear:both;max-width: 100%\" loading=\"lazy\" data-has-transparency=\"false\" data-dominant-color=\"3d444f\" \/><\/p>\n<p>WASHINGTON. &#8211; El presidente de EE.UU., Donald Trump, dijo este domingo en una entrevista que \u00abno estaba preocupado\u00bb cuando se enter\u00f3 del tiroteo que oblig\u00f3 a evacuarlo a \u00e9l y varios miembros de su Gabinete cuando cenaban en un evento de gala celebrado en la v\u00edspera en Washington.<\/p>\n<p>\u00abNo estaba preocupado. Entiendo la vida. Vivimos en un mundo loco\u00bb, asegur\u00f3 Trump en una entrevista con el programa &#8217;60 minutos&#8217; de la cadena CBS.<\/p>\n<p>Trump tambi\u00e9n coment\u00f3 la reacci\u00f3n de la primera dama, Melania Trump, que se encontraba junto a \u00e9l en la mesa presidencial del evento cuando se escucharon los disparos y la gente que se encontraba en el sal\u00f3n de baile del hotel Hilton comenz\u00f3 a ponerse a resguardo bajo las mesas.<\/p>\n<p>\u00abA la gente no le gusta que se diga que estaban asustados, pero ciertamente, \u00bfqui\u00e9n no lo estar\u00eda cuando tienes una situaci\u00f3n as\u00ed? En ese momento, creo que ella se dio cuenta de antemano de que eso era m\u00e1s una bala que una bandeja\u00bb, explic\u00f3 Trump, que dijo que al principio pens\u00f3 que el revuelo se deb\u00eda a que se hab\u00eda ca\u00eddo una bandeja.<\/p>\n<p>El republicano asegur\u00f3 que la primera dama \u00abparec\u00eda muy molesta por lo que acababa de suceder\u00bb y que es una mujer \u00abmuy fuerte e inteligente\u00bb.<\/p>\n<p>\u00abYo he pasado por esto antes un par de veces, y ella a este extremo, no. Lo manej\u00f3 muy bien\u00bb, dijo.<\/p>\n<p>El presidente tambi\u00e9n habl\u00f3 sobre su primera reacci\u00f3n cuando se empez\u00f3 a desplegar el Servicio Secreto en la sala de baile.<\/p>\n<p>\u00abQuer\u00eda ver qu\u00e9 estaba pasando. Y para entonces, empezamos a darnos cuenta de que tal vez era un problema malo, un problema diferente\u00bb, asegur\u00f3 a &#8217;60 minutos&#8217;.<\/p>\n<p>Trump tambi\u00e9n se molest\u00f3 con la periodista que le hizo la entrevista, Norah O&#8217;Donnell, cuando ella ley\u00f3 parte del manifiesto que escribi\u00f3 Cole Allen, el hombre que, armado con una escopeta y cuchillos, aparentemente trat\u00f3 de asaltar a Trump y otros miembros del Gabinete.<\/p>\n<p>O&#8217;Donnell, ley\u00f3 \u00abYa no estoy dispuesto a permitir que un ped\u00f3filo, violador y traidor cubra mis manos con sus cr\u00edmenes\u00bb, un fragmento que aparentemente hace referencia a Trump y a su supuesta implicaci\u00f3n en la trama del ped\u00f3filo Jeffrey Epstein.<\/p>\n<p>\u00abEstaba esperando que leyeras eso, porque sab\u00eda que lo har\u00edas. Porque son gente horrible\u00bb, replic\u00f3 Trump.<\/p>\n<p>\u00abYo no soy un violador. No viol\u00e9 a nadie. Yo no soy un ped\u00f3filo. Le\u00edste esa basura de una persona enferma. Me asociaron con cosas que no tienen nada que ver conmigo. Fui totalmente exonerado\u00bb, argument\u00f3.<\/p>\n<p>Al ser preguntado si el incidente, que se produjo durante la cena anual de la Asociaci\u00f3n de Corresponsales de la Casa Blanca (WHCA), va a mejorar su tirante relaci\u00f3n con la prensa, el republicano subray\u00f3 que mantiene muchas diferencias con los medios.<\/p>\n<p>\u00abNo estamos de acuerdo en muchos temas, hablamos de crimen. Soy muy firme en el tema del crimen. Parece que la prensa no lo es. No es tanto la prensa. Es la prensa m\u00e1s los dem\u00f3cratas, porque son casi lo mismo\u00bb, explic\u00f3 Trump, que insisti\u00f3 en que quiere volver a celebrar la cena en 30 d\u00edas y prometi\u00f3 que el evento tendr\u00e1 \u00aba\u00fan m\u00e1s seguridad\u00bb.<\/p>\n<p>La entrada <a href=\"https:\/\/elnuevodiario.com.do\/trump-dice-no-estaba-preocupado-durante-tiroteo-entiendo-la-vida-vivimos-en-un-mundo-loco\/\">Trump dice \u00abno estaba preocupado\u00bb durante tiroteo. \u00abEntiendo la vida; vivimos en un mundo loco\u00bb<\/a> se public\u00f3 primero en <a href=\"https:\/\/elnuevodiario.com.do\">El Nuevo Diario (Rep\u00fablica Dominicana)<\/a>.<\/p>\n","protected":false},"excerpt":{"rendered":"<p>WASHINGTON. &#8211; El presidente de EE.UU., Donald Trump, dijo este domingo en una entrevista que \u00abno estaba preocupado\u00bb cuando se enter\u00f3 del tiroteo que oblig\u00f3 a evacuarlo a \u00e9l y varios miembros de su Gabinete cuando cenaban en un evento de gala celebrado en la v\u00edspera en Washington. \u00abNo estaba preocupado. Entiendo la vida. Vivimos<\/p>\n","protected":false},"author":1,"featured_media":37355,"comment_status":"open","ping_status":"open","sticky":false,"template":"","format":"standard","meta":{"footnotes":""},"categories":[3],"tags":[],"class_list":["post-37354","post","type-post","status-publish","format-standard","has-post-thumbnail","hentry","category-internacionales"],"_links":{"self":[{"href":"https:\/\/acronoticias.com\/index.php\/wp-json\/wp\/v2\/posts\/37354","targetHints":{"allow":["GET"]}}],"collection":[{"href":"https:\/\/acronoticias.com\/index.php\/wp-json\/wp\/v2\/posts"}],"about":[{"href":"https:\/\/acronoticias.com\/index.php\/wp-json\/wp\/v2\/types\/post"}],"author":[{"embeddable":true,"href":"https:\/\/acronoticias.com\/index.php\/wp-json\/wp\/v2\/users\/1"}],"replies":[{"embeddable":true,"href":"https:\/\/acronoticias.com\/index.php\/wp-json\/wp\/v2\/comments?post=37354"}],"version-history":[{"count":0,"href":"https:\/\/acronoticias.com\/index.php\/wp-json\/wp\/v2\/posts\/37354\/revisions"}],"wp:featuredmedia":[{"embeddable":true,"href":"https:\/\/acronoticias.com\/index.php\/wp-json\/wp\/v2\/media\/37355"}],"wp:attachment":[{"href":"https:\/\/acronoticias.com\/index.php\/wp-json\/wp\/v2\/media?parent=37354"}],"wp:term":[{"taxonomy":"category","embeddable":true,"href":"https:\/\/acronoticias.com\/index.php\/wp-json\/wp\/v2\/categories?post=37354"},{"taxonomy":"post_tag","embeddable":true,"href":"https:\/\/acronoticias.com\/index.php\/wp-json\/wp\/v2\/tags?post=37354"}],"curies":[{"name":"wp","href":"https:\/\/api.w.org\/{rel}","templated":true}]}}