{"id":37348,"date":"2026-04-27T07:38:51","date_gmt":"2026-04-27T07:38:51","guid":{"rendered":"https:\/\/acronoticias.com\/index.php\/2026\/04\/27\/abinader-dispone-estudios-urgentes-para-ampliar-a-cuatro-carriles-la-autopista-ramon-caceres\/"},"modified":"2026-04-27T07:38:51","modified_gmt":"2026-04-27T07:38:51","slug":"abinader-dispone-estudios-urgentes-para-ampliar-a-cuatro-carriles-la-autopista-ramon-caceres","status":"publish","type":"post","link":"https:\/\/acronoticias.com\/index.php\/2026\/04\/27\/abinader-dispone-estudios-urgentes-para-ampliar-a-cuatro-carriles-la-autopista-ramon-caceres\/","title":{"rendered":"Abinader dispone estudios urgentes para ampliar a cuatro carriles la Autopista Ram\u00f3n C\u00e1ceres"},"content":{"rendered":"<div data-td-block-uid=\"tdi_100\">\n<div class=\"tdb-block-inner td-fix-index\">\n<p><strong>SANTO DOMINGO.- <\/strong>El <strong>presidente Luis Abinader <\/strong>instruy\u00f3 al Ministerio de Obras P\u00fablicas iniciar de manera urgente los estudios t\u00e9cnicos para la ampliaci\u00f3n a cuatro carriles de la<strong> Autopista Ram\u00f3n C\u00e1ceres,<\/strong> una v\u00eda clave que conecta <strong>Moca<\/strong> con la autopista Duarte.<\/p>\n<p>La obra busca mejorar la seguridad vial, reducir los tiempos de desplazamiento y dinamizar la actividad econ\u00f3mica en la provincia Espaillat y la regi\u00f3n Norte, inform\u00f3 la Presidencia en un comunicado.<\/p>\n<p>La intervenci\u00f3n forma parte de un plan integral de desarrollo urbano que incluye adem\u00e1s la construcci\u00f3n de la carretera Monte de la Jagua, que enlazar\u00e1 con el Aeropuerto Internacional del Cibao, as\u00ed como una circunvalaci\u00f3n que conectar\u00e1 Estancia Nueva con Guauc\u00ed, fortaleciendo la comunicaci\u00f3n con localidades como San Francisco de Macor\u00eds, Tenares, Salcedo y Santiago, en un impulso a la competitividad y crecimiento log\u00edstico de esta zona agropecuaria.<\/p>\n<p>La decisi\u00f3n fue adoptada tras una solicitud del ministro Administrativo de la Presidencia, Andr\u00e9s Bautista Garc\u00eda, al mandatario, indica el comunicado.<\/p>\n<\/div>\n<\/div>\n","protected":false},"excerpt":{"rendered":"<p>SANTO DOMINGO.- El presidente Luis Abinader instruy\u00f3 al Ministerio de Obras P\u00fablicas iniciar de manera urgente los estudios t\u00e9cnicos para la ampliaci\u00f3n a cuatro carriles de la Autopista Ram\u00f3n C\u00e1ceres, una v\u00eda clave que conecta Moca con la autopista Duarte. La obra busca mejorar la seguridad vial, reducir los tiempos de desplazamiento y dinamizar la<\/p>\n","protected":false},"author":1,"featured_media":37349,"comment_status":"open","ping_status":"open","sticky":false,"template":"","format":"standard","meta":{"footnotes":""},"categories":[1],"tags":[],"class_list":["post-37348","post","type-post","status-publish","format-standard","has-post-thumbnail","hentry","category-nacionales"],"_links":{"self":[{"href":"https:\/\/acronoticias.com\/index.php\/wp-json\/wp\/v2\/posts\/37348","targetHints":{"allow":["GET"]}}],"collection":[{"href":"https:\/\/acronoticias.com\/index.php\/wp-json\/wp\/v2\/posts"}],"about":[{"href":"https:\/\/acronoticias.com\/index.php\/wp-json\/wp\/v2\/types\/post"}],"author":[{"embeddable":true,"href":"https:\/\/acronoticias.com\/index.php\/wp-json\/wp\/v2\/users\/1"}],"replies":[{"embeddable":true,"href":"https:\/\/acronoticias.com\/index.php\/wp-json\/wp\/v2\/comments?post=37348"}],"version-history":[{"count":0,"href":"https:\/\/acronoticias.com\/index.php\/wp-json\/wp\/v2\/posts\/37348\/revisions"}],"wp:featuredmedia":[{"embeddable":true,"href":"https:\/\/acronoticias.com\/index.php\/wp-json\/wp\/v2\/media\/37349"}],"wp:attachment":[{"href":"https:\/\/acronoticias.com\/index.php\/wp-json\/wp\/v2\/media?parent=37348"}],"wp:term":[{"taxonomy":"category","embeddable":true,"href":"https:\/\/acronoticias.com\/index.php\/wp-json\/wp\/v2\/categories?post=37348"},{"taxonomy":"post_tag","embeddable":true,"href":"https:\/\/acronoticias.com\/index.php\/wp-json\/wp\/v2\/tags?post=37348"}],"curies":[{"name":"wp","href":"https:\/\/api.w.org\/{rel}","templated":true}]}}