{"id":37346,"date":"2026-04-27T07:22:44","date_gmt":"2026-04-27T07:22:44","guid":{"rendered":"https:\/\/acronoticias.com\/index.php\/2026\/04\/27\/exprocurador-jean-alain-rodriguez-regresa-a-rd-desde-madrid-a-donde-viajo-por-motivos-de-salud\/"},"modified":"2026-04-27T07:22:44","modified_gmt":"2026-04-27T07:22:44","slug":"exprocurador-jean-alain-rodriguez-regresa-a-rd-desde-madrid-a-donde-viajo-por-motivos-de-salud","status":"publish","type":"post","link":"https:\/\/acronoticias.com\/index.php\/2026\/04\/27\/exprocurador-jean-alain-rodriguez-regresa-a-rd-desde-madrid-a-donde-viajo-por-motivos-de-salud\/","title":{"rendered":"Exprocurador Jean Alain Rodr\u00edguez regresa a RD desde Madrid a donde viaj\u00f3 por motivos de salud"},"content":{"rendered":"<div data-td-block-uid=\"tdi_100\">\n<div class=\"tdb-block-inner td-fix-index\">\n<p><strong>SANTO DOMINGO.- <\/strong>El <strong>exprocurador general de la Rep\u00fablica, Jean Alain Rodr\u00edguez<\/strong>, regres\u00f3 la noche de este s\u00e1bado a la Rep\u00fablica Dominicana, luego de viajar a Madrid, Espa\u00f1a, por motivos de salud, cumpliendo as\u00ed con el plazo establecido por el <strong>Segundo Tribunal Colegiado del Distrito Nacional,<\/strong> que hab\u00eda autorizado su salida de manera temporal. <\/p>\n<p>Seg\u00fan informaciones, el exfuncionario arrib\u00f3 a las <strong>8:25 de la noche a bordo del vuelo IB0263 de la aerol\u00ednea Iberia, procedente del Aeropuerto Adolfo Su\u00e1rez Madrid-Barajas<\/strong>. El permiso venc<strong>\u00ed<\/strong>a este domingo 26 de abril.<\/p>\n<p>El permiso de salida fue otorgado mediante la resoluci\u00f3n 249-04-2026-SRES-00016, la cual levant\u00f3 de forma provisional el impedimento de salida del pa\u00eds que pesa sobre Rodr\u00edguez, permiti\u00e9ndole realizarse estudios m\u00e9dicos en el extranjero, seg\u00fan la decisi\u00f3n del tribunal presidido por la magistrada Claribel Nivar e integrado por las juezas Clara Castillo y Jisell Soto.<\/p>\n<p>\u00a0El tribunal destac\u00f3 el\u00a0<strong>comportamiento procesal del imputado<\/strong>, quien, seg\u00fan indica, no ha faltado a ninguna audiencia ni ha incurrido en dilaciones durante los casi\u00a0<strong>seis a\u00f1os\u00a0<\/strong>que lleva el proceso.<\/p>\n<\/div>\n<\/div>\n","protected":false},"excerpt":{"rendered":"<p>SANTO DOMINGO.- El exprocurador general de la Rep\u00fablica, Jean Alain Rodr\u00edguez, regres\u00f3 la noche de este s\u00e1bado a la Rep\u00fablica Dominicana, luego de viajar a Madrid, Espa\u00f1a, por motivos de salud, cumpliendo as\u00ed con el plazo establecido por el Segundo Tribunal Colegiado del Distrito Nacional, que hab\u00eda autorizado su salida de manera temporal. Seg\u00fan informaciones,<\/p>\n","protected":false},"author":1,"featured_media":37347,"comment_status":"open","ping_status":"open","sticky":false,"template":"","format":"standard","meta":{"footnotes":""},"categories":[1],"tags":[],"class_list":["post-37346","post","type-post","status-publish","format-standard","has-post-thumbnail","hentry","category-nacionales"],"_links":{"self":[{"href":"https:\/\/acronoticias.com\/index.php\/wp-json\/wp\/v2\/posts\/37346","targetHints":{"allow":["GET"]}}],"collection":[{"href":"https:\/\/acronoticias.com\/index.php\/wp-json\/wp\/v2\/posts"}],"about":[{"href":"https:\/\/acronoticias.com\/index.php\/wp-json\/wp\/v2\/types\/post"}],"author":[{"embeddable":true,"href":"https:\/\/acronoticias.com\/index.php\/wp-json\/wp\/v2\/users\/1"}],"replies":[{"embeddable":true,"href":"https:\/\/acronoticias.com\/index.php\/wp-json\/wp\/v2\/comments?post=37346"}],"version-history":[{"count":0,"href":"https:\/\/acronoticias.com\/index.php\/wp-json\/wp\/v2\/posts\/37346\/revisions"}],"wp:featuredmedia":[{"embeddable":true,"href":"https:\/\/acronoticias.com\/index.php\/wp-json\/wp\/v2\/media\/37347"}],"wp:attachment":[{"href":"https:\/\/acronoticias.com\/index.php\/wp-json\/wp\/v2\/media?parent=37346"}],"wp:term":[{"taxonomy":"category","embeddable":true,"href":"https:\/\/acronoticias.com\/index.php\/wp-json\/wp\/v2\/categories?post=37346"},{"taxonomy":"post_tag","embeddable":true,"href":"https:\/\/acronoticias.com\/index.php\/wp-json\/wp\/v2\/tags?post=37346"}],"curies":[{"name":"wp","href":"https:\/\/api.w.org\/{rel}","templated":true}]}}