{"id":37338,"date":"2026-04-27T06:50:41","date_gmt":"2026-04-27T06:50:41","guid":{"rendered":"https:\/\/acronoticias.com\/index.php\/2026\/04\/27\/se-suicida-en-la-carcel-el-exteniente-coronel-hans-lluberes-condenado-hace-poco-a-30-anos-por-narcotrafico\/"},"modified":"2026-04-27T06:50:41","modified_gmt":"2026-04-27T06:50:41","slug":"se-suicida-en-la-carcel-el-exteniente-coronel-hans-lluberes-condenado-hace-poco-a-30-anos-por-narcotrafico","status":"publish","type":"post","link":"https:\/\/acronoticias.com\/index.php\/2026\/04\/27\/se-suicida-en-la-carcel-el-exteniente-coronel-hans-lluberes-condenado-hace-poco-a-30-anos-por-narcotrafico\/","title":{"rendered":"Se suicida en la c\u00e1rcel el exteniente coronel Hans Lluberes, condenado hace poco a 30 a\u00f1os por narcotr\u00e1fico"},"content":{"rendered":"<div>\n<p><strong>SANTO DOMINGO.- <\/strong>El <strong>exteniente coronel de la Polic\u00eda, Hans Wender Lluberes S\u00e1nchez,<\/strong> quien hab\u00eda sido condenado a 30 a\u00f1os de prisi\u00f3n por narcotr\u00e1fico, falleci\u00f3 la noche del s\u00e1bado tras quitarse la vida en la c\u00e1rcel de San Luis, en Santo Domingo Este, donde aguardaba para ser trasladado a Najayo Hombres, en San Crist\u00f3bal, para cumplir la condena.<\/p>\n<p>Seg\u00fan las informaciones, el exoficial habr<strong>\u00ed<\/strong>a usado una sabana alrededor de las 9:00 de la noche y aunque fue trasladado a un centro de salud en El Almirante, muri\u00f3 en el proceso.<\/p>\n<p>El deceso se produjo d\u00edas despu\u00e9s de que el <strong>Segundo Tribunal Colegiado de Santo Domingo Este <\/strong>lo condenara a la pena m\u00e1xima, junto al pago de una multa de RD$50 millones, por encabezar una red internacional de narcotr\u00e1fico responsable de introducir al pa\u00eds m\u00e1s de 454 kilogramos de coca\u00edna en 2015, decomisados en el Aeropuerto Internacional de las Am\u00e9ricas .<\/p>\n<p>De acuerdo con el expediente del Ministerio P\u00fablico, el exoficial coordinaba una estructura integrada por dominicanos y venezolanos y se encontraba en las afueras de la terminal a\u00e9rea al momento del operativo para realizar pagos vinculados a la operaci\u00f3n, logrando huir inicialmente antes de ser capturado posteriormente, mientras que otros implicados en el caso recibieron condenas de hasta 30 a\u00f1os de prisi\u00f3n por violaciones a las leyes sobre drogas y armas en el pa\u00eds .<\/p>\n<p>Al momento de su muerte, Lluberes S\u00e1nchez permanec\u00eda recluido a la espera de ser trasladado al Centro de Correcci\u00f3n y Rehabilitaci\u00f3n Najayo, en San Crist\u00f3bal, donde cumplir\u00eda la condena impuesta por la justicia.<\/p>\n<p id=\"m26505-26504-26506\">De acuerdo con datos de la Procuraduria General, la investigaci\u00f3n determin\u00f3 que el exoficial coordinaba una estructura criminal integrada por dominicanos y venezolanos. Los hechos se remontan al 17 de marzo de 2015, cuando las autoridades interceptaron en el Aeropuerto Internacional de las Am\u00e9ricas (AILA) una aeronave procedente de Venezuela con 450 paquetes de droga.<\/p>\n<p id=\"m26510-26509-26511\">Seg\u00fan el expediente del Ministerio P\u00fablico, Lluberes S\u00e1nchez se encontraba en las afueras de la terminal a\u00e9rea el d\u00eda del operativo para efectuar los pagos a los colaboradores de la operaci\u00f3n. Al percatarse de la intervenci\u00f3n de la DNCD, emprendi\u00f3 la huida, siendo capturado posteriormente en el Aeropuerto de Punta Cana.<\/p>\n<p id=\"m26515-26514-26516\"><strong>Otros condenados en la red<\/strong><\/p>\n<p id=\"m26520-26519-26521\">Por este caso, la aeronave era pilotada por los venezolanos Edmundo Jos\u00e9 Medina Torrealba y Francisco Javier Velasco Tory, quienes tambi\u00e9n recibieron condenas de 30 a\u00f1os. Otros tres ciudadanos venezolanos que figuraban como pasajeros fueron sentenciados a cinco a\u00f1os de c\u00e1rcel cada uno.<\/p>\n<p id=\"m26525-26524-26526\">Previamente, en 2019, el caso sum\u00f3 otras condenas 20 a\u00f1os de prisi\u00f3n: Para el exsegundo teniente del Ej\u00e9rcito, Jes\u00fas El\u00edas P\u00e9rez V\u00e1squez; el excapit\u00e1n Roberto Segura Pe\u00f1a; y el exagente de la DNCD, Jos\u00e9 Luciano.<\/p>\n<p id=\"m26530-26529-26531\">18 a\u00f1os de prisi\u00f3n: Para Francisco Javier de Paula Mena, empleado de la empresa SERVAIR.<\/p>\n<p id=\"m26535-26534-26536\">El grupo fue hallado culpable de violar la Ley 50-88 sobre Drogas y Sustancias Controladas, as\u00ed como la Ley 631-16 para el Control y Regulaci\u00f3n de Armas.<\/p>\n<\/div>\n","protected":false},"excerpt":{"rendered":"<p>SANTO DOMINGO.- El exteniente coronel de la Polic\u00eda, Hans Wender Lluberes S\u00e1nchez, quien hab\u00eda sido condenado a 30 a\u00f1os de prisi\u00f3n por narcotr\u00e1fico, falleci\u00f3 la noche del s\u00e1bado tras quitarse la vida en la c\u00e1rcel de San Luis, en Santo Domingo Este, donde aguardaba para ser trasladado a Najayo Hombres, en San Crist\u00f3bal, para cumplir<\/p>\n","protected":false},"author":1,"featured_media":37339,"comment_status":"open","ping_status":"open","sticky":false,"template":"","format":"standard","meta":{"footnotes":""},"categories":[1],"tags":[],"class_list":["post-37338","post","type-post","status-publish","format-standard","has-post-thumbnail","hentry","category-nacionales"],"_links":{"self":[{"href":"https:\/\/acronoticias.com\/index.php\/wp-json\/wp\/v2\/posts\/37338","targetHints":{"allow":["GET"]}}],"collection":[{"href":"https:\/\/acronoticias.com\/index.php\/wp-json\/wp\/v2\/posts"}],"about":[{"href":"https:\/\/acronoticias.com\/index.php\/wp-json\/wp\/v2\/types\/post"}],"author":[{"embeddable":true,"href":"https:\/\/acronoticias.com\/index.php\/wp-json\/wp\/v2\/users\/1"}],"replies":[{"embeddable":true,"href":"https:\/\/acronoticias.com\/index.php\/wp-json\/wp\/v2\/comments?post=37338"}],"version-history":[{"count":0,"href":"https:\/\/acronoticias.com\/index.php\/wp-json\/wp\/v2\/posts\/37338\/revisions"}],"wp:featuredmedia":[{"embeddable":true,"href":"https:\/\/acronoticias.com\/index.php\/wp-json\/wp\/v2\/media\/37339"}],"wp:attachment":[{"href":"https:\/\/acronoticias.com\/index.php\/wp-json\/wp\/v2\/media?parent=37338"}],"wp:term":[{"taxonomy":"category","embeddable":true,"href":"https:\/\/acronoticias.com\/index.php\/wp-json\/wp\/v2\/categories?post=37338"},{"taxonomy":"post_tag","embeddable":true,"href":"https:\/\/acronoticias.com\/index.php\/wp-json\/wp\/v2\/tags?post=37338"}],"curies":[{"name":"wp","href":"https:\/\/api.w.org\/{rel}","templated":true}]}}