{"id":37336,"date":"2026-04-27T06:34:44","date_gmt":"2026-04-27T06:34:44","guid":{"rendered":"https:\/\/acronoticias.com\/index.php\/2026\/04\/27\/canciller-espanol-albares-visita-rd-para-reforzar-cooperacion-y-preparar-cumbre-iberoamericana\/"},"modified":"2026-04-27T06:34:44","modified_gmt":"2026-04-27T06:34:44","slug":"canciller-espanol-albares-visita-rd-para-reforzar-cooperacion-y-preparar-cumbre-iberoamericana","status":"publish","type":"post","link":"https:\/\/acronoticias.com\/index.php\/2026\/04\/27\/canciller-espanol-albares-visita-rd-para-reforzar-cooperacion-y-preparar-cumbre-iberoamericana\/","title":{"rendered":"Canciller espa\u00f1ol Albares visita RD para reforzar cooperaci\u00f3n y preparar Cumbre Iberoamericana"},"content":{"rendered":"<div data-td-block-uid=\"tdi_100\">\n<div class=\"tdb-block-inner td-fix-index\">\n<p><strong>SANTO DOMINGO.<\/strong>\u2013 El ministro de Asuntos Exteriores del Reino de Espa\u00f1a, Jos\u00e9 Manuel Albares, realizar\u00e1 este martes 28 de abril una visita oficial a Rep\u00fablica Dominicana, donde ser\u00e1 recibido por el canciller Roberto \u00c1lvarez en la sede del Ministerio de Relaciones Exteriores.\u00a0<\/p>\n<p>La agenda contempla saludos protocolares, reuni\u00f3n de trabajo y conferencia de prensa conjunta, en un encuentro que da seguimiento a los compromisos asumidos en Madrid en mayo de 2025. En esa ocasi\u00f3n ambos pa\u00edses firmaron el Marco de Asociaci\u00f3n para el Desarrollo Sostenible 2025-2029, con una inversi\u00f3n de US$123 millones en cooperaci\u00f3n, de los cuales US$40 millones son no reembolsables.\u00a0<\/p>\n<p>Albares estar\u00e1 acompa\u00f1ado por la secretaria de Estado para Iberoam\u00e9rica y el Caribe, Susana Sumelzo, y la embajadora de Espa\u00f1a en Rep\u00fablica Dominicana, Lorea Arribalzaga, junto a otros funcionarios de su delegaci\u00f3n.\u00a0<\/p>\n<p>La visita se enmarca en la preparaci\u00f3n de la XXX Cumbre Iberoamericana, prevista para noviembre de 2026 en Madrid, y reafirma la relaci\u00f3n diplom\u00e1tica entre ambos pa\u00edses, con \u00e9nfasis en seguridad, educaci\u00f3n, cultura y lucha contra la violencia de g\u00e9nero.\u00a0<\/p>\n<\/div>\n<\/div>\n","protected":false},"excerpt":{"rendered":"<p>SANTO DOMINGO.\u2013 El ministro de Asuntos Exteriores del Reino de Espa\u00f1a, Jos\u00e9 Manuel Albares, realizar\u00e1 este martes 28 de abril una visita oficial a Rep\u00fablica Dominicana, donde ser\u00e1 recibido por el canciller Roberto \u00c1lvarez en la sede del Ministerio de Relaciones Exteriores.\u00a0 La agenda contempla saludos protocolares, reuni\u00f3n de trabajo y conferencia de prensa conjunta,<\/p>\n","protected":false},"author":1,"featured_media":37337,"comment_status":"open","ping_status":"open","sticky":false,"template":"","format":"standard","meta":{"footnotes":""},"categories":[1],"tags":[],"class_list":["post-37336","post","type-post","status-publish","format-standard","has-post-thumbnail","hentry","category-nacionales"],"_links":{"self":[{"href":"https:\/\/acronoticias.com\/index.php\/wp-json\/wp\/v2\/posts\/37336","targetHints":{"allow":["GET"]}}],"collection":[{"href":"https:\/\/acronoticias.com\/index.php\/wp-json\/wp\/v2\/posts"}],"about":[{"href":"https:\/\/acronoticias.com\/index.php\/wp-json\/wp\/v2\/types\/post"}],"author":[{"embeddable":true,"href":"https:\/\/acronoticias.com\/index.php\/wp-json\/wp\/v2\/users\/1"}],"replies":[{"embeddable":true,"href":"https:\/\/acronoticias.com\/index.php\/wp-json\/wp\/v2\/comments?post=37336"}],"version-history":[{"count":0,"href":"https:\/\/acronoticias.com\/index.php\/wp-json\/wp\/v2\/posts\/37336\/revisions"}],"wp:featuredmedia":[{"embeddable":true,"href":"https:\/\/acronoticias.com\/index.php\/wp-json\/wp\/v2\/media\/37337"}],"wp:attachment":[{"href":"https:\/\/acronoticias.com\/index.php\/wp-json\/wp\/v2\/media?parent=37336"}],"wp:term":[{"taxonomy":"category","embeddable":true,"href":"https:\/\/acronoticias.com\/index.php\/wp-json\/wp\/v2\/categories?post=37336"},{"taxonomy":"post_tag","embeddable":true,"href":"https:\/\/acronoticias.com\/index.php\/wp-json\/wp\/v2\/tags?post=37336"}],"curies":[{"name":"wp","href":"https:\/\/api.w.org\/{rel}","templated":true}]}}