{"id":37334,"date":"2026-04-27T06:18:55","date_gmt":"2026-04-27T06:18:55","guid":{"rendered":"https:\/\/acronoticias.com\/index.php\/2026\/04\/27\/abinader-inaugura-circuito-vial-bajo-yuna-y-conecta-comunidades-del-nordeste-con-49-km-de-carreteras\/"},"modified":"2026-04-27T06:18:55","modified_gmt":"2026-04-27T06:18:55","slug":"abinader-inaugura-circuito-vial-bajo-yuna-y-conecta-comunidades-del-nordeste-con-49-km-de-carreteras","status":"publish","type":"post","link":"https:\/\/acronoticias.com\/index.php\/2026\/04\/27\/abinader-inaugura-circuito-vial-bajo-yuna-y-conecta-comunidades-del-nordeste-con-49-km-de-carreteras\/","title":{"rendered":"Abinader inaugura Circuito Vial Bajo Yuna y conecta comunidades del Nordeste con 49 km de carreteras"},"content":{"rendered":"<div data-td-block-uid=\"tdi_100\">\n<div class=\"tdb-block-inner td-fix-index\">\n<p><strong>DUARTE.<\/strong>\u2013 El presidente Luis Abinader entreg\u00f3 este domingo el Circuito Vial Bajo Yuna, una obra de 49.2 kil\u00f3metros que enlaza las provincias Duarte y Mar\u00eda Trinidad S\u00e1nchez, transformando la movilidad de comunidades hist\u00f3ricamente aisladas y beneficiando de manera directa a m\u00e1s de 20 mil personas y de forma indirecta a m\u00e1s de 30 mil.<\/p>\n<p>El circuito, construido por el Ministerio de Obras P\u00fablicas y Comunicaciones, incluye 42.8 km de carreteras principales y 6.2 km de v\u00edas internas, conectando localidades como La Reforma, Las Coles, La Jagua, El Jobo, Jobo Afuera, Molenillo y La Garza con la Autopista Juan Pablo Segundo y la carretera Nagua\u2013Saman\u00e1.<\/p>\n<p>Durante el acto, Abinader reiter\u00f3 que \u201cnunca antes se hab\u00edan construido tantas carreteras como ahora\u201d, citando proyectos en ejecuci\u00f3n como la v\u00eda que unir\u00e1 Las Gu\u00e1ranas con Pimentel. El mandatario asegur\u00f3 que adem\u00e1s de la infraestructura vial, dar\u00e1 respuesta a otras necesidades de la zona como funeraria, cementerio y m\u00e1s asfaltados.<\/p>\n<p>El ministro Eduardo Estrella destac\u00f3 que la obra llega en un momento clave para la producci\u00f3n de arroz, eliminando trabas en su transporte y fortaleciendo el intercambio comercial de rubros como arroz y cacao.<\/p>\n<p>El senador Franklin Romero subray\u00f3 que el Bajo Yuna es una de las zonas agroproductivas m\u00e1s importantes del pa\u00eds y que esta v\u00eda reduce costos log\u00edsticos, disminuye p\u00e9rdidas postcosecha y aumenta la competitividad de los productores.<\/p>\n<p>La obra incorpora soluciones de drenaje y dise\u00f1o para garantizar la transitabilidad en una zona vulnerable a inundaciones, aline\u00e1ndose con la visi\u00f3n del Gobierno de construir infraestructuras resilientes frente al cambio clim\u00e1tico.<\/p>\n<p>En el acto participaron el senador por Mar\u00eda Trinidad S\u00e1nchez, Alexis Victoria Yeb; las gobernadoras Ana Xiomara Cort\u00e9s y Mar\u00eda L\u00f3pez; y el director del INDRHI, Olmedo Caba.<\/p>\n<\/div>\n<\/div>\n","protected":false},"excerpt":{"rendered":"<p>DUARTE.\u2013 El presidente Luis Abinader entreg\u00f3 este domingo el Circuito Vial Bajo Yuna, una obra de 49.2 kil\u00f3metros que enlaza las provincias Duarte y Mar\u00eda Trinidad S\u00e1nchez, transformando la movilidad de comunidades hist\u00f3ricamente aisladas y beneficiando de manera directa a m\u00e1s de 20 mil personas y de forma indirecta a m\u00e1s de 30 mil. El<\/p>\n","protected":false},"author":1,"featured_media":37335,"comment_status":"open","ping_status":"open","sticky":false,"template":"","format":"standard","meta":{"footnotes":""},"categories":[1],"tags":[],"class_list":["post-37334","post","type-post","status-publish","format-standard","has-post-thumbnail","hentry","category-nacionales"],"_links":{"self":[{"href":"https:\/\/acronoticias.com\/index.php\/wp-json\/wp\/v2\/posts\/37334","targetHints":{"allow":["GET"]}}],"collection":[{"href":"https:\/\/acronoticias.com\/index.php\/wp-json\/wp\/v2\/posts"}],"about":[{"href":"https:\/\/acronoticias.com\/index.php\/wp-json\/wp\/v2\/types\/post"}],"author":[{"embeddable":true,"href":"https:\/\/acronoticias.com\/index.php\/wp-json\/wp\/v2\/users\/1"}],"replies":[{"embeddable":true,"href":"https:\/\/acronoticias.com\/index.php\/wp-json\/wp\/v2\/comments?post=37334"}],"version-history":[{"count":0,"href":"https:\/\/acronoticias.com\/index.php\/wp-json\/wp\/v2\/posts\/37334\/revisions"}],"wp:featuredmedia":[{"embeddable":true,"href":"https:\/\/acronoticias.com\/index.php\/wp-json\/wp\/v2\/media\/37335"}],"wp:attachment":[{"href":"https:\/\/acronoticias.com\/index.php\/wp-json\/wp\/v2\/media?parent=37334"}],"wp:term":[{"taxonomy":"category","embeddable":true,"href":"https:\/\/acronoticias.com\/index.php\/wp-json\/wp\/v2\/categories?post=37334"},{"taxonomy":"post_tag","embeddable":true,"href":"https:\/\/acronoticias.com\/index.php\/wp-json\/wp\/v2\/tags?post=37334"}],"curies":[{"name":"wp","href":"https:\/\/api.w.org\/{rel}","templated":true}]}}