{"id":37320,"date":"2026-04-27T05:09:34","date_gmt":"2026-04-27T05:09:34","guid":{"rendered":"https:\/\/acronoticias.com\/index.php\/2026\/04\/27\/chad-tracy-un-viejo-conocido-es-el-manager-interino-de-los-medias-rojas\/"},"modified":"2026-04-27T05:09:34","modified_gmt":"2026-04-27T05:09:34","slug":"chad-tracy-un-viejo-conocido-es-el-manager-interino-de-los-medias-rojas","status":"publish","type":"post","link":"https:\/\/acronoticias.com\/index.php\/2026\/04\/27\/chad-tracy-un-viejo-conocido-es-el-manager-interino-de-los-medias-rojas\/","title":{"rendered":"Chad Tracy, un viejo conocido es el manager interino de los Medias Rojas"},"content":{"rendered":"<p><img decoding=\"async\" width=\"355\" height=\"200\" src=\"https:\/\/nuevodiario-assets.s3.us-east-2.amazonaws.com\/wp-content\/uploads\/2026\/04\/Chad-Tracy-nuevo-dirigente-de-los-Medias-Rojas-355x200.jpg\" class=\"webfeedsFeaturedVisual not-transparent wp-post-image\" alt=\"\" style=\"--dominant-color: #97979e;margin-bottom: 5px;clear:both;max-width: 100%\" loading=\"lazy\" data-has-transparency=\"false\" data-dominant-color=\"97979e\" \/><\/p>\n<p>EL NUEVO DIARIO, BALTIMORE &#8212; En medio del caos por un cambio repentino de manager y una sacudida en el cuerpo de coaches, lleg\u00f3 la voz tranquila y la cara conocida de Chad Tracy.<\/p>\n<p>En Tracy, los Medias Rojas podr\u00edan haber encontrado al dirigente interino ideal para reemplazar al puertorrique\u00f1o Alex Cora, cuya etapa de 1,161 juegos termin\u00f3 tras una\u00a0sorpresiva reuni\u00f3n la noche del s\u00e1bado\u00a0en el hotel del equipo con el propietario John Henry, el presidente\/CEO Sam Kennedy y el jefe de operaciones de b\u00e9isbol Craig Breslow.<\/p>\n<p>Mientras Cora y seis miembros de su cuerpo de instructores se preparaban para salir de Baltimore el s\u00e1bado por la noche, Tracy viajaba hacia el sur desde Triple-A Worcester, equipo que dirig\u00eda desde el 2022.<\/p>\n<p>Durante esas m\u00e1s de cuatro temporadas, Tracy dirigi\u00f3 a jugadores como Roman Anthony, Marcelo Mayer, Wilyer Abreu, Ceddanne Rafaela y Jarren Dur\u00e1n. En asignaciones de rehabilitaci\u00f3n en Ligas Menores, tambi\u00e9n trabaj\u00f3 con Trevor Story y Garrett Whitlock. Adem\u00e1s, Tracy hab\u00eda sido una presencia constante en los Entrenamientos Primaverales de Grandes Ligas durante los \u00faltimos cinco a\u00f1os<\/p>\n<p>\u201cChad ha estado en la organizaci\u00f3n por un tiempo\u201d, dijo Breslow. \u201cHa dirigido en el nivel m\u00e1s alto de nuestro sistema de Ligas Menores y est\u00e1 familiarizado, adem\u00e1s de tener relaciones importantes, con la mayor\u00eda de nuestro roster, dado lo joven que es. Ha demostrado la capacidad de sacar lo mejor de ese grupo\u201d.<\/p>\n<p>En una situaci\u00f3n imperfecta, Tracy representaba la opci\u00f3n perfecta.<\/p>\n<p>\u201cCreo que cuando est\u00e1s familiarizado con alguien en un momento como este ayuda, y alguien como Trace entra, es excelente en lo que hace\u201d, dijo Anthony. \u201cCreo que hay una raz\u00f3n por la que todos los que pasan por Triple-A y est\u00e1n con \u00e9l en Worcester lo quieren, y sabemos que nos respaldar\u00e1 y har\u00e1 todo lo posible en un momento dif\u00edcil. No lo esper\u00e1bamos, pero ahora hay que adaptarse y superarlo, y Trace ser\u00e1 genial\u201d.<\/p>\n<p>\u201cCreemos que Chad es la persona indicada para manejar esta transici\u00f3n y vamos a poner todo nuestro esfuerzo en apoyarlo para que lo haga\u201d, dijo Breslow. \u201cY veremos a d\u00f3nde nos lleva\u201d.<\/p>\n<p>A sus 40 a\u00f1os, Tracy representa la juventud que necesita un equipo joven, pero tambi\u00e9n cuenta con a\u00f1os de conocimiento del b\u00e9isbol gracias a ser hijo de un exmanager de Grandes Ligas.<\/p>\n<p>S\u00ed, Chad Tracy es hijo de Jim. Jim dirigi\u00f3 en Grandes Ligas durante 11 temporadas, comenzando con los Dodgers en 2001, cuando Cora era jugador en su roster, y tambi\u00e9n tuvo etapas con los Piratas de Pittsburgh (2006-07) y los Rockies de Colorado (2009-12).<\/p>\n<p>De hecho, Jim lleg\u00f3 al Camden Yards el domingo para ver a su hijo dirigir su primer juego en Grandes Ligas. Aunque Chad necesita un coach de banca, brome\u00f3 diciendo que su padre no ocupar\u00e1 ese puesto.<\/p>\n<p>\u201cMe he apoyado en \u00e9l toda mi vida\u201d, dijo Chad Tracy. \u201cY en mi mam\u00e1. Ella es la fuerza que da estabilidad. Y mi pap\u00e1, desde siempre, hemos hablado de situaciones. Yo ten\u00eda 13 a\u00f1os cuando \u00e9l empez\u00f3 en esto. Habl\u00e1bamos de b\u00e9isbol despu\u00e9s de los juegos, de lo que \u00e9l viv\u00eda, y estoy seguro de que eso no cambiar\u00e1. Estar\u00e1 ah\u00ed para apoyarme si lo necesito\u201d.<\/p>\n<p>La entrada <a href=\"https:\/\/elnuevodiario.com.do\/chad-tracy-un-viejo-conocido-es-el-manager-interino-de-los-medias-rojas\/\">Chad Tracy, un viejo conocido es el manager interino de los Medias Rojas<\/a> se public\u00f3 primero en <a href=\"https:\/\/elnuevodiario.com.do\">El Nuevo Diario (Rep\u00fablica Dominicana)<\/a>.<\/p>\n","protected":false},"excerpt":{"rendered":"<p>EL NUEVO DIARIO, BALTIMORE &#8212; En medio del caos por un cambio repentino de manager y una sacudida en el cuerpo de coaches, lleg\u00f3 la voz tranquila y la cara conocida de Chad Tracy. En Tracy, los Medias Rojas podr\u00edan haber encontrado al dirigente interino ideal para reemplazar al puertorrique\u00f1o Alex Cora, cuya etapa de<\/p>\n","protected":false},"author":1,"featured_media":37321,"comment_status":"open","ping_status":"open","sticky":false,"template":"","format":"standard","meta":{"footnotes":""},"categories":[2],"tags":[],"class_list":["post-37320","post","type-post","status-publish","format-standard","has-post-thumbnail","hentry","category-deporte"],"_links":{"self":[{"href":"https:\/\/acronoticias.com\/index.php\/wp-json\/wp\/v2\/posts\/37320","targetHints":{"allow":["GET"]}}],"collection":[{"href":"https:\/\/acronoticias.com\/index.php\/wp-json\/wp\/v2\/posts"}],"about":[{"href":"https:\/\/acronoticias.com\/index.php\/wp-json\/wp\/v2\/types\/post"}],"author":[{"embeddable":true,"href":"https:\/\/acronoticias.com\/index.php\/wp-json\/wp\/v2\/users\/1"}],"replies":[{"embeddable":true,"href":"https:\/\/acronoticias.com\/index.php\/wp-json\/wp\/v2\/comments?post=37320"}],"version-history":[{"count":0,"href":"https:\/\/acronoticias.com\/index.php\/wp-json\/wp\/v2\/posts\/37320\/revisions"}],"wp:featuredmedia":[{"embeddable":true,"href":"https:\/\/acronoticias.com\/index.php\/wp-json\/wp\/v2\/media\/37321"}],"wp:attachment":[{"href":"https:\/\/acronoticias.com\/index.php\/wp-json\/wp\/v2\/media?parent=37320"}],"wp:term":[{"taxonomy":"category","embeddable":true,"href":"https:\/\/acronoticias.com\/index.php\/wp-json\/wp\/v2\/categories?post=37320"},{"taxonomy":"post_tag","embeddable":true,"href":"https:\/\/acronoticias.com\/index.php\/wp-json\/wp\/v2\/tags?post=37320"}],"curies":[{"name":"wp","href":"https:\/\/api.w.org\/{rel}","templated":true}]}}