{"id":37318,"date":"2026-04-27T04:57:03","date_gmt":"2026-04-27T04:57:03","guid":{"rendered":"https:\/\/acronoticias.com\/index.php\/2026\/04\/27\/minerd-relanza-evaluacion-docente-tras-fallas-tecnicas\/"},"modified":"2026-04-27T04:57:03","modified_gmt":"2026-04-27T04:57:03","slug":"minerd-relanza-evaluacion-docente-tras-fallas-tecnicas","status":"publish","type":"post","link":"https:\/\/acronoticias.com\/index.php\/2026\/04\/27\/minerd-relanza-evaluacion-docente-tras-fallas-tecnicas\/","title":{"rendered":"MINERD relanza evaluaci\u00f3n docente tras fallas t\u00e9cnicas"},"content":{"rendered":"<div data-td-block-uid=\"tdi_100\">\n<div class=\"tdb-block-inner td-fix-index\">\n<p><strong>SANTO DOMINGO.<\/strong>\u2013 El Ministerio de Educaci\u00f3n (MINERD) anunci\u00f3 que la etapa de observaci\u00f3n de clases y planificaci\u00f3n de la Evaluaci\u00f3n de Desempe\u00f1o Docente iniciar\u00e1 el pr\u00f3ximo 30 de abril, luego de que la quinta fase fuera suspendida por fallas en la plataforma digital.<\/p>\n<p>La Comisi\u00f3n Nacional Rectora de la Evaluaci\u00f3n, integrada por el MINERD, la Asociaci\u00f3n Dominicana de Profesores (ADP) y la Asociaci\u00f3n Nacional de Profesionales y T\u00e9cnicos de la Educaci\u00f3n (ANPROTED), explic\u00f3 que los problemas fueron t\u00e9cnicos y ya fueron corregidos. Sin embargo, el gremio magisterial ha cuestionado la improvisaci\u00f3n y exigido mayores garant\u00edas de transparencia.<\/p>\n<p>La evaluaci\u00f3n, que involucra a m\u00e1s de 115,000 maestros, es clave porque define aumentos salariales de hasta 32% para quienes obtengan calificaci\u00f3n de \u201cexcelente\u201d. El colapso del sistema dej\u00f3 dudas sobre la capacidad institucional para manejar un proceso de esta magnitud.<\/p>\n<p>El MINERD asegur\u00f3 que la prueba de rendimiento profesional, suspendida por las fallas, se reprogram\u00f3 para la primera semana de junio, con mejoras t\u00e9cnicas y eliminaci\u00f3n de l\u00edmites de tiempo. Tambi\u00e9n se mantiene la prohibici\u00f3n de dispositivos electr\u00f3nicos durante las pruebas, medida que ha generado opiniones divididas entre los docentes.<\/p>\n<p>La ADP insiste en que el proceso debe garantizar condiciones equitativas y evitar nuevas interrupciones, mientras las autoridades llaman al magisterio a integrarse con normalidad a la nueva fase.<\/p>\n<\/div>\n<\/div>\n","protected":false},"excerpt":{"rendered":"<p>SANTO DOMINGO.\u2013 El Ministerio de Educaci\u00f3n (MINERD) anunci\u00f3 que la etapa de observaci\u00f3n de clases y planificaci\u00f3n de la Evaluaci\u00f3n de Desempe\u00f1o Docente iniciar\u00e1 el pr\u00f3ximo 30 de abril, luego de que la quinta fase fuera suspendida por fallas en la plataforma digital. La Comisi\u00f3n Nacional Rectora de la Evaluaci\u00f3n, integrada por el MINERD, la<\/p>\n","protected":false},"author":1,"featured_media":37319,"comment_status":"open","ping_status":"open","sticky":false,"template":"","format":"standard","meta":{"footnotes":""},"categories":[1],"tags":[],"class_list":["post-37318","post","type-post","status-publish","format-standard","has-post-thumbnail","hentry","category-nacionales"],"_links":{"self":[{"href":"https:\/\/acronoticias.com\/index.php\/wp-json\/wp\/v2\/posts\/37318","targetHints":{"allow":["GET"]}}],"collection":[{"href":"https:\/\/acronoticias.com\/index.php\/wp-json\/wp\/v2\/posts"}],"about":[{"href":"https:\/\/acronoticias.com\/index.php\/wp-json\/wp\/v2\/types\/post"}],"author":[{"embeddable":true,"href":"https:\/\/acronoticias.com\/index.php\/wp-json\/wp\/v2\/users\/1"}],"replies":[{"embeddable":true,"href":"https:\/\/acronoticias.com\/index.php\/wp-json\/wp\/v2\/comments?post=37318"}],"version-history":[{"count":0,"href":"https:\/\/acronoticias.com\/index.php\/wp-json\/wp\/v2\/posts\/37318\/revisions"}],"wp:featuredmedia":[{"embeddable":true,"href":"https:\/\/acronoticias.com\/index.php\/wp-json\/wp\/v2\/media\/37319"}],"wp:attachment":[{"href":"https:\/\/acronoticias.com\/index.php\/wp-json\/wp\/v2\/media?parent=37318"}],"wp:term":[{"taxonomy":"category","embeddable":true,"href":"https:\/\/acronoticias.com\/index.php\/wp-json\/wp\/v2\/categories?post=37318"},{"taxonomy":"post_tag","embeddable":true,"href":"https:\/\/acronoticias.com\/index.php\/wp-json\/wp\/v2\/tags?post=37318"}],"curies":[{"name":"wp","href":"https:\/\/api.w.org\/{rel}","templated":true}]}}