{"id":37300,"date":"2026-04-27T03:18:58","date_gmt":"2026-04-27T03:18:58","guid":{"rendered":"https:\/\/acronoticias.com\/index.php\/2026\/04\/27\/nuevo-liceo-en-copeyito-rio-san-juan-es-inaugurado-por-abinader-tras-14-anos-de-espera\/"},"modified":"2026-04-27T03:18:58","modified_gmt":"2026-04-27T03:18:58","slug":"nuevo-liceo-en-copeyito-rio-san-juan-es-inaugurado-por-abinader-tras-14-anos-de-espera","status":"publish","type":"post","link":"https:\/\/acronoticias.com\/index.php\/2026\/04\/27\/nuevo-liceo-en-copeyito-rio-san-juan-es-inaugurado-por-abinader-tras-14-anos-de-espera\/","title":{"rendered":"Nuevo liceo en Copeyito, R\u00edo San Juan, es inaugurado por Abinader tras 14 a\u00f1os de espera"},"content":{"rendered":"<p><img loading=\"lazy\" decoding=\"async\" width=\"355\" height=\"200\" src=\"https:\/\/nuevodiario-assets.s3.us-east-2.amazonaws.com\/wp-content\/uploads\/2026\/04\/WhatsApp-Image-2026-04-26-at-3.31.36-PM-355x200.jpeg\" class=\"webfeedsFeaturedVisual not-transparent wp-post-image\" alt=\"\" style=\"--dominant-color: #61636d;margin-bottom: 5px;clear:both;max-width: 100%\" data-has-transparency=\"false\" data-dominant-color=\"61636d\" \/><\/p>\n<p>EL NUEVO DIARIO, RIO SAN JUAN. &#8211; En beneficio de m\u00e1s de 280 estudiantes de Copeyito, el presidente Luis Abinader inaugur\u00f3 el liceo que lleva el mismo nombre, el cual hab\u00eda sido anhelado por esta comunidad durante m\u00e1s de una d\u00e9cada.<\/p>\n<p>&nbsp;<\/p>\n<p>A partir de ahora, estudiantes, maestros y personal administrativo podr\u00e1n desempe\u00f1ar sus responsabilidades diarias en espacios f\u00edsicos adecuados para el aprendizaje y la ense\u00f1anza, el crecimiento y un futuro promisorio.<\/p>\n<p>Ubicado en R\u00edo San Juan, provincia Mar\u00eda Trinidad S\u00e1nchez, el Liceo Copeyito refuerza el sistema educativo p\u00fablico nacional con seis aulas, laboratorio de inform\u00e1tica, laboratorio de ciencias, sala de enfermer\u00eda, sal\u00f3n de profesores, cancha mixta, entre otros espacios.<\/p>\n<p>Roberto Herrera, director de Infraestructura Escolar, destac\u00f3 que este centro educativo de nivel medio fue concluido a trav\u00e9s del Plan \u201cAulas 24\/7-365\u201d, puesto en marcha por el Ministerio de Educaci\u00f3n para retomar obras abandonadas, as\u00ed como ampliar y fortalecer la infraestructura escolar, con especial atenci\u00f3n en comunidades que requieren respuestas concretas.<\/p>\n<p>Previo a estas palabras, el p\u00e1rroco Ram\u00f3n Andr\u00e9s Hern\u00e1ndez valor\u00f3 como positiva la gesti\u00f3n de Gobierno del presidente Abinader, destacando que se ha trabajado en favor del bien com\u00fan y el desarrollo del pa\u00eds.<\/p>\n<p><strong>Inauguran escuela en R\u00edo San Juan<\/strong><\/p>\n<p>De manera simult\u00e1nea, en representaci\u00f3n del presidente Luis Abinader, el ministro de Educaci\u00f3n, Luis Miguel De Camps, realiz\u00f3 la inauguraci\u00f3n de la Escuela Primaria Raquel de la Rosa Fa\u00f1a, en la comunidad El Ed\u00e9n, R\u00edo San Juan, tambi\u00e9n esperada por los lugare\u00f1os durante 14 a\u00f1os.<\/p>\n<p>Al igual que el Liceo Copeyito, la terminaci\u00f3n del plantel educativo, iniciado en 2012, se realiz\u00f3 a trav\u00e9s del Plan \u201cAulas 24\/7-365\u201d, instituido por el mandatario.<\/p>\n<p>En la escuela, que impactar\u00e1 a m\u00e1s de 400 alumnos, se realiz\u00f3 una inversi\u00f3n de RD$96,349,342 en sus 17 aulas, biblioteca, cancha deportiva, plaza c\u00edvica y sal\u00f3n multiusos.<\/p>\n<p>En las palabras centrales, De Camps dijo que la entrega del plantel escolar responde a la necesidad de acompa\u00f1ar a los estudiantes en un espacio en el cual se construyen las bases para el futuro, donde \u201cse despertar\u00e1n vocaciones y se comenzar\u00e1n a construir los proyectos de vida de cientos de ni\u00f1as y ni\u00f1os de esta comunidad\u201d.<\/p>\n<p>Llam\u00f3 a las familias de R\u00edo San Juan a hacerse parte de la vida de la escuela, acompa\u00f1ando el proceso educativo, y a los estudiantes a llenar las aulas con sus sue\u00f1os, con disciplina y compromiso.<\/p>\n<p>En nombre de los estudiantes, Lismary Mart\u00ednez Caraballo, de cuarto grado, agradeci\u00f3 por la obra y la apuesta del presidente Luis Abinader por ellos, al garantizarles el derecho a la educaci\u00f3n que los llevar\u00e1 a alcanzar la meta de ser profesionales para su progreso y el servicio al pa\u00eds.<\/p>\n<p>En el acto participaron la gobernadora Mar\u00eda L\u00f3pez; el senador Alexis Victoria Yeb; los directores del Instituto Nacional de Bienestar Estudiantil (Inabie), del Sistema Nacional de Transporte Estudiantil (Trae), Luis Felipe Cartagena; y de Desarrollo de la Comunidad, Modesto Guzm\u00e1n; as\u00ed como el director general del Bandex, Catalino Correa.<\/p>\n<p>La entrada <a href=\"https:\/\/elnuevodiario.com.do\/nuevo-liceo-en-copeyito-rio-san-juan-es-inaugurado-por-abinader-tras-14-anos-de-espera\/\">Nuevo liceo en Copeyito, R\u00edo San Juan, es inaugurado por Abinader tras 14 a\u00f1os de espera<\/a> se public\u00f3 primero en <a href=\"https:\/\/elnuevodiario.com.do\">El Nuevo Diario (Rep\u00fablica Dominicana)<\/a>.<\/p>\n","protected":false},"excerpt":{"rendered":"<p>EL NUEVO DIARIO, RIO SAN JUAN. &#8211; En beneficio de m\u00e1s de 280 estudiantes de Copeyito, el presidente Luis Abinader inaugur\u00f3 el liceo que lleva el mismo nombre, el cual hab\u00eda sido anhelado por esta comunidad durante m\u00e1s de una d\u00e9cada. &nbsp; A partir de ahora, estudiantes, maestros y personal administrativo podr\u00e1n desempe\u00f1ar sus responsabilidades<\/p>\n","protected":false},"author":1,"featured_media":37301,"comment_status":"open","ping_status":"open","sticky":false,"template":"","format":"standard","meta":{"footnotes":""},"categories":[1],"tags":[],"class_list":["post-37300","post","type-post","status-publish","format-standard","has-post-thumbnail","hentry","category-nacionales"],"_links":{"self":[{"href":"https:\/\/acronoticias.com\/index.php\/wp-json\/wp\/v2\/posts\/37300","targetHints":{"allow":["GET"]}}],"collection":[{"href":"https:\/\/acronoticias.com\/index.php\/wp-json\/wp\/v2\/posts"}],"about":[{"href":"https:\/\/acronoticias.com\/index.php\/wp-json\/wp\/v2\/types\/post"}],"author":[{"embeddable":true,"href":"https:\/\/acronoticias.com\/index.php\/wp-json\/wp\/v2\/users\/1"}],"replies":[{"embeddable":true,"href":"https:\/\/acronoticias.com\/index.php\/wp-json\/wp\/v2\/comments?post=37300"}],"version-history":[{"count":0,"href":"https:\/\/acronoticias.com\/index.php\/wp-json\/wp\/v2\/posts\/37300\/revisions"}],"wp:featuredmedia":[{"embeddable":true,"href":"https:\/\/acronoticias.com\/index.php\/wp-json\/wp\/v2\/media\/37301"}],"wp:attachment":[{"href":"https:\/\/acronoticias.com\/index.php\/wp-json\/wp\/v2\/media?parent=37300"}],"wp:term":[{"taxonomy":"category","embeddable":true,"href":"https:\/\/acronoticias.com\/index.php\/wp-json\/wp\/v2\/categories?post=37300"},{"taxonomy":"post_tag","embeddable":true,"href":"https:\/\/acronoticias.com\/index.php\/wp-json\/wp\/v2\/tags?post=37300"}],"curies":[{"name":"wp","href":"https:\/\/api.w.org\/{rel}","templated":true}]}}