{"id":37296,"date":"2026-04-27T03:02:46","date_gmt":"2026-04-27T03:02:46","guid":{"rendered":"https:\/\/acronoticias.com\/index.php\/2026\/04\/27\/abinader-inaugura-circuito-vial-bajo-yuna-y-conecta-comunidades-del-nordeste\/"},"modified":"2026-04-27T03:02:46","modified_gmt":"2026-04-27T03:02:46","slug":"abinader-inaugura-circuito-vial-bajo-yuna-y-conecta-comunidades-del-nordeste","status":"publish","type":"post","link":"https:\/\/acronoticias.com\/index.php\/2026\/04\/27\/abinader-inaugura-circuito-vial-bajo-yuna-y-conecta-comunidades-del-nordeste\/","title":{"rendered":"Abinader inaugura Circuito Vial Bajo Yuna y conecta comunidades del Nordeste"},"content":{"rendered":"<p>El presidente <strong>Luis Abinader<\/strong> encabez\u00f3 la inauguraci\u00f3n del <strong>Circuito Vial Bajo Yuna<\/strong>, una obra de 49.2 kil\u00f3metros que conecta comunidades de las provincias <strong>Duarte<\/strong> y <strong>Mar\u00eda Trinidad S\u00e1nchez<\/strong>, impactando de manera directa e indirecta a m\u00e1s de 30 mil personas en la regi\u00f3n <strong>Nordeste<\/strong>.<\/p>\n<h3 class=\"wp-block-heading\">Alcance del circuito<\/h3>\n<p>El proyecto vial est\u00e1 compuesto por 42.8 kil\u00f3metros de carretera principal y 6.2 kil\u00f3metros de v\u00edas internas asfaltadas, lo que permite una mejor articulaci\u00f3n entre comunidades como <strong>La Reforma<\/strong>, <strong>Las Coles<\/strong>, <strong>La Jagua<\/strong>, <strong>El Jobo<\/strong>, <strong>Jobo Afuera<\/strong>, <strong>Molenillo<\/strong> y <strong>La Garza<\/strong>.<\/p>\n<p>Esta nueva infraestructura conecta directamente estas localidades con la Autopista <strong>Juan Pablo Segundo<\/strong> y la carretera <strong>Nagua\u2013Saman\u00e1<\/strong>, facilitando el tr\u00e1nsito de personas y mercanc\u00edas en una zona hist\u00f3ricamente limitada en conectividad.<\/p>\n<p>Durante el acto de inauguraci\u00f3n, el mandatario destac\u00f3 que su gobierno ha impulsado un amplio programa de construcci\u00f3n de carreteras en todo el pa\u00eds, asegurando que nunca antes<strong> se hab\u00eda ejecutado una cantidad similar de obras viales.<\/strong><\/p>\n<ul class=\"wp-block-list\">\n<li>Se\u00f1al\u00f3 que este tipo de proyectos busca reducir el aislamiento de comunidades rurales, acortar distancias y generar nuevas oportunidades de desarrollo econ\u00f3mico y social.<\/li>\n<\/ul>\n<h3 class=\"wp-block-heading\">Impacto en la regi\u00f3n<\/h3>\n<p>El ministro de Obras P\u00fablicas, <strong>Eduardo Estrella<\/strong>, explic\u00f3 que el circuito tiene un impacto directo en la actividad agr\u00edcola de la zona, especialmente en la producci\u00f3n de arroz y cacao, dos de los principales rubros de la regi\u00f3n.<\/p>\n<p>Indic\u00f3 que la mejora en la infraestructura reduce los costos de transporte, disminuye p\u00e9rdidas poscosecha y aumenta<strong> la competitividad de los productores locales en los mercados nacionales.<\/strong><\/p>\n<p>Adem\u00e1s de su impacto econ\u00f3mico, las autoridades resaltaron que la obra mejora el acceso a servicios b\u00e1sicos como salud y educaci\u00f3n, que anteriormente eran de dif\u00edcil alcance para muchas comunidades del <strong>Bajo Yuna<\/strong>.<\/p>\n<figure class=\"wp-block-image size-full is-resized\"><img loading=\"lazy\" decoding=\"async\" width=\"2560\" height=\"1707\" src=\"https:\/\/multimedia.noticiassin.com\/wp-content\/uploads\/2026\/04\/borrador-automatico-20260426-184610-Gd2F-scaled.jpg\" alt=\"\" class=\"wp-image-1986723\" style=\"width:552px;height:auto\" \/><\/figure>\n<h3 class=\"wp-block-heading\">Dise\u00f1o y obras<\/h3>\n<p>El dise\u00f1o del circuito incluye sistemas de drenaje y soluciones t\u00e9cnicas que garantizan su funcionamiento incluso en condiciones clim\u00e1ticas adversas, debido a la vulnerabilidad de <strong>la zona a inundaciones.<\/strong><\/p>\n<p>El proyecto forma parte de un plan m\u00e1s amplio de intervenci\u00f3n en la provincia <strong>Duarte<\/strong>, donde tambi\u00e9n se desarrollan otras obras, como circunvalaciones, puentes y asfaltado de caminos vecinales.<\/p>\n<p>Comunitarios de la zona valoraron positivamente la entrega, destacando que la nueva v\u00eda representa un cambio significativo en la movilidad, el comercio y la calidad de vida de miles de familias que <strong>ahora cuentan con una conexi\u00f3n m\u00e1s segura y eficiente con el resto del pa\u00eds.<\/strong><\/p>\n","protected":false},"excerpt":{"rendered":"<p>El presidente Luis Abinader encabez\u00f3 la inauguraci\u00f3n del Circuito Vial Bajo Yuna, una obra de 49.2 kil\u00f3metros que conecta comunidades de las provincias Duarte y Mar\u00eda Trinidad S\u00e1nchez, impactando de manera directa e indirecta a m\u00e1s de 30 mil personas en la regi\u00f3n Nordeste. Alcance del circuito El proyecto vial est\u00e1 compuesto por 42.8 kil\u00f3metros<\/p>\n","protected":false},"author":1,"featured_media":37297,"comment_status":"open","ping_status":"open","sticky":false,"template":"","format":"standard","meta":{"footnotes":""},"categories":[1],"tags":[],"class_list":["post-37296","post","type-post","status-publish","format-standard","has-post-thumbnail","hentry","category-nacionales"],"_links":{"self":[{"href":"https:\/\/acronoticias.com\/index.php\/wp-json\/wp\/v2\/posts\/37296","targetHints":{"allow":["GET"]}}],"collection":[{"href":"https:\/\/acronoticias.com\/index.php\/wp-json\/wp\/v2\/posts"}],"about":[{"href":"https:\/\/acronoticias.com\/index.php\/wp-json\/wp\/v2\/types\/post"}],"author":[{"embeddable":true,"href":"https:\/\/acronoticias.com\/index.php\/wp-json\/wp\/v2\/users\/1"}],"replies":[{"embeddable":true,"href":"https:\/\/acronoticias.com\/index.php\/wp-json\/wp\/v2\/comments?post=37296"}],"version-history":[{"count":0,"href":"https:\/\/acronoticias.com\/index.php\/wp-json\/wp\/v2\/posts\/37296\/revisions"}],"wp:featuredmedia":[{"embeddable":true,"href":"https:\/\/acronoticias.com\/index.php\/wp-json\/wp\/v2\/media\/37297"}],"wp:attachment":[{"href":"https:\/\/acronoticias.com\/index.php\/wp-json\/wp\/v2\/media?parent=37296"}],"wp:term":[{"taxonomy":"category","embeddable":true,"href":"https:\/\/acronoticias.com\/index.php\/wp-json\/wp\/v2\/categories?post=37296"},{"taxonomy":"post_tag","embeddable":true,"href":"https:\/\/acronoticias.com\/index.php\/wp-json\/wp\/v2\/tags?post=37296"}],"curies":[{"name":"wp","href":"https:\/\/api.w.org\/{rel}","templated":true}]}}