{"id":37292,"date":"2026-04-27T02:46:50","date_gmt":"2026-04-27T02:46:50","guid":{"rendered":"https:\/\/acronoticias.com\/index.php\/2026\/04\/27\/david-collado-deja-iniciada-construccion-plaza-de-vendedores-en-playa-teco-de-maimon-puerto-plata-2\/"},"modified":"2026-04-27T02:46:50","modified_gmt":"2026-04-27T02:46:50","slug":"david-collado-deja-iniciada-construccion-plaza-de-vendedores-en-playa-teco-de-maimon-puerto-plata-2","status":"publish","type":"post","link":"https:\/\/acronoticias.com\/index.php\/2026\/04\/27\/david-collado-deja-iniciada-construccion-plaza-de-vendedores-en-playa-teco-de-maimon-puerto-plata-2\/","title":{"rendered":"David Collado deja iniciada construcci\u00f3n plaza de vendedores en playa Teco de Maim\u00f3n, Puerto Plata."},"content":{"rendered":"<p>El ministro de Turismo, <strong>David Collado<\/strong>, dej\u00f3 iniciados este domingo los trabajos de construcci\u00f3n de la plaza de vendedores en playa <strong>Teco<\/strong>, con una inversi\u00f3n de <strong>RD$193.533,136<\/strong>.<\/p>\n<p>La obra, que tendr\u00e1 un gran impacto en el turismo de la provincia, es parte de las acciones del <strong>MITUR<\/strong> de recuperar y embellecer los entornos de las playas y frentes marinos.<\/p>\n<p>La nueva plaza llega a completar la inversi\u00f3n realizada con la nueva v\u00eda, de 3.60 kil\u00f3metros, inaugurada el pasado a\u00f1o, como un corredor tur\u00edstico integral que culminar\u00e1 en una playa moderna, debidamente equipada, <strong>a la altura de un destino tur\u00edstico de clase mundial.<\/strong><\/p>\n<figure class=\"wp-block-image size-full is-resized\"><img loading=\"lazy\" decoding=\"async\" width=\"800\" height=\"400\" src=\"https:\/\/multimedia.noticiassin.com\/wp-content\/uploads\/2026\/04\/borrador-automatico-20260426-191334-SnOp.jpg\" alt=\"\" class=\"wp-image-1986728\" style=\"width:638px;height:auto\" \/><\/figure>\n<p>El ministro <strong>Collado<\/strong>, quien estuvo acompa\u00f1ado de autoridades provinciales y municipales, valor\u00f3 la importancia de la obra y su impacto econ\u00f3mico en <strong>Maim\u00f3n<\/strong> y toda la zona.<\/p>\n<p>Hoy volvemos aqu\u00ed, a <strong>Maim\u00f3n<\/strong>, luego de intervenir las v\u00edas de acceso a playa <strong>Teco<\/strong>, para dejar iniciados los trabajos de construcci\u00f3n de la <strong>Plaza de Vendedores<\/strong>, cumpliendo as\u00ed con nuestra promesa\u00bb, proclam\u00f3 el ministro <strong>Collado<\/strong>.<\/p>\n<p>El proyecto contempla dos intervenciones principales en un \u00e1rea de 11,750 metros cuadrados: mejora de la v\u00eda de acceso y adecuaci\u00f3n integral de la plaza, donde se ejecutar\u00e1n trabajos de demolici\u00f3n de estructuras existentes, movimiento de tierra y pavimentaci\u00f3n; la construcci\u00f3n de m\u00f3dulos<strong> comerciales destinados a bar, servicios sanitarios y artesan\u00edas.<\/strong><\/p>\n<p>En la nueva plaza se incorporar\u00e1 una zona de juegos infantiles, \u00e1rea de ejercicios al aire<strong> libre y una cancha de voleibol playero.<\/strong><\/p>\n<p>Adem\u00e1s, habr\u00e1 un \u00e1rea para dep\u00f3sito de basura y almacenamiento de gas, instalaci\u00f3n de p\u00e9rgolas, mobiliario urbano, intervenci\u00f3n hidrosanitaria con cisterna, duchas y pozo filtrante; sistema contra incendios, paisajismo integral e iluminaci\u00f3n exterior, as\u00ed como la correspondiente <strong>se\u00f1alizaci\u00f3n horizontal y vertical.<\/strong><\/p>\n<h3 class=\"wp-block-heading\">Pavimentaci\u00f3n<br \/><\/h3>\n<ul class=\"wp-block-list\">\n<li><strong>Se contempla, asimismo, la conformaci\u00f3n y revestimiento de cunetas, ejecuci\u00f3n de pedrapl\u00e9n, construcci\u00f3n <\/strong>de contenes y pavimentaci\u00f3n mediante adoquines de alto, garantizando la estabilidad estructural y la durabilidad de la superficie.<\/li>\n<\/ul>\n<h3 class=\"wp-block-heading\">Paisajismo<\/h3>\n<p><strong><br \/>Para el disfrute de sus visitantes, <\/strong>el entorno natural y los alrededores de la plaza en <strong>Playa Teco<\/strong> contar\u00e1n con una selecci\u00f3n de especies de plantas como roble criollo, uva de playa, palma cana, almendro, mara, icaco, gu\u00e1yiga, batatilla, saladillo, mangle bot\u00f3n y grama bermuda.<\/p>\n<p>La plaza de vendedores en playa <strong>Teco<\/strong> est\u00e1 a cargo del <strong>Comit\u00e9 Ejecutor de Infraestructuras de Zonas Tur\u00edsticas (CEIZTUR)<\/strong> del <strong>MITUR<\/strong>.<\/p>\n","protected":false},"excerpt":{"rendered":"<p>El ministro de Turismo, David Collado, dej\u00f3 iniciados este domingo los trabajos de construcci\u00f3n de la plaza de vendedores en playa Teco, con una inversi\u00f3n de RD$193.533,136. La obra, que tendr\u00e1 un gran impacto en el turismo de la provincia, es parte de las acciones del MITUR de recuperar y embellecer los entornos de las<\/p>\n","protected":false},"author":1,"featured_media":37293,"comment_status":"open","ping_status":"open","sticky":false,"template":"","format":"standard","meta":{"footnotes":""},"categories":[1],"tags":[],"class_list":["post-37292","post","type-post","status-publish","format-standard","has-post-thumbnail","hentry","category-nacionales"],"_links":{"self":[{"href":"https:\/\/acronoticias.com\/index.php\/wp-json\/wp\/v2\/posts\/37292","targetHints":{"allow":["GET"]}}],"collection":[{"href":"https:\/\/acronoticias.com\/index.php\/wp-json\/wp\/v2\/posts"}],"about":[{"href":"https:\/\/acronoticias.com\/index.php\/wp-json\/wp\/v2\/types\/post"}],"author":[{"embeddable":true,"href":"https:\/\/acronoticias.com\/index.php\/wp-json\/wp\/v2\/users\/1"}],"replies":[{"embeddable":true,"href":"https:\/\/acronoticias.com\/index.php\/wp-json\/wp\/v2\/comments?post=37292"}],"version-history":[{"count":0,"href":"https:\/\/acronoticias.com\/index.php\/wp-json\/wp\/v2\/posts\/37292\/revisions"}],"wp:featuredmedia":[{"embeddable":true,"href":"https:\/\/acronoticias.com\/index.php\/wp-json\/wp\/v2\/media\/37293"}],"wp:attachment":[{"href":"https:\/\/acronoticias.com\/index.php\/wp-json\/wp\/v2\/media?parent=37292"}],"wp:term":[{"taxonomy":"category","embeddable":true,"href":"https:\/\/acronoticias.com\/index.php\/wp-json\/wp\/v2\/categories?post=37292"},{"taxonomy":"post_tag","embeddable":true,"href":"https:\/\/acronoticias.com\/index.php\/wp-json\/wp\/v2\/tags?post=37292"}],"curies":[{"name":"wp","href":"https:\/\/api.w.org\/{rel}","templated":true}]}}