{"id":37290,"date":"2026-04-27T02:30:43","date_gmt":"2026-04-27T02:30:43","guid":{"rendered":"https:\/\/acronoticias.com\/index.php\/2026\/04\/27\/mario-diaz-respalda-modernizacion-de-autobuses-en-la-27-de-febrero\/"},"modified":"2026-04-27T02:30:43","modified_gmt":"2026-04-27T02:30:43","slug":"mario-diaz-respalda-modernizacion-de-autobuses-en-la-27-de-febrero","status":"publish","type":"post","link":"https:\/\/acronoticias.com\/index.php\/2026\/04\/27\/mario-diaz-respalda-modernizacion-de-autobuses-en-la-27-de-febrero\/","title":{"rendered":"Mario D\u00edaz respalda modernizaci\u00f3n de autobuses en la 27 de Febrero"},"content":{"rendered":"<p><img decoding=\"async\" width=\"355\" height=\"200\" src=\"https:\/\/nuevodiario-assets.s3.us-east-2.amazonaws.com\/wp-content\/uploads\/2026\/04\/El-abogado-y-dirigente-sindical-Mario-Diaz-355x200.jpeg\" class=\"webfeedsFeaturedVisual not-transparent wp-post-image\" alt=\"\" style=\"--dominant-color: #998883;margin-bottom: 5px;clear:both;max-width: 100%\" loading=\"lazy\" data-has-transparency=\"false\" data-dominant-color=\"998883\" \/><\/p>\n<p data-start=\"0\" data-end=\"332\">EL NUEVO DIARIO, SANTO DOMINGO. &#8211; El abogado y dirigente sindical <span class=\"hover:entity-accent entity-underline inline cursor-pointer align-baseline\"><span class=\"whitespace-normal\">Mario D\u00edaz<\/span><\/span> respald\u00f3 el relanzamiento del servicio de transporte p\u00fablico en el corredor de la avenida 27 de Febrero impulsado por la <span class=\"hover:entity-accent entity-underline inline cursor-pointer align-baseline\"><span class=\"whitespace-normal\">Operadora Metropolitana de Servicios de Autobuses<\/span><\/span> (OMSA), al considerarlo un paso clave hacia la modernizaci\u00f3n de la movilidad en el Gran Santo Domingo.<\/p>\n<p data-start=\"334\" data-end=\"689\">D\u00edaz valor\u00f3 la incorporaci\u00f3n de autobuses renovados en una de las principales v\u00edas de la capital, destacando que la medida mejora la calidad del servicio para miles de usuarios.<\/p>\n<p data-start=\"334\" data-end=\"689\">Tambi\u00e9n calific\u00f3 como acertada la gratuidad temporal del servicio, al entender que permite a la ciudadan\u00eda familiarizarse con las mejoras y alivia el gasto diario en transporte.<\/p>\n<p data-start=\"691\" data-end=\"938\">El dirigente subray\u00f3 la importancia de avanzar hacia un sistema m\u00e1s integrado, se\u00f1alando que la implementaci\u00f3n de tecnolog\u00edas de pago y la articulaci\u00f3n con el <span class=\"hover:entity-accent entity-underline inline cursor-pointer align-baseline\"><span class=\"whitespace-normal\">Metro de Santo Domingo<\/span><\/span> representan avances hacia un modelo m\u00e1s eficiente.<\/p>\n<p data-start=\"940\" data-end=\"1120\">Asimismo, indic\u00f3 que la organizaci\u00f3n del corredor en distintos tramos contribuir\u00e1 a reducir tiempos de espera y optimizar las operaciones, mejorando la experiencia de los usuarios.<\/p>\n<p data-start=\"1122\" data-end=\"1316\">Finalmente, D\u00edaz inst\u00f3 al Gobierno del presidente <span class=\"hover:entity-accent entity-underline inline cursor-pointer align-baseline\"><span class=\"whitespace-normal\">Luis Abinader<\/span><\/span> a continuar fortaleciendo este tipo de iniciativas y expandirlas a otros corredores estrat\u00e9gicos del pa\u00eds.<\/p>\n<p>La entrada <a href=\"https:\/\/elnuevodiario.com.do\/mario-diaz-respalda-modernizacion-de-autobuses-en-la-27-de-febrero\/\">Mario D\u00edaz respalda modernizaci\u00f3n de autobuses en la 27 de Febrero<\/a> se public\u00f3 primero en <a href=\"https:\/\/elnuevodiario.com.do\">El Nuevo Diario (Rep\u00fablica Dominicana)<\/a>.<\/p>\n","protected":false},"excerpt":{"rendered":"<p>EL NUEVO DIARIO, SANTO DOMINGO. &#8211; El abogado y dirigente sindical Mario D\u00edaz respald\u00f3 el relanzamiento del servicio de transporte p\u00fablico en el corredor de la avenida 27 de Febrero impulsado por la Operadora Metropolitana de Servicios de Autobuses (OMSA), al considerarlo un paso clave hacia la modernizaci\u00f3n de la movilidad en el Gran Santo<\/p>\n","protected":false},"author":1,"featured_media":37291,"comment_status":"open","ping_status":"open","sticky":false,"template":"","format":"standard","meta":{"footnotes":""},"categories":[1],"tags":[],"class_list":["post-37290","post","type-post","status-publish","format-standard","has-post-thumbnail","hentry","category-nacionales"],"_links":{"self":[{"href":"https:\/\/acronoticias.com\/index.php\/wp-json\/wp\/v2\/posts\/37290","targetHints":{"allow":["GET"]}}],"collection":[{"href":"https:\/\/acronoticias.com\/index.php\/wp-json\/wp\/v2\/posts"}],"about":[{"href":"https:\/\/acronoticias.com\/index.php\/wp-json\/wp\/v2\/types\/post"}],"author":[{"embeddable":true,"href":"https:\/\/acronoticias.com\/index.php\/wp-json\/wp\/v2\/users\/1"}],"replies":[{"embeddable":true,"href":"https:\/\/acronoticias.com\/index.php\/wp-json\/wp\/v2\/comments?post=37290"}],"version-history":[{"count":0,"href":"https:\/\/acronoticias.com\/index.php\/wp-json\/wp\/v2\/posts\/37290\/revisions"}],"wp:featuredmedia":[{"embeddable":true,"href":"https:\/\/acronoticias.com\/index.php\/wp-json\/wp\/v2\/media\/37291"}],"wp:attachment":[{"href":"https:\/\/acronoticias.com\/index.php\/wp-json\/wp\/v2\/media?parent=37290"}],"wp:term":[{"taxonomy":"category","embeddable":true,"href":"https:\/\/acronoticias.com\/index.php\/wp-json\/wp\/v2\/categories?post=37290"},{"taxonomy":"post_tag","embeddable":true,"href":"https:\/\/acronoticias.com\/index.php\/wp-json\/wp\/v2\/tags?post=37290"}],"curies":[{"name":"wp","href":"https:\/\/api.w.org\/{rel}","templated":true}]}}