{"id":37289,"date":"2026-04-27T02:14:44","date_gmt":"2026-04-27T02:14:44","guid":{"rendered":"https:\/\/acronoticias.com\/index.php\/2026\/04\/27\/gobierno-inaugurara-este-lunes-la-plaza-de-vendedores-en-playa-sosua\/"},"modified":"2026-04-27T02:14:44","modified_gmt":"2026-04-27T02:14:44","slug":"gobierno-inaugurara-este-lunes-la-plaza-de-vendedores-en-playa-sosua","status":"publish","type":"post","link":"https:\/\/acronoticias.com\/index.php\/2026\/04\/27\/gobierno-inaugurara-este-lunes-la-plaza-de-vendedores-en-playa-sosua\/","title":{"rendered":"Gobierno inaugurar\u00e1 este lunes la Plaza de Vendedores en Playa Sos\u00faa"},"content":{"rendered":"<p><img decoding=\"async\" width=\"355\" height=\"200\" src=\"https:\/\/nuevodiario-assets.s3.us-east-2.amazonaws.com\/wp-content\/uploads\/2026\/04\/Abinader-inaugura-este-lunes-la-Plaza-de-Vendedores-en-Playa-Sosua-2-355x200.jpeg\" class=\"webfeedsFeaturedVisual not-transparent wp-post-image\" alt=\"\" style=\"--dominant-color: #505b55;margin-bottom: 5px;clear:both;max-width: 100%\" loading=\"lazy\" data-has-transparency=\"false\" data-dominant-color=\"505b55\" \/><\/p>\n<p>EL NUEVO DIARIO, PUERTO PLATA.- El presidente Luis Abinader encabezar\u00e1 la inauguraci\u00f3n de la Plaza de Vendedores en Playa Sos\u00faa este lunes 27 de abril al mediod\u00eda. El proyecto, con una inversi\u00f3n de RD$557 millones de pesos provenientes del Ministerio de Turismo (Mitur), busca mejorar la calidad de vida de los vendedores y ofrecer un espacio m\u00e1s amigable para los visitantes.<\/p>\n<p>La agenda del evento, pautada para las 11:00 de la ma\u00f1ana, contar\u00e1 con la presencia del ministro de Turismo, David Collado y otros funcionarios.<\/p>\n<p>Este proyecto forma parte del plan de recuperaci\u00f3n y transformaci\u00f3n de los principales destinos tur\u00edsticos del pa\u00eds impulsado por el Gobierno.<\/p>\n<p><img decoding=\"async\" data-recalc-dims=\"1\" data-dominant-color=\"8c8171\" data-has-transparency=\"false\" style=\"--dominant-color: #8c8171\" loading=\"lazy\" class=\"alignnone size-full wp-image-3098126 not-transparent\" src=\"https:\/\/i0.wp.com\/nuevodiario-assets.s3.us-east-2.amazonaws.com\/wp-content\/uploads\/2026\/04\/Abinader-inaugura-este-lunes-la-Plaza-de-Vendedores-en-Playa-Sosua.jpeg?resize=640%2C461&#038;quality=100&#038;ssl=1\" alt=\"\" width=\"640\" height=\"461\" \/><\/p>\n<p>Inicialmente, la Asociaci\u00f3n de Vendedores de Playa Sos\u00faa mostr\u00f3 resistencia al proyecto llegando a realizar protestas contra la obra desarrollada por la Unidad Ejecutora para la Readecuaci\u00f3n de Barrios y Entornos (URBE). Sin embargo, tras alcanzar acuerdos y resolver las diferencias la plaza ser\u00e1 entregada este lunes.<\/p>\n<p>La entrada <a href=\"https:\/\/elnuevodiario.com.do\/gobierno-inaugurara-este-lunes-la-plaza-de-vendedores-en-playa-sosua\/\">Gobierno inaugurar\u00e1 este lunes la Plaza de Vendedores en Playa Sos\u00faa<\/a> se public\u00f3 primero en <a href=\"https:\/\/elnuevodiario.com.do\">El Nuevo Diario (Rep\u00fablica Dominicana)<\/a>.<\/p>\n","protected":false},"excerpt":{"rendered":"<p>EL NUEVO DIARIO, PUERTO PLATA.- El presidente Luis Abinader encabezar\u00e1 la inauguraci\u00f3n de la Plaza de Vendedores en Playa Sos\u00faa este lunes 27 de abril al mediod\u00eda. El proyecto, con una inversi\u00f3n de RD$557 millones de pesos provenientes del Ministerio de Turismo (Mitur), busca mejorar la calidad de vida de los vendedores y ofrecer un<\/p>\n","protected":false},"author":1,"featured_media":37280,"comment_status":"open","ping_status":"open","sticky":false,"template":"","format":"standard","meta":{"footnotes":""},"categories":[1],"tags":[],"class_list":["post-37289","post","type-post","status-publish","format-standard","has-post-thumbnail","hentry","category-nacionales"],"_links":{"self":[{"href":"https:\/\/acronoticias.com\/index.php\/wp-json\/wp\/v2\/posts\/37289","targetHints":{"allow":["GET"]}}],"collection":[{"href":"https:\/\/acronoticias.com\/index.php\/wp-json\/wp\/v2\/posts"}],"about":[{"href":"https:\/\/acronoticias.com\/index.php\/wp-json\/wp\/v2\/types\/post"}],"author":[{"embeddable":true,"href":"https:\/\/acronoticias.com\/index.php\/wp-json\/wp\/v2\/users\/1"}],"replies":[{"embeddable":true,"href":"https:\/\/acronoticias.com\/index.php\/wp-json\/wp\/v2\/comments?post=37289"}],"version-history":[{"count":0,"href":"https:\/\/acronoticias.com\/index.php\/wp-json\/wp\/v2\/posts\/37289\/revisions"}],"wp:featuredmedia":[{"embeddable":true,"href":"https:\/\/acronoticias.com\/index.php\/wp-json\/wp\/v2\/media\/37280"}],"wp:attachment":[{"href":"https:\/\/acronoticias.com\/index.php\/wp-json\/wp\/v2\/media?parent=37289"}],"wp:term":[{"taxonomy":"category","embeddable":true,"href":"https:\/\/acronoticias.com\/index.php\/wp-json\/wp\/v2\/categories?post=37289"},{"taxonomy":"post_tag","embeddable":true,"href":"https:\/\/acronoticias.com\/index.php\/wp-json\/wp\/v2\/tags?post=37289"}],"curies":[{"name":"wp","href":"https:\/\/api.w.org\/{rel}","templated":true}]}}