{"id":37285,"date":"2026-04-27T01:58:38","date_gmt":"2026-04-27T01:58:38","guid":{"rendered":"https:\/\/acronoticias.com\/index.php\/2026\/04\/27\/mas-de-1000-personas-asisten-a-evento-sobre-el-islam-en-santo-domingo\/"},"modified":"2026-04-27T01:58:38","modified_gmt":"2026-04-27T01:58:38","slug":"mas-de-1000-personas-asisten-a-evento-sobre-el-islam-en-santo-domingo","status":"publish","type":"post","link":"https:\/\/acronoticias.com\/index.php\/2026\/04\/27\/mas-de-1000-personas-asisten-a-evento-sobre-el-islam-en-santo-domingo\/","title":{"rendered":"M\u00e1s de 1,000 personas asisten a evento sobre el islam en Santo Domingo"},"content":{"rendered":"<p><img decoding=\"async\" width=\"355\" height=\"200\" src=\"https:\/\/nuevodiario-assets.s3.us-east-2.amazonaws.com\/wp-content\/uploads\/2026\/04\/WhatsApp-Image-2026-04-26-at-7.31.06-PM-1-355x200.jpeg\" class=\"webfeedsFeaturedVisual not-transparent wp-post-image\" alt=\"\" style=\"--dominant-color: #51464a;margin-bottom: 5px;clear:both;max-width: 100%\" loading=\"lazy\" data-has-transparency=\"false\" data-dominant-color=\"51464a\" \/><\/p>\n<p>&nbsp;<\/p>\n<p>EL NUEVO DIARIO, SANTO DOMINGO. &#8211; M\u00e1s de 1,000 personas participaron el pasado s\u00e1bado 25 de abril en el evento titulado \u201cIslam: \u00bfamenaza para la Iglesia y para Rep\u00fablica Dominicana?\u201d, realizado en la iglesia Mahanaim Miraflores y organizado por el movimiento conservador Trinitarios.<\/p>\n<p>La actividad fue encabezada por Isaac B. Col\u00f3n, V\u00edctor Medina y Robert Mart\u00ednez, quienes promovieron el encuentro como un espacio de an\u00e1lisis y debate sobre temas religiosos y culturales de inter\u00e9s nacional.<\/p>\n<p><img loading=\"lazy\" decoding=\"async\" data-recalc-dims=\"1\" data-dominant-color=\"625b53\" data-has-transparency=\"false\" style=\"--dominant-color: #625b53\" class=\"alignnone size-full wp-image-3098145 not-transparent\" src=\"https:\/\/i0.wp.com\/nuevodiario-assets.s3.us-east-2.amazonaws.com\/wp-content\/uploads\/2026\/04\/Evento-sobre-el-islam-en-Santo-Domingo-4.jpeg?resize=640%2C427&#038;quality=100&#038;ssl=1\" alt=\"\" width=\"640\" height=\"427\" \/><\/p>\n<p>El auditorio registr\u00f3 una asistencia masiva, con un p\u00fablico que ocup\u00f3 la totalidad de las butacas y se mantuvo atento a las exposiciones, en un ambiente marcado por la expectativa y la participaci\u00f3n activa.<\/p>\n<p><img loading=\"lazy\" decoding=\"async\" data-recalc-dims=\"1\" data-dominant-color=\"644745\" data-has-transparency=\"false\" style=\"--dominant-color: #644745\" class=\"alignnone size-full wp-image-3098144 not-transparent\" src=\"https:\/\/i0.wp.com\/nuevodiario-assets.s3.us-east-2.amazonaws.com\/wp-content\/uploads\/2026\/04\/Evento-sobre-el-islam-en-Santo-Domingo-3.jpeg?resize=640%2C838&#038;quality=100&#038;ssl=1\" alt=\"\" width=\"640\" height=\"838\" \/><\/p>\n<p>El panel estuvo integrado por l\u00edderes cristianos, entre ellos los pastores Ezequiel Molina Rosario, Ezequiel Molina Jr. y Junior Ponciano, as\u00ed como el diputado El\u00edas Wessin Ch\u00e1vez. Tambi\u00e9n particip\u00f3 como invitado internacional Daniel Blanco, un exmusulm\u00e1n convertido al cristianismo, quien comparti\u00f3 su testimonio y perspectivas sobre el tema.<\/p>\n<p>Durante las ponencias, los expositores abordaron el crecimiento del islam en Hait\u00ed y Rep\u00fablica Dominicana, sus posibles implicaciones para la Iglesia cristiana y los desaf\u00edos que, a su juicio, podr\u00eda representar para la identidad cultural y religiosa del pa\u00eds.<\/p>\n<p>Asimismo, se promovi\u00f3 el respaldo a un proyecto de ley sometido por el diputado Wessin Ch\u00e1vez, orientado a regular la pr\u00e1ctica del islam en la Rep\u00fablica Dominicana.<\/p>\n<p><img decoding=\"async\" data-recalc-dims=\"1\" data-dominant-color=\"988e91\" data-has-transparency=\"false\" style=\"--dominant-color: #988e91\" loading=\"lazy\" class=\"alignnone size-full wp-image-3098146 not-transparent\" src=\"https:\/\/i0.wp.com\/nuevodiario-assets.s3.us-east-2.amazonaws.com\/wp-content\/uploads\/2026\/04\/Evento-sobre-el-islam-en-Santo-Domingo-5.jpeg?resize=640%2C427&#038;quality=100&#038;ssl=1\" alt=\"\" width=\"640\" height=\"427\" \/><\/p>\n<p>El evento forma parte de una serie de iniciativas del movimiento Trinitarios, enfocadas en fomentar el debate p\u00fablico sobre temas nacionales desde una visi\u00f3n patri\u00f3tica y cristiana.<\/p>\n<p><img decoding=\"async\" data-recalc-dims=\"1\" data-dominant-color=\"615a53\" data-has-transparency=\"false\" style=\"--dominant-color: #615a53\" loading=\"lazy\" class=\"alignnone size-full wp-image-3098148 not-transparent\" src=\"https:\/\/i0.wp.com\/nuevodiario-assets.s3.us-east-2.amazonaws.com\/wp-content\/uploads\/2026\/04\/Evento-sobre-el-islam-en-Santo-Domingo-2.jpeg?resize=640%2C765&#038;quality=100&#038;ssl=1\" alt=\"\" width=\"640\" height=\"765\" \/><\/p>\n<p>La entrada <a href=\"https:\/\/elnuevodiario.com.do\/mas-de-1000-personas-asisten-a-evento-sobre-el-islam-en-santo-domingo\/\">M\u00e1s de 1,000 personas asisten a evento sobre el islam en Santo Domingo<\/a> se public\u00f3 primero en <a href=\"https:\/\/elnuevodiario.com.do\">El Nuevo Diario (Rep\u00fablica Dominicana)<\/a>.<\/p>\n","protected":false},"excerpt":{"rendered":"<p>&nbsp; EL NUEVO DIARIO, SANTO DOMINGO. &#8211; M\u00e1s de 1,000 personas participaron el pasado s\u00e1bado 25 de abril en el evento titulado \u201cIslam: \u00bfamenaza para la Iglesia y para Rep\u00fablica Dominicana?\u201d, realizado en la iglesia Mahanaim Miraflores y organizado por el movimiento conservador Trinitarios. La actividad fue encabezada por Isaac B. Col\u00f3n, V\u00edctor Medina y<\/p>\n","protected":false},"author":1,"featured_media":37286,"comment_status":"open","ping_status":"open","sticky":false,"template":"","format":"standard","meta":{"footnotes":""},"categories":[1],"tags":[],"class_list":["post-37285","post","type-post","status-publish","format-standard","has-post-thumbnail","hentry","category-nacionales"],"_links":{"self":[{"href":"https:\/\/acronoticias.com\/index.php\/wp-json\/wp\/v2\/posts\/37285","targetHints":{"allow":["GET"]}}],"collection":[{"href":"https:\/\/acronoticias.com\/index.php\/wp-json\/wp\/v2\/posts"}],"about":[{"href":"https:\/\/acronoticias.com\/index.php\/wp-json\/wp\/v2\/types\/post"}],"author":[{"embeddable":true,"href":"https:\/\/acronoticias.com\/index.php\/wp-json\/wp\/v2\/users\/1"}],"replies":[{"embeddable":true,"href":"https:\/\/acronoticias.com\/index.php\/wp-json\/wp\/v2\/comments?post=37285"}],"version-history":[{"count":0,"href":"https:\/\/acronoticias.com\/index.php\/wp-json\/wp\/v2\/posts\/37285\/revisions"}],"wp:featuredmedia":[{"embeddable":true,"href":"https:\/\/acronoticias.com\/index.php\/wp-json\/wp\/v2\/media\/37286"}],"wp:attachment":[{"href":"https:\/\/acronoticias.com\/index.php\/wp-json\/wp\/v2\/media?parent=37285"}],"wp:term":[{"taxonomy":"category","embeddable":true,"href":"https:\/\/acronoticias.com\/index.php\/wp-json\/wp\/v2\/categories?post=37285"},{"taxonomy":"post_tag","embeddable":true,"href":"https:\/\/acronoticias.com\/index.php\/wp-json\/wp\/v2\/tags?post=37285"}],"curies":[{"name":"wp","href":"https:\/\/api.w.org\/{rel}","templated":true}]}}