{"id":37281,"date":"2026-04-27T01:42:34","date_gmt":"2026-04-27T01:42:34","guid":{"rendered":"https:\/\/acronoticias.com\/index.php\/2026\/04\/27\/muere-recluso-tras-presentar-complicaciones-de-salud-en-penal-de-puerto-plata\/"},"modified":"2026-04-27T01:42:34","modified_gmt":"2026-04-27T01:42:34","slug":"muere-recluso-tras-presentar-complicaciones-de-salud-en-penal-de-puerto-plata","status":"publish","type":"post","link":"https:\/\/acronoticias.com\/index.php\/2026\/04\/27\/muere-recluso-tras-presentar-complicaciones-de-salud-en-penal-de-puerto-plata\/","title":{"rendered":"Muere recluso tras presentar complicaciones de salud en penal de Puerto Plata"},"content":{"rendered":"<p><img loading=\"lazy\" decoding=\"async\" width=\"355\" height=\"200\" src=\"https:\/\/nuevodiario-assets.s3.us-east-2.amazonaws.com\/wp-content\/uploads\/2026\/04\/Muere-recluso-tras-presentar-complicaciones-de-salud-en-penal-de-Puerto-Plata-355x200.jpeg\" class=\"webfeedsFeaturedVisual not-transparent wp-post-image\" alt=\"\" style=\"--dominant-color: #5d879a;margin-bottom: 5px;clear:both;max-width: 100%\" data-has-transparency=\"false\" data-dominant-color=\"5d879a\" \/><\/p>\n<p data-start=\"150\" data-end=\"382\">EL NUEVO DIARIO, PUERTO PLATA<em data-start=\"150\" data-end=\"183\">.-<\/em> Un privado de libertad falleci\u00f3 mientras recib\u00eda atenciones m\u00e9dicas en el hospital Ricardo Limardo, luego de presentar complicaciones de salud en el Centro de Correcci\u00f3n y Rehabilitaci\u00f3n San Felipe.<\/p>\n<p data-start=\"384\" data-end=\"528\">El recluso fue identificado como Alberto Lisandro Mieses Mercado (Sandy), quien, seg\u00fan informaciones, padec\u00eda un cuadro cr\u00edtico de tuberculosis.<\/p>\n<p data-start=\"530\" data-end=\"792\">De acuerdo con la Direcci\u00f3n General de Servicios Penitenciarios y Correccionales (DGSPC), el interno fue trasladado al \u00e1rea de emergencias del referido centro de salud tras presentar dificultades respiratorias, falleciendo a causa de un paro cardiorrespiratorio.<\/p>\n<p data-start=\"794\" data-end=\"873\">El deceso se produjo en horas de la ma\u00f1ana de este domingo 26 de abril de 2026.<\/p>\n<p data-start=\"875\" data-end=\"1070\">Se inform\u00f3 que Mieses Mercado ten\u00eda aproximadamente un mes recluido en el recinto penitenciario, donde cumpl\u00eda una condena de tres a\u00f1os por violaci\u00f3n a la Ley 24-97 sobre violencia intrafamiliar.<\/p>\n<p>La entrada <a href=\"https:\/\/elnuevodiario.com.do\/muere-recluso-tras-presentar-complicaciones-de-salud-en-penal-de-puerto-plata\/\">Muere recluso tras presentar complicaciones de salud en penal de Puerto Plata<\/a> se public\u00f3 primero en <a href=\"https:\/\/elnuevodiario.com.do\">El Nuevo Diario (Rep\u00fablica Dominicana)<\/a>.<\/p>\n","protected":false},"excerpt":{"rendered":"<p>EL NUEVO DIARIO, PUERTO PLATA.- Un privado de libertad falleci\u00f3 mientras recib\u00eda atenciones m\u00e9dicas en el hospital Ricardo Limardo, luego de presentar complicaciones de salud en el Centro de Correcci\u00f3n y Rehabilitaci\u00f3n San Felipe. El recluso fue identificado como Alberto Lisandro Mieses Mercado (Sandy), quien, seg\u00fan informaciones, padec\u00eda un cuadro cr\u00edtico de tuberculosis. De acuerdo<\/p>\n","protected":false},"author":1,"featured_media":37282,"comment_status":"open","ping_status":"open","sticky":false,"template":"","format":"standard","meta":{"footnotes":""},"categories":[1],"tags":[],"class_list":["post-37281","post","type-post","status-publish","format-standard","has-post-thumbnail","hentry","category-nacionales"],"_links":{"self":[{"href":"https:\/\/acronoticias.com\/index.php\/wp-json\/wp\/v2\/posts\/37281","targetHints":{"allow":["GET"]}}],"collection":[{"href":"https:\/\/acronoticias.com\/index.php\/wp-json\/wp\/v2\/posts"}],"about":[{"href":"https:\/\/acronoticias.com\/index.php\/wp-json\/wp\/v2\/types\/post"}],"author":[{"embeddable":true,"href":"https:\/\/acronoticias.com\/index.php\/wp-json\/wp\/v2\/users\/1"}],"replies":[{"embeddable":true,"href":"https:\/\/acronoticias.com\/index.php\/wp-json\/wp\/v2\/comments?post=37281"}],"version-history":[{"count":0,"href":"https:\/\/acronoticias.com\/index.php\/wp-json\/wp\/v2\/posts\/37281\/revisions"}],"wp:featuredmedia":[{"embeddable":true,"href":"https:\/\/acronoticias.com\/index.php\/wp-json\/wp\/v2\/media\/37282"}],"wp:attachment":[{"href":"https:\/\/acronoticias.com\/index.php\/wp-json\/wp\/v2\/media?parent=37281"}],"wp:term":[{"taxonomy":"category","embeddable":true,"href":"https:\/\/acronoticias.com\/index.php\/wp-json\/wp\/v2\/categories?post=37281"},{"taxonomy":"post_tag","embeddable":true,"href":"https:\/\/acronoticias.com\/index.php\/wp-json\/wp\/v2\/tags?post=37281"}],"curies":[{"name":"wp","href":"https:\/\/api.w.org\/{rel}","templated":true}]}}