{"id":37277,"date":"2026-04-27T01:10:43","date_gmt":"2026-04-27T01:10:43","guid":{"rendered":"https:\/\/acronoticias.com\/index.php\/2026\/04\/27\/lluvias-torrenciales-causan-inundaciones-y-caos-vehicular-en-santiago\/"},"modified":"2026-04-27T01:10:43","modified_gmt":"2026-04-27T01:10:43","slug":"lluvias-torrenciales-causan-inundaciones-y-caos-vehicular-en-santiago","status":"publish","type":"post","link":"https:\/\/acronoticias.com\/index.php\/2026\/04\/27\/lluvias-torrenciales-causan-inundaciones-y-caos-vehicular-en-santiago\/","title":{"rendered":"Lluvias torrenciales causan inundaciones y caos vehicular en Santiago"},"content":{"rendered":"<p><img decoding=\"async\" width=\"355\" height=\"200\" src=\"https:\/\/nuevodiario-assets.s3.us-east-2.amazonaws.com\/wp-content\/uploads\/2026\/04\/Lluvias-torrenciales-causan-inundaciones-y-caos-vehicular-en-Santiago-355x200.jpg\" class=\"webfeedsFeaturedVisual not-transparent wp-post-image\" alt=\"\" style=\"--dominant-color: #797d6e;margin-bottom: 5px;clear:both;max-width: 100%\" loading=\"lazy\" data-has-transparency=\"false\" data-dominant-color=\"797d6e\" \/><\/p>\n<p data-start=\"153\" data-end=\"351\">EL NUEVO DIARIO, SANTIAGO . &#8211;\u00a0 Las intensas lluvias registradas la tarde de este domingo provocaron inundaciones y un fuerte congestionamiento vehicular en distintos sectores de esta ciudad, inform\u00f3 la Defensa Civil.<\/p>\n<p data-start=\"353\" data-end=\"523\">Las precipitaciones, que iniciaron alrededor de las 3:40 de la tarde, generaron una r\u00e1pida acumulaci\u00f3n de agua en calles y avenidas principales, afectando la circulaci\u00f3n.<\/p>\n<p data-start=\"525\" data-end=\"674\">Ante las anegaciones el tr\u00e1nsito se vio seriamente obstaculizado en varias zonas, causando largos taponamientos y dificultades para los conductores.<\/p>\n<p data-start=\"676\" data-end=\"839\">Hasta el momento las autoridades se mantienen en monitoreo de la situaci\u00f3n, mientras exhortan a la ciudadan\u00eda a tomar precauciones ante las condiciones del clima.<\/p>\n<p>La entrada <a href=\"https:\/\/elnuevodiario.com.do\/lluvias-torrenciales-causan-inundaciones-y-caos-vehicular-en-santiago\/\">Lluvias torrenciales causan inundaciones y caos vehicular en Santiago<\/a> se public\u00f3 primero en <a href=\"https:\/\/elnuevodiario.com.do\">El Nuevo Diario (Rep\u00fablica Dominicana)<\/a>.<\/p>\n","protected":false},"excerpt":{"rendered":"<p>EL NUEVO DIARIO, SANTIAGO . &#8211;\u00a0 Las intensas lluvias registradas la tarde de este domingo provocaron inundaciones y un fuerte congestionamiento vehicular en distintos sectores de esta ciudad, inform\u00f3 la Defensa Civil. Las precipitaciones, que iniciaron alrededor de las 3:40 de la tarde, generaron una r\u00e1pida acumulaci\u00f3n de agua en calles y avenidas principales, afectando<\/p>\n","protected":false},"author":1,"featured_media":37278,"comment_status":"open","ping_status":"open","sticky":false,"template":"","format":"standard","meta":{"footnotes":""},"categories":[1],"tags":[],"class_list":["post-37277","post","type-post","status-publish","format-standard","has-post-thumbnail","hentry","category-nacionales"],"_links":{"self":[{"href":"https:\/\/acronoticias.com\/index.php\/wp-json\/wp\/v2\/posts\/37277","targetHints":{"allow":["GET"]}}],"collection":[{"href":"https:\/\/acronoticias.com\/index.php\/wp-json\/wp\/v2\/posts"}],"about":[{"href":"https:\/\/acronoticias.com\/index.php\/wp-json\/wp\/v2\/types\/post"}],"author":[{"embeddable":true,"href":"https:\/\/acronoticias.com\/index.php\/wp-json\/wp\/v2\/users\/1"}],"replies":[{"embeddable":true,"href":"https:\/\/acronoticias.com\/index.php\/wp-json\/wp\/v2\/comments?post=37277"}],"version-history":[{"count":0,"href":"https:\/\/acronoticias.com\/index.php\/wp-json\/wp\/v2\/posts\/37277\/revisions"}],"wp:featuredmedia":[{"embeddable":true,"href":"https:\/\/acronoticias.com\/index.php\/wp-json\/wp\/v2\/media\/37278"}],"wp:attachment":[{"href":"https:\/\/acronoticias.com\/index.php\/wp-json\/wp\/v2\/media?parent=37277"}],"wp:term":[{"taxonomy":"category","embeddable":true,"href":"https:\/\/acronoticias.com\/index.php\/wp-json\/wp\/v2\/categories?post=37277"},{"taxonomy":"post_tag","embeddable":true,"href":"https:\/\/acronoticias.com\/index.php\/wp-json\/wp\/v2\/tags?post=37277"}],"curies":[{"name":"wp","href":"https:\/\/api.w.org\/{rel}","templated":true}]}}