{"id":37273,"date":"2026-04-27T00:54:01","date_gmt":"2026-04-27T00:54:01","guid":{"rendered":"https:\/\/acronoticias.com\/index.php\/2026\/04\/27\/clausuran-feria-del-libro-y-cultura-cibao-2026-con-mas-de-100-mil-asistentes\/"},"modified":"2026-04-27T00:54:01","modified_gmt":"2026-04-27T00:54:01","slug":"clausuran-feria-del-libro-y-cultura-cibao-2026-con-mas-de-100-mil-asistentes","status":"publish","type":"post","link":"https:\/\/acronoticias.com\/index.php\/2026\/04\/27\/clausuran-feria-del-libro-y-cultura-cibao-2026-con-mas-de-100-mil-asistentes\/","title":{"rendered":"Clausuran Feria del Libro y Cultura Cibao 2026 con m\u00e1s de 100 mil asistentes"},"content":{"rendered":"<p><img decoding=\"async\" width=\"355\" height=\"200\" src=\"https:\/\/nuevodiario-assets.s3.us-east-2.amazonaws.com\/wp-content\/uploads\/2026\/04\/Clausuran-Feria-del-Libro-y-Cultura-Cibao-2026-con-mas-de-100-mil-asistentes-3-355x200.jpeg\" class=\"webfeedsFeaturedVisual not-transparent wp-post-image\" alt=\"\" style=\"--dominant-color: #2f373a;margin-bottom: 5px;clear:both;max-width: 100%\" loading=\"lazy\" data-has-transparency=\"false\" data-dominant-color=\"2f373a\" \/><\/p>\n<p>EL NUEVO DIARIO, SANTIAGO.- La vicepresidenta de la Rep\u00fablica, Raquel Pe\u00f1a, encabez\u00f3 este domingo la clausura de la Primera Feria Regional del Libro y la Cultura Cibao 2026, tras una semana de actividades que reuni\u00f3 a m\u00e1s de 100 mil visitantes en esta ciudad.<\/p>\n<p>Pe\u00f1a afirm\u00f3 que el evento evidencia el compromiso del Gobierno, encabezado por el presidente Luis Abinader, con el impulso de la educaci\u00f3n y la cultura en la regi\u00f3n Norte.<\/p>\n<p>Durante el desarrollo de la feria, la vicemandataria dej\u00f3 inaugurado un marat\u00f3n de lectura, imparti\u00f3 la conferencia magistral \u201cLeer en medio del ruido\u201d y realiz\u00f3 recorridos por el recinto ferial, iniciativa que cont\u00f3 con el respaldo de la Vicepresidencia desde sus inicios.<\/p>\n<p>De su lado, el ministro de Cultura, Roberto \u00c1ngel Salcedo, destac\u00f3 el impacto de la actividad, al considerarla una plataforma para la integraci\u00f3n regional y el fortalecimiento del ecosistema cultural.<img loading=\"lazy\" decoding=\"async\" data-recalc-dims=\"1\" data-dominant-color=\"3c0f14\" data-has-transparency=\"false\" style=\"--dominant-color: #3c0f14\" class=\"alignnone size-full wp-image-3098080 not-transparent\" src=\"https:\/\/i0.wp.com\/nuevodiario-assets.s3.us-east-2.amazonaws.com\/wp-content\/uploads\/2026\/04\/Clausuran-Feria-del-Libro-y-Cultura-Cibao-2026-con-mas-de-100-mil-asistentes-2.jpeg?resize=640%2C427&#038;quality=100&#038;ssl=1\" alt=\"\" width=\"640\" height=\"427\" \/><\/p>\n<p>Asimismo, se inform\u00f3 que, tal como hab\u00eda anunciado el presidente Abinader en su visita al evento, la feria qued\u00f3 instituida como una cita anual, celebr\u00e1ndose su pr\u00f3xima edici\u00f3n del 19 al 25 de abril de 2027 en Santiago.<\/p>\n<p>En el balance final, los organizadores indicaron que se registraron ventas de libros por alrededor de 10 millones de pesos.<\/p>\n<p>La feria estuvo dedicada a Ulises Francisco Espaillat, en conmemoraci\u00f3n del 150 aniversario de su gobierno, e incluy\u00f3 11 pabellones con representaci\u00f3n de las 14 provincias del Cibao, adem\u00e1s de espacios para editoriales, librer\u00edas, c\u00f3mic, artesan\u00eda, gastronom\u00eda e instituciones.<\/p>\n<p>El evento, celebrado del 20 al 26 de abril, desarroll\u00f3 unas 250 actividades entre exposiciones, presentaciones literarias, talleres, propuestas infantiles y espect\u00e1culos art\u00edsticos.<img loading=\"lazy\" decoding=\"async\" data-recalc-dims=\"1\" data-dominant-color=\"2e2123\" data-has-transparency=\"false\" style=\"--dominant-color: #2e2123\" class=\"alignnone size-full wp-image-3098081 not-transparent\" src=\"https:\/\/i0.wp.com\/nuevodiario-assets.s3.us-east-2.amazonaws.com\/wp-content\/uploads\/2026\/04\/Clausuran-Feria-del-Libro-y-Cultura-Cibao-2026-con-mas-de-100-mil-asistentes.jpeg?resize=640%2C427&#038;quality=100&#038;ssl=1\" alt=\"\" width=\"640\" height=\"427\" \/><\/p>\n<p>De igual manera, se realizaron actividades en distintos puntos de la ciudad, como el Centro Le\u00f3n, el Ateneo Amantes de la Luz y el Monumento a los H\u00e9roes de la Restauraci\u00f3n.<\/p>\n<p>La jornada de clausura culmin\u00f3 con un concierto de la Orquesta Filarm\u00f3nica de Santo Domingo, dirigida por el maestro Amaury S\u00e1nchez.<\/p>\n<p>La entrada <a href=\"https:\/\/elnuevodiario.com.do\/clausuran-feria-del-libro-y-cultura-cibao-2026-con-mas-de-100-mil-asistentes\/\">Clausuran Feria del Libro y Cultura Cibao 2026 con m\u00e1s de 100 mil asistentes<\/a> se public\u00f3 primero en <a href=\"https:\/\/elnuevodiario.com.do\">El Nuevo Diario (Rep\u00fablica Dominicana)<\/a>.<\/p>\n","protected":false},"excerpt":{"rendered":"<p>EL NUEVO DIARIO, SANTIAGO.- La vicepresidenta de la Rep\u00fablica, Raquel Pe\u00f1a, encabez\u00f3 este domingo la clausura de la Primera Feria Regional del Libro y la Cultura Cibao 2026, tras una semana de actividades que reuni\u00f3 a m\u00e1s de 100 mil visitantes en esta ciudad. Pe\u00f1a afirm\u00f3 que el evento evidencia el compromiso del Gobierno, encabezado<\/p>\n","protected":false},"author":1,"featured_media":37274,"comment_status":"open","ping_status":"open","sticky":false,"template":"","format":"standard","meta":{"footnotes":""},"categories":[1],"tags":[],"class_list":["post-37273","post","type-post","status-publish","format-standard","has-post-thumbnail","hentry","category-nacionales"],"_links":{"self":[{"href":"https:\/\/acronoticias.com\/index.php\/wp-json\/wp\/v2\/posts\/37273","targetHints":{"allow":["GET"]}}],"collection":[{"href":"https:\/\/acronoticias.com\/index.php\/wp-json\/wp\/v2\/posts"}],"about":[{"href":"https:\/\/acronoticias.com\/index.php\/wp-json\/wp\/v2\/types\/post"}],"author":[{"embeddable":true,"href":"https:\/\/acronoticias.com\/index.php\/wp-json\/wp\/v2\/users\/1"}],"replies":[{"embeddable":true,"href":"https:\/\/acronoticias.com\/index.php\/wp-json\/wp\/v2\/comments?post=37273"}],"version-history":[{"count":0,"href":"https:\/\/acronoticias.com\/index.php\/wp-json\/wp\/v2\/posts\/37273\/revisions"}],"wp:featuredmedia":[{"embeddable":true,"href":"https:\/\/acronoticias.com\/index.php\/wp-json\/wp\/v2\/media\/37274"}],"wp:attachment":[{"href":"https:\/\/acronoticias.com\/index.php\/wp-json\/wp\/v2\/media?parent=37273"}],"wp:term":[{"taxonomy":"category","embeddable":true,"href":"https:\/\/acronoticias.com\/index.php\/wp-json\/wp\/v2\/categories?post=37273"},{"taxonomy":"post_tag","embeddable":true,"href":"https:\/\/acronoticias.com\/index.php\/wp-json\/wp\/v2\/tags?post=37273"}],"curies":[{"name":"wp","href":"https:\/\/api.w.org\/{rel}","templated":true}]}}