{"id":37269,"date":"2026-04-27T00:38:08","date_gmt":"2026-04-27T00:38:08","guid":{"rendered":"https:\/\/acronoticias.com\/index.php\/2026\/04\/27\/copymecon-advierte-que-aun-no-existen-politicas-claras-para-rescatar-a-mipymes\/"},"modified":"2026-04-27T00:38:08","modified_gmt":"2026-04-27T00:38:08","slug":"copymecon-advierte-que-aun-no-existen-politicas-claras-para-rescatar-a-mipymes","status":"publish","type":"post","link":"https:\/\/acronoticias.com\/index.php\/2026\/04\/27\/copymecon-advierte-que-aun-no-existen-politicas-claras-para-rescatar-a-mipymes\/","title":{"rendered":"COPYMECON advierte que a\u00fan no existen pol\u00edticas claras para rescatar a MiPymes"},"content":{"rendered":"<p><img decoding=\"async\" width=\"355\" height=\"200\" src=\"https:\/\/nuevodiario-assets.s3.us-east-2.amazonaws.com\/wp-content\/uploads\/2026\/04\/El-presidente-de-COPYMECON-Eliseo-Cristopher-355x200.jpg\" class=\"webfeedsFeaturedVisual not-transparent wp-post-image\" alt=\"\" style=\"--dominant-color: #98795d;margin-bottom: 5px;clear:both;max-width: 100%\" loading=\"lazy\" data-has-transparency=\"false\" data-dominant-color=\"98795d\" \/><\/p>\n<section class=\"text-token-text-primary w-full focus:outline-none [--shadow-height:45px] has-data-writing-block:pointer-events-none has-data-writing-block:-mt-(--shadow-height) has-data-writing-block:pt-(--shadow-height) [&amp;:has([data-writing-block])&gt;*]:pointer-events-auto [content-visibility:auto] supports-[content-visibility:auto]:[contain-intrinsic-size:auto_100lvh] R6Vx5W_threadScrollVars scroll-mb-[calc(var(--scroll-root-safe-area-inset-bottom,0px)+var(--thread-response-height))] scroll-mt-[calc(var(--header-height)+min(200px,max(70px,20svh)))]\" dir=\"auto\" data-turn-id=\"request-WEB:22744eae-43f3-4d0f-937e-01f8ec013b3f-6\" data-testid=\"conversation-turn-14\" data-scroll-anchor=\"false\" data-turn=\"assistant\">\n<div class=\"text-base my-auto mx-auto pb-10 [--thread-content-margin:var(--thread-content-margin-xs,calc(var(--spacing)*4))] @w-sm\/main:[--thread-content-margin:var(--thread-content-margin-sm,calc(var(--spacing)*6))] @w-lg\/main:[--thread-content-margin:var(--thread-content-margin-lg,calc(var(--spacing)*16))] px-(--thread-content-margin)\">\n<div class=\"[--thread-content-max-width:40rem] @w-lg\/main:[--thread-content-max-width:48rem] mx-auto max-w-(--thread-content-max-width) flex-1 group\/turn-messages focus-visible:outline-hidden relative flex w-full min-w-0 flex-col agent-turn\">\n<div class=\"flex max-w-full flex-col gap-4 grow\">\n<div class=\"min-h-8 text-message relative flex w-full flex-col items-end gap-2 text-start break-words whitespace-normal outline-none keyboard-focused:focus-ring [.text-message+&amp;]:mt-1\" dir=\"auto\" data-message-author-role=\"assistant\" data-message-id=\"53504e30-5184-4b52-ad9d-21084863d08b\" data-message-model-slug=\"gpt-5-3\" data-turn-start-message=\"true\">\n<div class=\"flex w-full flex-col gap-1 empty:hidden\">\n<div class=\"markdown prose dark:prose-invert w-full wrap-break-word light markdown-new-styling\">\n<p data-start=\"0\" data-end=\"197\">EL NUEVO DIARIO, SANTO DOMINGO. &#8211; La <span class=\"hover:entity-accent entity-underline inline cursor-pointer align-baseline\"><span class=\"whitespace-normal\">Confederaci\u00f3n Dominicana de Micro, Peque\u00f1as y Medianas Empresas de la Construcci\u00f3n<\/span><\/span> valor\u00f3 el repunte del sector construcci\u00f3n en Rep\u00fablica Dominicana, aunque advirti\u00f3 que a\u00fan no existen pol\u00edticas claras para rescatar a las MiPymes del \u00e1rea.<\/p>\n<p data-start=\"199\" data-end=\"578\">El gremio destac\u00f3 que el sector registr\u00f3 un crecimiento interanual de 8.0 %, posicion\u00e1ndose como el de mayor expansi\u00f3n econ\u00f3mica en el per\u00edodo analizado, de acuerdo con datos del <span class=\"hover:entity-accent entity-underline inline cursor-pointer align-baseline\"><span class=\"whitespace-normal\">Banco Central de la Rep\u00fablica Dominicana<\/span><\/span>. Asimismo, el indicador mensual de actividad econ\u00f3mica reflej\u00f3 un aumento de 5.1 % en marzo de 2026, con un crecimiento acumulado de 4.1 % en el primer trimestre.<\/p>\n<p data-start=\"580\" data-end=\"892\">El presidente de COPYMECON, <span class=\"hover:entity-accent entity-underline inline cursor-pointer align-baseline\"><span class=\"whitespace-normal\">Eliseo Cristopher<\/span><\/span>, consider\u00f3 que estas cifras representan una se\u00f1al positiva tras la contracci\u00f3n de -2.4 % registrada en 2025, aunque advirti\u00f3 que se trata de un \u201crebote sobre una base muy deprimida\u201d y no necesariamente de una recuperaci\u00f3n estructural consolidada.<\/p>\n<p data-start=\"894\" data-end=\"1122\">Cristopher explic\u00f3 que parte del dinamismo responde al impulso de la construcci\u00f3n privada, favorecida por condiciones financieras m\u00e1s flexibles, incluyendo ajustes en las tasas de inter\u00e9s que han permitido reactivar inversiones.<\/p>\n<p data-start=\"1124\" data-end=\"1412\">Sin embargo, subray\u00f3 que este crecimiento no se traduce en beneficios directos para las micro, peque\u00f1as y medianas empresas del sector, que contin\u00faan enfrentando dificultades como acceso limitado a financiamiento, trabas burocr\u00e1ticas y escasa participaci\u00f3n en proyectos de obras p\u00fablicas.<\/p>\n<p data-start=\"1414\" data-end=\"1710\">En ese sentido, la organizaci\u00f3n reiter\u00f3 su llamado al Gobierno para implementar pol\u00edticas p\u00fablicas espec\u00edficas que garanticen la inclusi\u00f3n y sostenibilidad de las MiPymes constructoras, al considerar que son el segmento m\u00e1s vulnerable, pero tambi\u00e9n el m\u00e1s numeroso dentro de la cadena productiva.<\/p>\n<p data-start=\"1712\" data-end=\"1948\">COPYMECON concluy\u00f3 que el desarrollo del sector no debe concentrarse \u00fanicamente en grandes empresas, sino generar oportunidades reales para las peque\u00f1as y medianas constructoras, fundamentales para el empleo y la productividad nacional.<\/p>\n<p data-start=\"1950\" data-end=\"2103\" data-is-last-node=\"\" data-is-only-node=\"\">\n<\/div>\n<\/div>\n<\/div>\n<\/div>\n<div class=\"z-0 flex min-h-[46px] justify-start\"><\/div>\n<div class=\"mt-3 w-full empty:hidden\">\n<div class=\"text-center\"><\/div>\n<\/div>\n<\/div>\n<\/div>\n<\/section>\n<div class=\"pointer-events-none -mt-px h-px translate-y-[calc(var(--scroll-root-safe-area-inset-bottom)-14*var(--spacing))]\" aria-hidden=\"true\"><\/div>\n<p>La entrada <a href=\"https:\/\/elnuevodiario.com.do\/copymecon-advierte-que-aun-no-existen-politicas-claras-para-rescatar-a-mipymes\/\">COPYMECON advierte que a\u00fan no existen pol\u00edticas claras para rescatar a MiPymes<\/a> se public\u00f3 primero en <a href=\"https:\/\/elnuevodiario.com.do\">El Nuevo Diario (Rep\u00fablica Dominicana)<\/a>.<\/p>\n","protected":false},"excerpt":{"rendered":"<p>EL NUEVO DIARIO, SANTO DOMINGO. &#8211; La Confederaci\u00f3n Dominicana de Micro, Peque\u00f1as y Medianas Empresas de la Construcci\u00f3n valor\u00f3 el repunte del sector construcci\u00f3n en Rep\u00fablica Dominicana, aunque advirti\u00f3 que a\u00fan no existen pol\u00edticas claras para rescatar a las MiPymes del \u00e1rea. El gremio destac\u00f3 que el sector registr\u00f3 un crecimiento interanual de 8.0 %,<\/p>\n","protected":false},"author":1,"featured_media":37270,"comment_status":"open","ping_status":"open","sticky":false,"template":"","format":"standard","meta":{"footnotes":""},"categories":[1],"tags":[],"class_list":["post-37269","post","type-post","status-publish","format-standard","has-post-thumbnail","hentry","category-nacionales"],"_links":{"self":[{"href":"https:\/\/acronoticias.com\/index.php\/wp-json\/wp\/v2\/posts\/37269","targetHints":{"allow":["GET"]}}],"collection":[{"href":"https:\/\/acronoticias.com\/index.php\/wp-json\/wp\/v2\/posts"}],"about":[{"href":"https:\/\/acronoticias.com\/index.php\/wp-json\/wp\/v2\/types\/post"}],"author":[{"embeddable":true,"href":"https:\/\/acronoticias.com\/index.php\/wp-json\/wp\/v2\/users\/1"}],"replies":[{"embeddable":true,"href":"https:\/\/acronoticias.com\/index.php\/wp-json\/wp\/v2\/comments?post=37269"}],"version-history":[{"count":0,"href":"https:\/\/acronoticias.com\/index.php\/wp-json\/wp\/v2\/posts\/37269\/revisions"}],"wp:featuredmedia":[{"embeddable":true,"href":"https:\/\/acronoticias.com\/index.php\/wp-json\/wp\/v2\/media\/37270"}],"wp:attachment":[{"href":"https:\/\/acronoticias.com\/index.php\/wp-json\/wp\/v2\/media?parent=37269"}],"wp:term":[{"taxonomy":"category","embeddable":true,"href":"https:\/\/acronoticias.com\/index.php\/wp-json\/wp\/v2\/categories?post=37269"},{"taxonomy":"post_tag","embeddable":true,"href":"https:\/\/acronoticias.com\/index.php\/wp-json\/wp\/v2\/tags?post=37269"}],"curies":[{"name":"wp","href":"https:\/\/api.w.org\/{rel}","templated":true}]}}