{"id":37267,"date":"2026-04-27T00:21:55","date_gmt":"2026-04-27T00:21:55","guid":{"rendered":"https:\/\/acronoticias.com\/index.php\/2026\/04\/27\/accidente-deja-heridos-a-un-hombre-y-su-hija-en-la-salida-hato-mayor-spm\/"},"modified":"2026-04-27T00:21:55","modified_gmt":"2026-04-27T00:21:55","slug":"accidente-deja-heridos-a-un-hombre-y-su-hija-en-la-salida-hato-mayor-spm","status":"publish","type":"post","link":"https:\/\/acronoticias.com\/index.php\/2026\/04\/27\/accidente-deja-heridos-a-un-hombre-y-su-hija-en-la-salida-hato-mayor-spm\/","title":{"rendered":"Accidente deja heridos a un hombre y su hija en la salida Hato Mayor\u2013SPM"},"content":{"rendered":"<p><img decoding=\"async\" width=\"355\" height=\"200\" src=\"https:\/\/nuevodiario-assets.s3.us-east-2.amazonaws.com\/wp-content\/uploads\/2026\/04\/Accidente-deja-heridos-a-un-hombre-y-su-hija-de-10-anos-2-355x200.jpeg\" class=\"webfeedsFeaturedVisual not-transparent wp-post-image\" alt=\"\" style=\"--dominant-color: #8b8e8b;margin-bottom: 5px;clear:both;max-width: 100%\" loading=\"lazy\" data-has-transparency=\"false\" data-dominant-color=\"8b8e8b\" \/><\/p>\n<p>EL NUEVO DIARIO, HATO MAYOR.\u2013 Un hombre y su hija de 10 a\u00f1os resultaron heridos la tarde de este domingo tras un accidente de tr\u00e1nsito ocurrido en la carretera Hato Mayor\u2013San Pedro de Macor\u00eds, pr\u00f3ximo a la conocida curva de las caba\u00f1as.<\/p>\n<p>Los lesionados fueron identificados como Francisco Gabriel Pacheco, de 30 a\u00f1os y su hija Vianny Pacheco Mej\u00eda, de 10, ambos residentes en la comunidad Los Hatillos, del distrito municipal Guayabo Dulce, en esta provincia.<\/p>\n<p>Seg\u00fan el diagn\u00f3stico m\u00e9dico, Pacheco presenta trauma agudo y una herida de consideraci\u00f3n en la frente, por lo que fue ingresado en el \u00e1rea de trauma shock. En tanto, la menor presenta una herida en la barbilla, as\u00ed como fracturas en la pierna izquierda y el brazo derecho.<img decoding=\"async\" data-recalc-dims=\"1\" data-dominant-color=\"898f73\" data-has-transparency=\"false\" style=\"--dominant-color: #898f73\" loading=\"lazy\" class=\"alignnone size-full wp-image-3098016 not-transparent\" src=\"https:\/\/i0.wp.com\/nuevodiario-assets.s3.us-east-2.amazonaws.com\/wp-content\/uploads\/2026\/04\/Accidente-deja-heridos-a-un-hombre-y-su-hija-de-10-anos.jpeg?resize=640%2C360&#038;quality=100&#038;ssl=1\" alt=\"\" width=\"640\" height=\"360\" \/><\/p>\n<p>De acuerdo con las informaciones preliminares, indican que padre e hija se desplazaban a bordo de una motocicleta marca Nitro, modelo 125, color gris, con destino a su residencia, cuando colisionaron con una camioneta marca Dmax, color blanco, presuntamente conducida por una extranjera identificada como Elisa Ming-Hui Wang Wang, quien result\u00f3 ilesa.<\/p>\n<p><a href=\"https:\/\/videos.files.wordpress.com\/9PKUMJ1x\/accidente-deja-heridos-a-un-hombre-y-su-hija-de-10-anos.mp4\">accidente-deja-heridos-a-un-hombre-y-su-hija-de-10-anos-mp4<\/a><\/p>\n<p>Al lugar del hecho se presentaron unidades del Sistema Nacional de Atenci\u00f3n a Emergencias y Seguridad 911, agentes de la Polic\u00eda Nacional, miembros del Cuerpo de Bomberos, la Digesett y personal de RD Vial.<\/p>\n<p>Las autoridades retiraron los veh\u00edculos involucrados de la v\u00eda e informaron que el accidente se encuentra bajo investigaci\u00f3n para determinar las circunstancias en que ocurri\u00f3.<\/p>\n<p>La entrada <a href=\"https:\/\/elnuevodiario.com.do\/accidente-deja-heridos-a-un-hombre-y-su-hija-en-la-salida-hato-mayor-spm\/\">Accidente deja heridos a un hombre y su hija en la salida Hato Mayor\u2013SPM<\/a> se public\u00f3 primero en <a href=\"https:\/\/elnuevodiario.com.do\">El Nuevo Diario (Rep\u00fablica Dominicana)<\/a>.<\/p>\n","protected":false},"excerpt":{"rendered":"<p>EL NUEVO DIARIO, HATO MAYOR.\u2013 Un hombre y su hija de 10 a\u00f1os resultaron heridos la tarde de este domingo tras un accidente de tr\u00e1nsito ocurrido en la carretera Hato Mayor\u2013San Pedro de Macor\u00eds, pr\u00f3ximo a la conocida curva de las caba\u00f1as. Los lesionados fueron identificados como Francisco Gabriel Pacheco, de 30 a\u00f1os y su<\/p>\n","protected":false},"author":1,"featured_media":37268,"comment_status":"open","ping_status":"open","sticky":false,"template":"","format":"standard","meta":{"footnotes":""},"categories":[1],"tags":[],"class_list":["post-37267","post","type-post","status-publish","format-standard","has-post-thumbnail","hentry","category-nacionales"],"_links":{"self":[{"href":"https:\/\/acronoticias.com\/index.php\/wp-json\/wp\/v2\/posts\/37267","targetHints":{"allow":["GET"]}}],"collection":[{"href":"https:\/\/acronoticias.com\/index.php\/wp-json\/wp\/v2\/posts"}],"about":[{"href":"https:\/\/acronoticias.com\/index.php\/wp-json\/wp\/v2\/types\/post"}],"author":[{"embeddable":true,"href":"https:\/\/acronoticias.com\/index.php\/wp-json\/wp\/v2\/users\/1"}],"replies":[{"embeddable":true,"href":"https:\/\/acronoticias.com\/index.php\/wp-json\/wp\/v2\/comments?post=37267"}],"version-history":[{"count":0,"href":"https:\/\/acronoticias.com\/index.php\/wp-json\/wp\/v2\/posts\/37267\/revisions"}],"wp:featuredmedia":[{"embeddable":true,"href":"https:\/\/acronoticias.com\/index.php\/wp-json\/wp\/v2\/media\/37268"}],"wp:attachment":[{"href":"https:\/\/acronoticias.com\/index.php\/wp-json\/wp\/v2\/media?parent=37267"}],"wp:term":[{"taxonomy":"category","embeddable":true,"href":"https:\/\/acronoticias.com\/index.php\/wp-json\/wp\/v2\/categories?post=37267"},{"taxonomy":"post_tag","embeddable":true,"href":"https:\/\/acronoticias.com\/index.php\/wp-json\/wp\/v2\/tags?post=37267"}],"curies":[{"name":"wp","href":"https:\/\/api.w.org\/{rel}","templated":true}]}}