{"id":37265,"date":"2026-04-27T00:05:43","date_gmt":"2026-04-27T00:05:43","guid":{"rendered":"https:\/\/acronoticias.com\/index.php\/2026\/04\/27\/fijan-para-el-jueves-inicio-de-sexta-fase-de-evaluacion-docente-etapa-suspendida-sera-en-junio\/"},"modified":"2026-04-27T00:05:43","modified_gmt":"2026-04-27T00:05:43","slug":"fijan-para-el-jueves-inicio-de-sexta-fase-de-evaluacion-docente-etapa-suspendida-sera-en-junio","status":"publish","type":"post","link":"https:\/\/acronoticias.com\/index.php\/2026\/04\/27\/fijan-para-el-jueves-inicio-de-sexta-fase-de-evaluacion-docente-etapa-suspendida-sera-en-junio\/","title":{"rendered":"Fijan para el jueves inicio de sexta fase de evaluaci\u00f3n docente; etapa suspendida ser\u00e1 en junio"},"content":{"rendered":"<p><img loading=\"lazy\" decoding=\"async\" width=\"355\" height=\"200\" src=\"https:\/\/nuevodiario-assets.s3.us-east-2.amazonaws.com\/wp-content\/uploads\/2026\/04\/WhatsApp-Image-2026-04-26-at-5.42.13-PM-355x200.jpeg\" class=\"webfeedsFeaturedVisual not-transparent wp-post-image\" alt=\"\" style=\"--dominant-color: #a5b3ba;margin-bottom: 5px;clear:both;max-width: 100%\" data-has-transparency=\"false\" data-dominant-color=\"a5b3ba\" \/><\/p>\n<p>EL NUEVO DIARIO, SANTO DOMINGO.\u2013 La Comisi\u00f3n Nacional Rectora de la Evaluaci\u00f3n de Desempe\u00f1o Docente inform\u00f3 que la sexta etapa del proceso, correspondiente a la observaci\u00f3n de clases y planificaci\u00f3n, iniciar\u00e1 el pr\u00f3ximo jueves 30 de abril, mientras que la quinta fase, que fue suspendida por incidencias t\u00e9cnicas, ser\u00e1 reprogramada para la primera semana de junio.<\/p>\n<p>El \u00f3rgano, integrado por el Ministerio de Educaci\u00f3n (Minerd), la Asociaci\u00f3n Dominicana de Profesores (ADP) y la Asociaci\u00f3n Nacional de Profesionales y T\u00e9cnicos de la Educaci\u00f3n (Anproted), explic\u00f3 que la reprogramaci\u00f3n responde a un proceso de revisi\u00f3n y fortalecimiento de la plataforma tecnol\u00f3gica utilizada en la evaluaci\u00f3n.<\/p>\n<p>Seg\u00fan detall\u00f3, las incidencias detectadas en la quinta etapa fueron de car\u00e1cter t\u00e9cnico y ya fueron corregidas por los equipos responsables, tras la realizaci\u00f3n de pruebas que permitieron optimizar el sistema y mejorar los flujos operativos, con el objetivo de garantizar mayor eficiencia en el proceso.<\/p>\n<p>La Comisi\u00f3n precis\u00f3 que la Evaluaci\u00f3n de Rendimiento Profesional (ERP), correspondiente a la fase suspendida, se llevar\u00e1 a cabo inmediatamente despu\u00e9s de concluida la sexta etapa, incorporando mejoras que aseguren estabilidad y adecuado desarrollo.<\/p>\n<p>El Ministerio de Educaci\u00f3n reiter\u00f3 su compromiso de completar la Evaluaci\u00f3n de Desempe\u00f1o Docente, considerada una pol\u00edtica prioritaria establecida mediante la Orden Departamental 50\/2025, como parte de los esfuerzos para fortalecer la calidad educativa en el pa\u00eds.<\/p>\n<p>El proceso ha contado con la participaci\u00f3n de m\u00e1s de 115,000 docentes en todo el territorio nacional y ha alcanzado cerca de un 95 % de avance en la aplicaci\u00f3n de m\u00e1s de 750,000 instrumentos, con la ejecuci\u00f3n satisfactoria de cuatro de las seis etapas previstas.<\/p>\n<p>La Comisi\u00f3n subray\u00f3 que se trata de un proceso t\u00e9cnico, institucional y gradual, orientado a fortalecer la carrera docente, por lo que continuar\u00e1 la coordinaci\u00f3n con los gremios educativos y las instancias t\u00e9cnicas para garantizar su continuidad, equidad y rigor.<\/p>\n<p>En ese sentido, exhort\u00f3 a los docentes convocados a integrarse activamente en las etapas pendientes, destacando que el proceso busca valorar el desempe\u00f1o profesional y contribuir al fortalecimiento del sistema educativo nacional.<\/p>\n<p>Asimismo, asegur\u00f3 que se mantendr\u00e1n las condiciones necesarias para que cada maestro participe con garant\u00edas, reglas claras y respeto a sus derechos.<\/p>\n<p>La Comisi\u00f3n Nacional Rectora es presidida por el ministro de Educaci\u00f3n, Luis Miguel De Camps, y est\u00e1 conformada por autoridades del Minerd, as\u00ed como representantes de la ADP y Anproted, responsables de definir los lineamientos y dar seguimiento estrat\u00e9gico al proceso evaluativo.<\/p>\n<p>La entrada <a href=\"https:\/\/elnuevodiario.com.do\/fijan-para-el-jueves-inicio-de-sexta-fase-de-evaluacion-docente-etapa-suspendida-sera-en-junio\/\">Fijan para el jueves inicio de sexta fase de evaluaci\u00f3n docente; etapa suspendida ser\u00e1 en junio<\/a> se public\u00f3 primero en <a href=\"https:\/\/elnuevodiario.com.do\">El Nuevo Diario (Rep\u00fablica Dominicana)<\/a>.<\/p>\n","protected":false},"excerpt":{"rendered":"<p>EL NUEVO DIARIO, SANTO DOMINGO.\u2013 La Comisi\u00f3n Nacional Rectora de la Evaluaci\u00f3n de Desempe\u00f1o Docente inform\u00f3 que la sexta etapa del proceso, correspondiente a la observaci\u00f3n de clases y planificaci\u00f3n, iniciar\u00e1 el pr\u00f3ximo jueves 30 de abril, mientras que la quinta fase, que fue suspendida por incidencias t\u00e9cnicas, ser\u00e1 reprogramada para la primera semana de<\/p>\n","protected":false},"author":1,"featured_media":37266,"comment_status":"open","ping_status":"open","sticky":false,"template":"","format":"standard","meta":{"footnotes":""},"categories":[1],"tags":[],"class_list":["post-37265","post","type-post","status-publish","format-standard","has-post-thumbnail","hentry","category-nacionales"],"_links":{"self":[{"href":"https:\/\/acronoticias.com\/index.php\/wp-json\/wp\/v2\/posts\/37265","targetHints":{"allow":["GET"]}}],"collection":[{"href":"https:\/\/acronoticias.com\/index.php\/wp-json\/wp\/v2\/posts"}],"about":[{"href":"https:\/\/acronoticias.com\/index.php\/wp-json\/wp\/v2\/types\/post"}],"author":[{"embeddable":true,"href":"https:\/\/acronoticias.com\/index.php\/wp-json\/wp\/v2\/users\/1"}],"replies":[{"embeddable":true,"href":"https:\/\/acronoticias.com\/index.php\/wp-json\/wp\/v2\/comments?post=37265"}],"version-history":[{"count":0,"href":"https:\/\/acronoticias.com\/index.php\/wp-json\/wp\/v2\/posts\/37265\/revisions"}],"wp:featuredmedia":[{"embeddable":true,"href":"https:\/\/acronoticias.com\/index.php\/wp-json\/wp\/v2\/media\/37266"}],"wp:attachment":[{"href":"https:\/\/acronoticias.com\/index.php\/wp-json\/wp\/v2\/media?parent=37265"}],"wp:term":[{"taxonomy":"category","embeddable":true,"href":"https:\/\/acronoticias.com\/index.php\/wp-json\/wp\/v2\/categories?post=37265"},{"taxonomy":"post_tag","embeddable":true,"href":"https:\/\/acronoticias.com\/index.php\/wp-json\/wp\/v2\/tags?post=37265"}],"curies":[{"name":"wp","href":"https:\/\/api.w.org\/{rel}","templated":true}]}}