{"id":37250,"date":"2026-04-26T22:49:36","date_gmt":"2026-04-26T22:49:36","guid":{"rendered":"https:\/\/acronoticias.com\/index.php\/2026\/04\/26\/sheinbaum-inaugura-tren-que-conectara-la-capital-mexicana-con-estados-de-mexico-e-hidalgo\/"},"modified":"2026-04-26T22:49:36","modified_gmt":"2026-04-26T22:49:36","slug":"sheinbaum-inaugura-tren-que-conectara-la-capital-mexicana-con-estados-de-mexico-e-hidalgo","status":"publish","type":"post","link":"https:\/\/acronoticias.com\/index.php\/2026\/04\/26\/sheinbaum-inaugura-tren-que-conectara-la-capital-mexicana-con-estados-de-mexico-e-hidalgo\/","title":{"rendered":"Sheinbaum inaugura tren que conectar\u00e1 la capital mexicana con Estados de M\u00e9xico e Hidalgo"},"content":{"rendered":"<p>La presidenta mexicana, <strong>Claudia Sheinbaum<\/strong>, inaugur\u00f3 este domingo el tren \u2018<strong>Felipe \u00c1ngeles<\/strong>\u2019, que conectar\u00e1 a la capital con los estados de <strong>M\u00e9xico<\/strong> e <strong>Hidalgo<\/strong>, en el centro del pa\u00eds.<\/p>\n<p>El tren busca mejorar el acceso desde la capital mexicana a la terminal a\u00e9rea del <strong>Aeropuerto Internacional Felipe \u00c1ngeles<\/strong> (<strong>AIFA<\/strong>), abaratar traslados para municipios perif\u00e9ricos del <strong>Estado de M\u00e9xico<\/strong> y recuperar a <strong>Buenavista<\/strong>, en la <strong>Ciudad de M\u00e9xico<\/strong>, como nodo ferroviario nacional.<\/p>\n<p>Este tren, que conecta <strong>Ciudad de M\u00e9xico<\/strong> con <strong>Estado de M\u00e9xico<\/strong> y el estado de <strong>Hidalgo<\/strong>, llevar\u00e1 el nombre, a partir de hoy, de tren <strong>Felipe \u00c1ngeles<\/strong>\u201d, afirm\u00f3 la mandataria durante la ceremonia de apertura de la obra, que forma parte de su pol\u00edtica de rescate de trenes de pasajeros.<\/p>\n<ul class=\"wp-block-list\">\n<li>La ruta tiene un recorrido de 41,6 kil\u00f3metros entre <strong>Buenavista<\/strong> y el <strong>AIFA<\/strong>.<\/li>\n<\/ul>\n<h3 class=\"wp-block-heading\">Tiempos y operaci\u00f3n<\/h3>\n<p>En su primera etapa, el traslado tomar\u00e1 alrededor de 60 minutos, aunque las autoridades prev\u00e9n <strong>reducirlo a 43 minutos conforme se estabilice la operaci\u00f3n.<\/strong><\/p>\n<p>El servicio iniciar\u00e1 con cuatro trenes en circulaci\u00f3n, uno en reserva y uno en mantenimiento, aunque cuenta <strong>con diez trenes listos para incorporarse de forma progresiva.<\/strong><\/p>\n<figure class=\"wp-block-image size-full\"><img loading=\"lazy\" decoding=\"async\" width=\"200\" height=\"120\" src=\"https:\/\/multimedia.noticiassin.com\/wp-content\/uploads\/2026\/04\/sheinbaum-inaugura-tren-que-conectara-la-capital-mexicana-con-estados-de-mexico-20260426-215155-tjWM.webp\" alt=\"\" class=\"wp-image-1986794\" \/><\/figure>\n<p>Cada unidad tiene capacidad para 719 pasajeros, con una frecuencia inicial de 30 minutos y <strong>una meta de reducirla a 12 minutos.<\/strong><\/p>\n<p>Durante el primer mes, el trayecto entre <strong>Buenavista<\/strong> y el <strong>AIFA<\/strong> tendr\u00e1 una tarifa promocional de 45 pesos (unos 2,5 d\u00f3lares), mientras que los viajes a estaciones intermedias costar\u00e1n 11,5 pesos (casi 0,64 d\u00f3lares).<\/p>\n<p>Las tarifas definitivas <strong>se publicar\u00e1n despu\u00e9s de ese periodo.<\/strong><\/p>\n<h3 class=\"wp-block-heading\">Conexiones y alcance<\/h3>\n<p>La obra apunta tambi\u00e9n a atender la movilidad cotidiana de municipios del <strong>Estado de M\u00e9xico<\/strong>, no solo a pasajeros a\u00e9reos, toda vez que conecta con el <strong>Tren Suburbano<\/strong> <strong>Buenavista-Cuautitl\u00e1n<\/strong>, la <strong>L\u00ednea B<\/strong> del <strong>Metro<\/strong>, tres l\u00edneas del <strong>Metrob\u00fas<\/strong>, <strong>Ecobici<\/strong>, <strong>Mexib\u00fas<\/strong> y transporte p\u00fablico local, todas en la entidad m\u00e1s poblada del pa\u00eds.<\/p>\n<p><strong>Sheinbaum<\/strong> defendi\u00f3 la obra como parte de una visi\u00f3n social de la infraestructura.<\/p>\n<p>Garantizamos el derecho a la alimentaci\u00f3n, el derecho a la educaci\u00f3n, el derecho a la salud y<strong> tambi\u00e9n el derecho a la movilidad\u201d, dijo.<\/strong><\/p>\n<p>La mandataria a\u00f1adi\u00f3 que el rescate ferroviario representa \u201cla posibilidad de que las y los mexicanos, a precios accesibles y <strong>en el mejor transporte posible, puedan moverse por todo el pa\u00eds\u201d.<\/strong><\/p>\n<h3 class=\"wp-block-heading\">Nuevas rutas y estaciones<\/h3>\n<p>Adem\u00e1s de conectar con el <strong>AIFA<\/strong>, <strong>Buenavista<\/strong> se perfila como punto de partida de nuevas rutas ferroviarias hacia <strong>Pachuca<\/strong>, <strong>Quer\u00e9taro<\/strong>, <strong>Monterrey<\/strong>, <strong>Nuevo Laredo<\/strong>, <strong>Guadalajara<\/strong> y <strong>Celaya<\/strong>, seg\u00fan explic\u00f3 <strong>Andr\u00e9s Lajous<\/strong>, director general de la <strong>Agencia de Trenes y Transporte P\u00fablico Integrado<\/strong> del Gobierno mexicano.<\/p>\n<p>El proyecto incluye seis estaciones nuevas, elevadores, gu\u00edas podot\u00e1ctiles, espacios para maletas, <strong>videovigilancia, bocinas y accesibilidad universal en estaciones y trenes.<\/strong><\/p>\n<p>Hoy le decimos al pueblo de <strong>M\u00e9xico<\/strong>: gobernamos para el pueblo, misi\u00f3n cumplida, pueblo de <strong>M\u00e9xico<\/strong>\u201d, cerr\u00f3 <strong>Sheinbaum<\/strong> antes del corte de list\u00f3n.<\/p>\n","protected":false},"excerpt":{"rendered":"<p>La presidenta mexicana, Claudia Sheinbaum, inaugur\u00f3 este domingo el tren \u2018Felipe \u00c1ngeles\u2019, que conectar\u00e1 a la capital con los estados de M\u00e9xico e Hidalgo, en el centro del pa\u00eds. El tren busca mejorar el acceso desde la capital mexicana a la terminal a\u00e9rea del Aeropuerto Internacional Felipe \u00c1ngeles (AIFA), abaratar traslados para municipios perif\u00e9ricos del<\/p>\n","protected":false},"author":1,"featured_media":37251,"comment_status":"open","ping_status":"open","sticky":false,"template":"","format":"standard","meta":{"footnotes":""},"categories":[3],"tags":[],"class_list":["post-37250","post","type-post","status-publish","format-standard","has-post-thumbnail","hentry","category-internacionales"],"_links":{"self":[{"href":"https:\/\/acronoticias.com\/index.php\/wp-json\/wp\/v2\/posts\/37250","targetHints":{"allow":["GET"]}}],"collection":[{"href":"https:\/\/acronoticias.com\/index.php\/wp-json\/wp\/v2\/posts"}],"about":[{"href":"https:\/\/acronoticias.com\/index.php\/wp-json\/wp\/v2\/types\/post"}],"author":[{"embeddable":true,"href":"https:\/\/acronoticias.com\/index.php\/wp-json\/wp\/v2\/users\/1"}],"replies":[{"embeddable":true,"href":"https:\/\/acronoticias.com\/index.php\/wp-json\/wp\/v2\/comments?post=37250"}],"version-history":[{"count":0,"href":"https:\/\/acronoticias.com\/index.php\/wp-json\/wp\/v2\/posts\/37250\/revisions"}],"wp:featuredmedia":[{"embeddable":true,"href":"https:\/\/acronoticias.com\/index.php\/wp-json\/wp\/v2\/media\/37251"}],"wp:attachment":[{"href":"https:\/\/acronoticias.com\/index.php\/wp-json\/wp\/v2\/media?parent=37250"}],"wp:term":[{"taxonomy":"category","embeddable":true,"href":"https:\/\/acronoticias.com\/index.php\/wp-json\/wp\/v2\/categories?post=37250"},{"taxonomy":"post_tag","embeddable":true,"href":"https:\/\/acronoticias.com\/index.php\/wp-json\/wp\/v2\/tags?post=37250"}],"curies":[{"name":"wp","href":"https:\/\/api.w.org\/{rel}","templated":true}]}}