{"id":37248,"date":"2026-04-26T22:42:41","date_gmt":"2026-04-26T22:42:41","guid":{"rendered":"https:\/\/acronoticias.com\/index.php\/2026\/04\/26\/dirigente-de-la-fuerza-del-pueblo-denuncia-fallas-en-carretera-recien-inaugurada-en-santiago\/"},"modified":"2026-04-26T22:42:41","modified_gmt":"2026-04-26T22:42:41","slug":"dirigente-de-la-fuerza-del-pueblo-denuncia-fallas-en-carretera-recien-inaugurada-en-santiago","status":"publish","type":"post","link":"https:\/\/acronoticias.com\/index.php\/2026\/04\/26\/dirigente-de-la-fuerza-del-pueblo-denuncia-fallas-en-carretera-recien-inaugurada-en-santiago\/","title":{"rendered":"Dirigente de la Fuerza del Pueblo denuncia fallas en carretera reci\u00e9n inaugurada en Santiago"},"content":{"rendered":"<p><img decoding=\"async\" width=\"355\" height=\"200\" src=\"https:\/\/nuevodiario-assets.s3.us-east-2.amazonaws.com\/wp-content\/uploads\/2026\/04\/Dirigente-denuncia-fallas-en-carretera-Santiago-3-355x200.jpeg\" class=\"webfeedsFeaturedVisual not-transparent wp-post-image\" alt=\"\" style=\"--dominant-color: #406255;margin-bottom: 5px;clear:both;max-width: 100%\" loading=\"lazy\" data-has-transparency=\"false\" data-dominant-color=\"406255\" \/><\/p>\n<p>EL NUEVO DIARIO, SANTIAGO.- El dirigente pol\u00edtico Jeffrey Infante, miembro de la Direcci\u00f3n Central de la Fuerza del Pueblo y de la Comisi\u00f3n de Infraestructura de esa organizaci\u00f3n denunci\u00f3 este domingo presuntas fallas en la carretera Cruce de Pedregal\u2013La Gu\u00e1zuma, en Santiago, la cual seg\u00fan afirm\u00f3 fue inaugurada sin estar completamente terminada.<\/p>\n<p>A trav\u00e9s de su cuenta en la red social X (antes Twitter) Infante sostuvo que la obra, que habr\u00eda tenido un costo de RD$872 millones, ya presenta deterioros pese a su reciente entrega.<img loading=\"lazy\" decoding=\"async\" data-recalc-dims=\"1\" data-dominant-color=\"eef0f0\" data-has-transparency=\"false\" style=\"--dominant-color: #eef0f0\" class=\"alignnone size-full wp-image-3097916 not-transparent\" src=\"https:\/\/i0.wp.com\/nuevodiario-assets.s3.us-east-2.amazonaws.com\/wp-content\/uploads\/2026\/04\/TUit.jpeg?resize=640%2C1114&#038;quality=100&#038;ssl=1\" alt=\"\" width=\"640\" height=\"1114\" \/><\/p>\n<p>\u201cRD$872 millones despu\u00e9s\u2026 y la carretera ya est\u00e1 fallando. Ayer la inauguraron sin terminar. Hoy ya tiene fallas\u201d, expres\u00f3.<img loading=\"lazy\" decoding=\"async\" data-recalc-dims=\"1\" data-dominant-color=\"918b83\" data-has-transparency=\"false\" style=\"--dominant-color: #918b83\" class=\"alignnone size-full wp-image-3097901 not-transparent\" src=\"https:\/\/i0.wp.com\/nuevodiario-assets.s3.us-east-2.amazonaws.com\/wp-content\/uploads\/2026\/04\/Dirigente-denuncia-fallas-en-carretera-Santiago-2.jpeg?resize=640%2C853&#038;quality=100&#038;ssl=1\" alt=\"\" width=\"640\" height=\"853\" \/><\/p>\n<p>El dirigente indic\u00f3 que el proyecto fue ejecutado durante cuatro a\u00f1os con una extensi\u00f3n de 9.8 kil\u00f3metros, lo que representa un costo aproximado de RD$89 millones por kil\u00f3metro.<\/p>\n<p>Asimismo, asegur\u00f3 que la v\u00eda presenta baches, grietas, taludes inestables, barandas en mal estado y tramos a\u00fan en proceso de asfaltado, lo que a su juicio evidencia deficiencias en su construcci\u00f3n.<\/p>\n<figure id=\"attachment_3097900\" aria-describedby=\"caption-attachment-3097900\" style=\"width: 960px\" class=\"wp-caption alignnone\"><img decoding=\"async\" data-recalc-dims=\"1\" data-dominant-color=\"7a8080\" data-has-transparency=\"false\" style=\"--dominant-color: #7a8080\" loading=\"lazy\" class=\"size-full wp-image-3097900 not-transparent\" src=\"https:\/\/i0.wp.com\/nuevodiario-assets.s3.us-east-2.amazonaws.com\/wp-content\/uploads\/2026\/04\/Dirigente-denuncia-fallas-en-carretera-Santiago.jpeg?resize=640%2C853&#038;quality=100&#038;ssl=1\" alt=\"\" width=\"640\" height=\"853\" \/><figcaption id=\"caption-attachment-3097900\" class=\"wp-caption-text\">Dirigente denuncia fallas en carretera Cruce de Pedregal-La Gu\u00e1zuma en Santiago. Fuente externa<\/figcaption><\/figure>\n<p>\u201cAs\u00ed no se entrega una obra p\u00fablica\u201d, concluy\u00f3<\/p>\n<p><img decoding=\"async\" data-recalc-dims=\"1\" data-dominant-color=\"848981\" data-has-transparency=\"false\" style=\"--dominant-color: #848981\" loading=\"lazy\" class=\"alignnone size-full wp-image-3097911 not-transparent\" src=\"https:\/\/i0.wp.com\/nuevodiario-assets.s3.us-east-2.amazonaws.com\/wp-content\/uploads\/2026\/04\/Dirigente-denuncia-fallas-en-carretera-Santiago-4.jpeg?resize=640%2C797&#038;quality=100&#038;ssl=1\" alt=\"\" width=\"640\" height=\"797\" \/><\/p>\n<p>La entrada <a href=\"https:\/\/elnuevodiario.com.do\/dirigente-de-la-fuerza-del-pueblo-denuncia-fallas-en-carretera-recien-inaugurada-en-santiago\/\">Dirigente de la Fuerza del Pueblo denuncia fallas en carretera reci\u00e9n inaugurada en Santiago<\/a> se public\u00f3 primero en <a href=\"https:\/\/elnuevodiario.com.do\">El Nuevo Diario (Rep\u00fablica Dominicana)<\/a>.<\/p>\n","protected":false},"excerpt":{"rendered":"<p>EL NUEVO DIARIO, SANTIAGO.- El dirigente pol\u00edtico Jeffrey Infante, miembro de la Direcci\u00f3n Central de la Fuerza del Pueblo y de la Comisi\u00f3n de Infraestructura de esa organizaci\u00f3n denunci\u00f3 este domingo presuntas fallas en la carretera Cruce de Pedregal\u2013La Gu\u00e1zuma, en Santiago, la cual seg\u00fan afirm\u00f3 fue inaugurada sin estar completamente terminada. A trav\u00e9s de<\/p>\n","protected":false},"author":1,"featured_media":37249,"comment_status":"open","ping_status":"open","sticky":false,"template":"","format":"standard","meta":{"footnotes":""},"categories":[1],"tags":[],"class_list":["post-37248","post","type-post","status-publish","format-standard","has-post-thumbnail","hentry","category-nacionales"],"_links":{"self":[{"href":"https:\/\/acronoticias.com\/index.php\/wp-json\/wp\/v2\/posts\/37248","targetHints":{"allow":["GET"]}}],"collection":[{"href":"https:\/\/acronoticias.com\/index.php\/wp-json\/wp\/v2\/posts"}],"about":[{"href":"https:\/\/acronoticias.com\/index.php\/wp-json\/wp\/v2\/types\/post"}],"author":[{"embeddable":true,"href":"https:\/\/acronoticias.com\/index.php\/wp-json\/wp\/v2\/users\/1"}],"replies":[{"embeddable":true,"href":"https:\/\/acronoticias.com\/index.php\/wp-json\/wp\/v2\/comments?post=37248"}],"version-history":[{"count":0,"href":"https:\/\/acronoticias.com\/index.php\/wp-json\/wp\/v2\/posts\/37248\/revisions"}],"wp:featuredmedia":[{"embeddable":true,"href":"https:\/\/acronoticias.com\/index.php\/wp-json\/wp\/v2\/media\/37249"}],"wp:attachment":[{"href":"https:\/\/acronoticias.com\/index.php\/wp-json\/wp\/v2\/media?parent=37248"}],"wp:term":[{"taxonomy":"category","embeddable":true,"href":"https:\/\/acronoticias.com\/index.php\/wp-json\/wp\/v2\/categories?post=37248"},{"taxonomy":"post_tag","embeddable":true,"href":"https:\/\/acronoticias.com\/index.php\/wp-json\/wp\/v2\/tags?post=37248"}],"curies":[{"name":"wp","href":"https:\/\/api.w.org\/{rel}","templated":true}]}}