{"id":37246,"date":"2026-04-26T22:26:34","date_gmt":"2026-04-26T22:26:34","guid":{"rendered":"https:\/\/acronoticias.com\/index.php\/2026\/04\/26\/alcalde-de-villa-montellano-confia-en-recuperacion-del-municipio-tras-riadas-del-rio-camu\/"},"modified":"2026-04-26T22:26:34","modified_gmt":"2026-04-26T22:26:34","slug":"alcalde-de-villa-montellano-confia-en-recuperacion-del-municipio-tras-riadas-del-rio-camu","status":"publish","type":"post","link":"https:\/\/acronoticias.com\/index.php\/2026\/04\/26\/alcalde-de-villa-montellano-confia-en-recuperacion-del-municipio-tras-riadas-del-rio-camu\/","title":{"rendered":"Alcalde de Villa Montellano conf\u00eda en recuperaci\u00f3n del municipio tras riadas del r\u00edo Cam\u00fa"},"content":{"rendered":"<p><img loading=\"lazy\" decoding=\"async\" width=\"355\" height=\"200\" src=\"https:\/\/nuevodiario-assets.s3.us-east-2.amazonaws.com\/wp-content\/uploads\/2026\/04\/WhatsApp-Image-2026-04-26-at-3.50.31-PM-355x200.jpeg\" class=\"webfeedsFeaturedVisual not-transparent wp-post-image\" alt=\"\" style=\"--dominant-color: #ad7767;margin-bottom: 5px;clear:both;max-width: 100%\" data-has-transparency=\"false\" data-dominant-color=\"ad7767\" \/><\/p>\n<p>EL NUEVO DIARIO,\u00a0PUERTO PLATA.\u2013 El alcalde de Villa Montellano, H\u00e9ctor Almonte, expres\u00f3 su optimismo sobre la recuperaci\u00f3n del municipio tras las graves afectaciones provocadas por las crecidas del r\u00edo Cam\u00fa durante un temporal lluvioso registrado hace dos semanas.<\/p>\n<p>El ejecutivo municipal asegur\u00f3 que la demarcaci\u00f3n avanza de manera progresiva hacia la normalidad, gracias al respaldo recibido tanto del Gobierno central como del sector privado desde las primeras horas de la emergencia.<\/p>\n<p>Almonte explic\u00f3 que, tras las inundaciones generadas por las intensas lluvias, el municipio ha ido recuperando la tranquilidad. Destac\u00f3 que la respuesta oficial fue inmediata, con una comunicaci\u00f3n constante con las autoridades nacionales que permiti\u00f3 movilizar recursos e instituciones hacia la zona afectada.<\/p>\n<p>Precis\u00f3 que el apoyo incluy\u00f3 asistencia social, operativos m\u00e9dicos y jornadas de limpieza para restablecer las condiciones b\u00e1sicas en las comunidades impactadas. A esto se sum\u00f3 la colaboraci\u00f3n de sectores empresariales, que aportaron alimentos, agua potable, equipos pesados y apoyo log\u00edstico.<\/p>\n<p>Seg\u00fan indic\u00f3, estas acciones han permitido retomar gradualmente las actividades cotidianas y brindar asistencia a cientos de familias afectadas por las inundaciones.<\/p>\n<p>El alcalde record\u00f3 la magnitud del evento ocurrido la tarde del s\u00e1bado 11 de abril, cuando las lluvias provocaron el desbordamiento del r\u00edo Cam\u00fa, generando severos da\u00f1os en gran parte del municipio. Se\u00f1al\u00f3 que, desde que se declar\u00f3 la alerta roja, encabez\u00f3 recorridos por distintas comunidades para exhortar a los residentes a evacuar zonas vulnerables, acompa\u00f1ando a los organismos de socorro en las labores de respuesta.<\/p>\n<p>\u201cA las 9:35 de la noche del s\u00e1bado 11 de abril de 2026, cuando las calles se llenaron de agua, tambi\u00e9n se llenaron de compromiso para nosotros como autoridad\u201d, expres\u00f3.<\/p>\n<p>Relat\u00f3 que uno de los momentos m\u00e1s cr\u00edticos fue observar a familias intentando proteger a ni\u00f1os y envejecientes mientras sus viviendas se inundaban r\u00e1pidamente, lo que oblig\u00f3 a trasladar personas a refugios temporales, como el multiuso municipal.<\/p>\n<p>Asimismo, inform\u00f3 que miles de viviendas resultaron afectadas, superando las estimaciones iniciales. Indic\u00f3 que todos los sectores urbanos de Montellano registraron alg\u00fan nivel de impacto, mientras que varias comunidades rurales sufrieron da\u00f1os severos, incluyendo viviendas destruidas y parcialmente afectadas.<\/p>\n<p>En ese sentido, se\u00f1al\u00f3 que brigadas t\u00e9cnicas contin\u00faan realizando levantamientos para determinar con precisi\u00f3n el alcance de las p\u00e9rdidas materiales.<\/p>\n<p><strong>Asistencia, recuperaci\u00f3n y soluciones<\/strong><\/p>\n<p>El alcalde destac\u00f3 que las autoridades mantienen la entrega de enseres del hogar y asistencia directa a las familias afectadas, como parte de un proceso orientado a garantizar que la ayuda llegue a quienes m\u00e1s la necesitan.<\/p>\n<p>Reconoci\u00f3 que la recuperaci\u00f3n total del municipio tomar\u00e1 tiempo y requerir\u00e1 el esfuerzo conjunto de las instituciones y la ciudadan\u00eda. No obstante, adelant\u00f3 que el Gobierno central tiene previsto ejecutar obras para reducir el riesgo de futuras inundaciones.<\/p>\n<p>Entre las acciones contempladas figuran la construcci\u00f3n de muros de gaviones en la ribera del r\u00edo Cam\u00fa, el mejoramiento del sistema de drenaje pluvial y sanitario, as\u00ed como intervenciones en r\u00edos, arroyos y ca\u00f1adas.<\/p>\n<p>Adem\u00e1s, se planifica desarrollar un proyecto habitacional para reubicar a familias que residen en zonas de alto riesgo, junto con trabajos de dragado en puntos estrat\u00e9gicos vulnerables a la acumulaci\u00f3n de sedimentos.<\/p>\n<p>Almonte ofreci\u00f3 estas declaraciones durante una entrevista concedida a los comunicadores Sujel Gonz\u00e1lez y Julio C\u00e9sar D\u00edaz, de la televisora Miavisi\u00f3n, donde reiter\u00f3 que las acciones en marcha forman parte de una estrategia integral para fortalecer la resiliencia del municipio ante eventos clim\u00e1ticos extremos.<\/p>\n<p>La entrada <a href=\"https:\/\/elnuevodiario.com.do\/alcalde-de-villa-montellano-confia-en-recuperacion-del-municipio-tras-riadas-del-rio-camu\/\">Alcalde de Villa Montellano conf\u00eda en recuperaci\u00f3n del municipio tras riadas del r\u00edo Cam\u00fa<\/a> se public\u00f3 primero en <a href=\"https:\/\/elnuevodiario.com.do\">El Nuevo Diario (Rep\u00fablica Dominicana)<\/a>.<\/p>\n","protected":false},"excerpt":{"rendered":"<p>EL NUEVO DIARIO,\u00a0PUERTO PLATA.\u2013 El alcalde de Villa Montellano, H\u00e9ctor Almonte, expres\u00f3 su optimismo sobre la recuperaci\u00f3n del municipio tras las graves afectaciones provocadas por las crecidas del r\u00edo Cam\u00fa durante un temporal lluvioso registrado hace dos semanas. El ejecutivo municipal asegur\u00f3 que la demarcaci\u00f3n avanza de manera progresiva hacia la normalidad, gracias al respaldo<\/p>\n","protected":false},"author":1,"featured_media":37247,"comment_status":"open","ping_status":"open","sticky":false,"template":"","format":"standard","meta":{"footnotes":""},"categories":[1],"tags":[],"class_list":["post-37246","post","type-post","status-publish","format-standard","has-post-thumbnail","hentry","category-nacionales"],"_links":{"self":[{"href":"https:\/\/acronoticias.com\/index.php\/wp-json\/wp\/v2\/posts\/37246","targetHints":{"allow":["GET"]}}],"collection":[{"href":"https:\/\/acronoticias.com\/index.php\/wp-json\/wp\/v2\/posts"}],"about":[{"href":"https:\/\/acronoticias.com\/index.php\/wp-json\/wp\/v2\/types\/post"}],"author":[{"embeddable":true,"href":"https:\/\/acronoticias.com\/index.php\/wp-json\/wp\/v2\/users\/1"}],"replies":[{"embeddable":true,"href":"https:\/\/acronoticias.com\/index.php\/wp-json\/wp\/v2\/comments?post=37246"}],"version-history":[{"count":0,"href":"https:\/\/acronoticias.com\/index.php\/wp-json\/wp\/v2\/posts\/37246\/revisions"}],"wp:featuredmedia":[{"embeddable":true,"href":"https:\/\/acronoticias.com\/index.php\/wp-json\/wp\/v2\/media\/37247"}],"wp:attachment":[{"href":"https:\/\/acronoticias.com\/index.php\/wp-json\/wp\/v2\/media?parent=37246"}],"wp:term":[{"taxonomy":"category","embeddable":true,"href":"https:\/\/acronoticias.com\/index.php\/wp-json\/wp\/v2\/categories?post=37246"},{"taxonomy":"post_tag","embeddable":true,"href":"https:\/\/acronoticias.com\/index.php\/wp-json\/wp\/v2\/tags?post=37246"}],"curies":[{"name":"wp","href":"https:\/\/api.w.org\/{rel}","templated":true}]}}