{"id":37236,"date":"2026-04-26T21:38:25","date_gmt":"2026-04-26T21:38:25","guid":{"rendered":"https:\/\/acronoticias.com\/index.php\/2026\/04\/26\/leonel-fernandez-rechaza-fusion-del-minerd-con-el-mescyt\/"},"modified":"2026-04-26T21:38:25","modified_gmt":"2026-04-26T21:38:25","slug":"leonel-fernandez-rechaza-fusion-del-minerd-con-el-mescyt","status":"publish","type":"post","link":"https:\/\/acronoticias.com\/index.php\/2026\/04\/26\/leonel-fernandez-rechaza-fusion-del-minerd-con-el-mescyt\/","title":{"rendered":"Leonel Fern\u00e1ndez rechaza fusi\u00f3n del Minerd con el MESCyT"},"content":{"rendered":"<p><img loading=\"lazy\" decoding=\"async\" width=\"355\" height=\"200\" src=\"https:\/\/nuevodiario-assets.s3.us-east-2.amazonaws.com\/wp-content\/uploads\/2026\/04\/Leonel-Fernandez-3-355x200.jpeg\" class=\"webfeedsFeaturedVisual not-transparent wp-post-image\" alt=\"\" style=\"--dominant-color: #5c675d;margin-bottom: 5px;clear:both;max-width: 100%\" data-has-transparency=\"false\" data-dominant-color=\"5c675d\" \/><\/p>\n<p>EL NUEVO DIARIO, SANTO DOMINGO.- El presidente del partido Fuerza del Pueblo (FP) y expresidente de la Rep\u00fablica, Leonel Fern\u00e1ndez, rechaz\u00f3 de manera categ\u00f3rica cualquier intento de fusionar el Ministerio de Educaci\u00f3n Superior, Ciencia y Tecnolog\u00eda (MESCyT) con el Ministerio de Educaci\u00f3n (Minerd), al tiempo que plante\u00f3 su visi\u00f3n sobre la transformaci\u00f3n de la Universidad Aut\u00f3noma de Santo Domingo (UASD), basada en la expansi\u00f3n global del conocimiento.<\/p>\n<p>Las declaraciones del expresidente fueron ofrecidas al encabezar un encuentro con el sector universitario de la Fuerza del Pueblo, realizado en el Pabell\u00f3n de la Fama del Deporte Dominicano, en el Centro Ol\u00edmpico Juan Pablo Duarte, con la participaci\u00f3n de docentes, estudiantes y personal administrativo de la UASD y universidades privadas.<\/p>\n<p>\u201cA nosotros en la Fuerza del Pueblo, jam\u00e1s se nos ocurrir\u00eda, ni siquiera pensar que se pueda fusionar el Ministerio de Educaci\u00f3n Superior, Ciencia y Tecnolog\u00eda con el Ministerio de Educaci\u00f3n\u201d, expres\u00f3 Fern\u00e1ndez provocando la ovaci\u00f3n de los presentes.<\/p>\n<figure id=\"attachment_3097839\" aria-describedby=\"caption-attachment-3097839\" style=\"width: 1280px\" class=\"wp-caption alignnone\"><img loading=\"lazy\" decoding=\"async\" data-recalc-dims=\"1\" data-dominant-color=\"62655f\" data-has-transparency=\"false\" style=\"--dominant-color: #62655f\" class=\"size-full wp-image-3097839 not-transparent\" src=\"https:\/\/i0.wp.com\/nuevodiario-assets.s3.us-east-2.amazonaws.com\/wp-content\/uploads\/2026\/04\/Fuerza-del-Pueblo-1.jpeg?resize=640%2C300&#038;quality=100&#038;ssl=1\" alt=\"\" width=\"640\" height=\"300\" \/><figcaption id=\"caption-attachment-3097839\" class=\"wp-caption-text\"><\/strong><\/em> <em><strong>El exmandatario plantea transformar la UASD de cara al V Centenario en 2038 (Foto: Secretar\u00eda de Comunicaciones)<\/strong><\/em><\/figcaption><\/figure>\n<p>El exmandatario advirti\u00f3 que una decisi\u00f3n de esa naturaleza refleja un desconocimiento del sistema educativo y podr\u00eda agravar las debilidades existentes.<\/p>\n<p>En ese sentido, cuestion\u00f3 la gesti\u00f3n del actual gobierno del Partido Revolucionario Moderno (PRM). \u201cSi hemos tenido un fracaso total, absoluto, radical con el Ministerio de Educaci\u00f3n, \u00bfc\u00f3mo vamos a contagiar ahora la educaci\u00f3n superior?\u201d, plante\u00f3.<\/p>\n<p>En otro orden, Fern\u00e1ndez expuso su visi\u00f3n sobre el futuro de la educaci\u00f3n superior en el pa\u00eds, se\u00f1alando que el siglo XXI exige un cambio de paradigma en la formaci\u00f3n de los futuros profesionales basado la ense\u00f1anza-aprendizaje en el conocimiento.<\/p>\n<p>\u201cLa revoluci\u00f3n de la universidad en este siglo es la revoluci\u00f3n del conocimiento, y a eso aspiramos: a que la UASD, junto a otras entidades de educaci\u00f3n superior, lidere esa transformaci\u00f3n\u201d, indic\u00f3.<\/p>\n<p>Asimismo, sostuvo que a partir de 2028 impulsar\u00e1 un nuevo ciclo hist\u00f3rico orientado a convertir a la Rep\u00fablica Dominicana en una sociedad y econom\u00eda del conocimiento, apoyada en centros acad\u00e9micos y de investigaci\u00f3n s\u00f3lidos.<\/p>\n<p>En ese contexto, plante\u00f3 la necesidad de una UASD con proyecci\u00f3n global, sustentada en el uso de plataformas digitales. \u201cQuisiera ver una UASD con un campus virtual que abarque toda Am\u00e9rica Latina, que se conecte con Europa y el mundo asi\u00e1tico, con presencia universal a trav\u00e9s de la tecnolog\u00eda\u201d, afirm\u00f3.<\/p>\n<p>El encuentro fue organizado por la Secretar\u00eda de Educaci\u00f3n Superior de la Fuerza del Pueblo, cuya titular, la maestra Ligia Amada Melo, destac\u00f3 la importancia de estructurar y fortalecer el sector acad\u00e9mico como base para el desarrollo del pa\u00eds.<\/p>\n<p>Asimismo, Melo hizo un recuento de los aportes de Leonel Fern\u00e1ndez a la educaci\u00f3n superior, resaltando la transformaci\u00f3n de la UASD durante sus gestiones de gobierno, a trav\u00e9s de la construcci\u00f3n del Aula Magna; la Torre Administrativa; la Biblioteca Pedro Mir; el edificio donde funcionan lo laboratorios de alta tecnolog\u00eda, as\u00ed como la remodelaci\u00f3n de la Facultad de Ciencias Econ\u00f3micas y Sociales; el Comedor Universitario y el edificio de estacionamientos.<\/p>\n<p>Asimismo, destac\u00f3 la expansi\u00f3n de la universidad mediante la creaci\u00f3n y fortalecimiento de ciudades universitarias en Santiago, San Francisco de Macor\u00eds, San Juan, Barahona, Hig\u00fcey y Mao, as\u00ed como iniciativas como el programa Ingl\u00e9s por Inmersi\u00f3n y el Fondo Nacional de Innovaci\u00f3n y Desarrollo Cient\u00edfico y Tecnol\u00f3gico (FONDOCYT).<\/p>\n<p>En la actividad participaron candidatos a puestos electivos en la UASD, entre ellos Lorenzo (Lenchy) Vargas, aspirante a vicerrector de Extensi\u00f3n; Juana Encarnaci\u00f3n y Rafael Montero, candidatos a la Vicerrector\u00eda de Investigaci\u00f3n.<\/p>\n<p>Estuvieron presentes Edita Rodr\u00edguez, Zelandia Matos, Eulogio Silverio, Anitza Guti\u00e9rrez, Julio Alberto (Yuli) Melo y Carmen Chevalier, aspirantes a decanatos en distintas facultades, as\u00ed como candidatos a direcciones de recintos, vicedecanatos y escuelas universitarias en todo el pa\u00eds.<\/p>\n<p>Entre estos se destacan Rosa Francia Burgos, Sonia Barrera, Jes\u00fas Mar\u00eda De los Santos, Luis L\u00f3pez Ortiz, Rossi Silvestre, Ynosencia Merejo Medrano, Ram\u00f3n Emilio N\u00fa\u00f1ez y Francisco (Dant) Acosta.<\/p>\n<p>De igual modo, aspirantes a las Direcciones de escuelas como Ibeth Guzm\u00e1n; Ra\u00fal Hern\u00e1ndez; Nelson Pe\u00f1a; Wilfredo Rosario; Rafael Beras; Kenia Morel; Marianela Gonz\u00e1lez;Ana Ludys Artiles; Reginaldo G\u00f3mez; Hip\u00f3lito Javier; Mirtha Gonz\u00e1lez; Santos M\u00e9ndez; David La Hoz; Pantale\u00f3n Paniagua y Pedro N\u00fa\u00f1ez, entre otros.<\/p>\n<p>La actividad forma parte de los esfuerzos de articulaci\u00f3n interna que desarrolla la Fuerza del Pueblo, con miras a consolidar su presencia en el sector educativo superior y fortalecer su estructura de cara a los pr\u00f3ximos procesos electorales.<\/p>\n<p>La entrada <a href=\"https:\/\/elnuevodiario.com.do\/leonel-fernandez-rechaza-fusion-del-minerd-con-el-mescyt\/\">Leonel Fern\u00e1ndez rechaza fusi\u00f3n del Minerd con el MESCyT<\/a> se public\u00f3 primero en <a href=\"https:\/\/elnuevodiario.com.do\">El Nuevo Diario (Rep\u00fablica Dominicana)<\/a>.<\/p>\n","protected":false},"excerpt":{"rendered":"<p>EL NUEVO DIARIO, SANTO DOMINGO.- El presidente del partido Fuerza del Pueblo (FP) y expresidente de la Rep\u00fablica, Leonel Fern\u00e1ndez, rechaz\u00f3 de manera categ\u00f3rica cualquier intento de fusionar el Ministerio de Educaci\u00f3n Superior, Ciencia y Tecnolog\u00eda (MESCyT) con el Ministerio de Educaci\u00f3n (Minerd), al tiempo que plante\u00f3 su visi\u00f3n sobre la transformaci\u00f3n de la Universidad<\/p>\n","protected":false},"author":1,"featured_media":37237,"comment_status":"open","ping_status":"open","sticky":false,"template":"","format":"standard","meta":{"footnotes":""},"categories":[1],"tags":[],"class_list":["post-37236","post","type-post","status-publish","format-standard","has-post-thumbnail","hentry","category-nacionales"],"_links":{"self":[{"href":"https:\/\/acronoticias.com\/index.php\/wp-json\/wp\/v2\/posts\/37236","targetHints":{"allow":["GET"]}}],"collection":[{"href":"https:\/\/acronoticias.com\/index.php\/wp-json\/wp\/v2\/posts"}],"about":[{"href":"https:\/\/acronoticias.com\/index.php\/wp-json\/wp\/v2\/types\/post"}],"author":[{"embeddable":true,"href":"https:\/\/acronoticias.com\/index.php\/wp-json\/wp\/v2\/users\/1"}],"replies":[{"embeddable":true,"href":"https:\/\/acronoticias.com\/index.php\/wp-json\/wp\/v2\/comments?post=37236"}],"version-history":[{"count":0,"href":"https:\/\/acronoticias.com\/index.php\/wp-json\/wp\/v2\/posts\/37236\/revisions"}],"wp:featuredmedia":[{"embeddable":true,"href":"https:\/\/acronoticias.com\/index.php\/wp-json\/wp\/v2\/media\/37237"}],"wp:attachment":[{"href":"https:\/\/acronoticias.com\/index.php\/wp-json\/wp\/v2\/media?parent=37236"}],"wp:term":[{"taxonomy":"category","embeddable":true,"href":"https:\/\/acronoticias.com\/index.php\/wp-json\/wp\/v2\/categories?post=37236"},{"taxonomy":"post_tag","embeddable":true,"href":"https:\/\/acronoticias.com\/index.php\/wp-json\/wp\/v2\/tags?post=37236"}],"curies":[{"name":"wp","href":"https:\/\/api.w.org\/{rel}","templated":true}]}}