{"id":37234,"date":"2026-04-26T21:22:05","date_gmt":"2026-04-26T21:22:05","guid":{"rendered":"https:\/\/acronoticias.com\/index.php\/2026\/04\/26\/san-juan-activa-plan-estrategico-2050-con-comisiones-y-enfoque-participativo\/"},"modified":"2026-04-26T21:22:05","modified_gmt":"2026-04-26T21:22:05","slug":"san-juan-activa-plan-estrategico-2050-con-comisiones-y-enfoque-participativo","status":"publish","type":"post","link":"https:\/\/acronoticias.com\/index.php\/2026\/04\/26\/san-juan-activa-plan-estrategico-2050-con-comisiones-y-enfoque-participativo\/","title":{"rendered":"San Juan activa plan estrat\u00e9gico 2050 con comisiones y enfoque participativo"},"content":{"rendered":"<p><img loading=\"lazy\" decoding=\"async\" width=\"355\" height=\"200\" src=\"https:\/\/nuevodiario-assets.s3.us-east-2.amazonaws.com\/wp-content\/uploads\/2026\/04\/acto-san-juan-355x200.jpeg\" class=\"webfeedsFeaturedVisual not-transparent wp-post-image\" alt=\"\" style=\"--dominant-color: #979189;margin-bottom: 5px;clear:both;max-width: 100%\" data-has-transparency=\"false\" data-dominant-color=\"979189\" \/><\/p>\n<p>EL NUEVO DIARIO, SAN JUAN, RD.\u2014 La provincia de San Juan avanz\u00f3 en la construcci\u00f3n de su Plan Estrat\u00e9gico de Desarrollo Integral 2050 con la conformaci\u00f3n de cuatro comisiones t\u00e9cnicas y la definici\u00f3n de una metodolog\u00eda participativa que abarcar\u00e1 los seis municipios y 18 distritos municipales.<\/p>\n<p>Durante la sesi\u00f3n, Alberto Ram\u00edrez Cabral, rector nacional de la UFHEC y coordinador del Comit\u00e9 Gestor, se present\u00f3 la propuesta metodol\u00f3gica, el cronograma de trabajo y la estimaci\u00f3n presupuestaria del proceso, que abarca desde el diagn\u00f3stico territorial hasta la edici\u00f3n, diagramaci\u00f3n, impresi\u00f3n y puesta en valor del plan. La metodolog\u00eda fue expuesta por los especialistas Reynaldo Peguero y Mariana Teresa de Jim\u00e9nez, incluyendo un espacio de participaci\u00f3n para aportes y observaciones.<\/p>\n<p>\u00abEl plan se estructurar\u00e1 en cuatro ejes: econom\u00eda y desarrollo agroempresarial; gobernabilidad y articulaci\u00f3n p\u00fablico-privada-comunitaria; ordenamiento territorial y sostenibilidad ambiental; e inclusi\u00f3n y servicios sociales, con la integraci\u00f3n de m\u00e1s de 120 actores\u00bb, se\u00f1al\u00f3 Cabral.<\/p>\n<p>De su lado, la gobernadora Ana Mar\u00eda Castillo Mateo propuso, y fue aprobad, realizar sesiones de trabajo en los seis municipios y los 18 distritos municipales para socializar el proceso y garantizar una construcci\u00f3n participativa.<\/p>\n<p>Como cierre, Alberto Ram\u00edrez Cabral destac\u00f3 que esta iniciativa sienta las bases de una planificaci\u00f3n hist\u00f3rica, participativa y orientada a resultados para San Juan, mientras Ana Mar\u00eda Castillo Mateo reafirm\u00f3 el compromiso del Gobierno de acompa\u00f1ar cada etapa, con miras a consolidar una hoja de ruta estrat\u00e9gica que gu\u00ede el desarrollo integral de la provincia hacia el a\u00f1o 2050.<\/p>\n<p>De acuerdo con una nota de prensa, en la mesa principal se destac\u00f3 la presencia de la gobernadora y representante del Poder Ejecutivo, Ana Mar\u00eda Castillo Mateo; el alcalde de San Juan de la Maguana, Lenin de la Rosa; la diputada Elvira Corpor\u00e1n; Manuel Ram\u00edrez Suza\u00f1a; Manuel Matos; V\u00edctor Paniagua Berroa; el empresario Carlos Suero; y Eladio Arnaud.<\/p>\n<p>Tambi\u00e9n participaron Reyita de Oleo; Anny Esther Pi\u00f1a Betances; Jorge Yamil Massih; y Juan Manuel Bourdier, junto a representantes comunitarios y de la sociedad civil.<\/p>\n<p><strong>Sobre el proceso<\/strong><\/p>\n<p>El proceso es coordinado por el rector nacional de la UFHEC y coordinador del Comit\u00e9 Gestor, Alberto Ram\u00edrez Cabral, quien encabez\u00f3 el encuentro celebrado en el sal\u00f3n de eventos del Colegio Padre Guido Gildea de San Juan de la Maguana, junto a autoridades y actores clave de la provincia.<\/p>\n<p>La entrada <a href=\"https:\/\/elnuevodiario.com.do\/san-juan-activa-plan-estrategico-2050-con-comisiones-y-enfoque-participativo\/\">San Juan activa plan estrat\u00e9gico 2050 con comisiones y enfoque participativo<\/a> se public\u00f3 primero en <a href=\"https:\/\/elnuevodiario.com.do\">El Nuevo Diario (Rep\u00fablica Dominicana)<\/a>.<\/p>\n","protected":false},"excerpt":{"rendered":"<p>EL NUEVO DIARIO, SAN JUAN, RD.\u2014 La provincia de San Juan avanz\u00f3 en la construcci\u00f3n de su Plan Estrat\u00e9gico de Desarrollo Integral 2050 con la conformaci\u00f3n de cuatro comisiones t\u00e9cnicas y la definici\u00f3n de una metodolog\u00eda participativa que abarcar\u00e1 los seis municipios y 18 distritos municipales. Durante la sesi\u00f3n, Alberto Ram\u00edrez Cabral, rector nacional de<\/p>\n","protected":false},"author":1,"featured_media":37235,"comment_status":"open","ping_status":"open","sticky":false,"template":"","format":"standard","meta":{"footnotes":""},"categories":[1],"tags":[],"class_list":["post-37234","post","type-post","status-publish","format-standard","has-post-thumbnail","hentry","category-nacionales"],"_links":{"self":[{"href":"https:\/\/acronoticias.com\/index.php\/wp-json\/wp\/v2\/posts\/37234","targetHints":{"allow":["GET"]}}],"collection":[{"href":"https:\/\/acronoticias.com\/index.php\/wp-json\/wp\/v2\/posts"}],"about":[{"href":"https:\/\/acronoticias.com\/index.php\/wp-json\/wp\/v2\/types\/post"}],"author":[{"embeddable":true,"href":"https:\/\/acronoticias.com\/index.php\/wp-json\/wp\/v2\/users\/1"}],"replies":[{"embeddable":true,"href":"https:\/\/acronoticias.com\/index.php\/wp-json\/wp\/v2\/comments?post=37234"}],"version-history":[{"count":0,"href":"https:\/\/acronoticias.com\/index.php\/wp-json\/wp\/v2\/posts\/37234\/revisions"}],"wp:featuredmedia":[{"embeddable":true,"href":"https:\/\/acronoticias.com\/index.php\/wp-json\/wp\/v2\/media\/37235"}],"wp:attachment":[{"href":"https:\/\/acronoticias.com\/index.php\/wp-json\/wp\/v2\/media?parent=37234"}],"wp:term":[{"taxonomy":"category","embeddable":true,"href":"https:\/\/acronoticias.com\/index.php\/wp-json\/wp\/v2\/categories?post=37234"},{"taxonomy":"post_tag","embeddable":true,"href":"https:\/\/acronoticias.com\/index.php\/wp-json\/wp\/v2\/tags?post=37234"}],"curies":[{"name":"wp","href":"https:\/\/api.w.org\/{rel}","templated":true}]}}