{"id":37226,"date":"2026-04-26T20:48:35","date_gmt":"2026-04-26T20:48:35","guid":{"rendered":"https:\/\/acronoticias.com\/index.php\/2026\/04\/26\/la-violencia-en-el-suroeste-de-colombia-impacta-la-campana-presidencial-de-mayo\/"},"modified":"2026-04-26T20:48:35","modified_gmt":"2026-04-26T20:48:35","slug":"la-violencia-en-el-suroeste-de-colombia-impacta-la-campana-presidencial-de-mayo","status":"publish","type":"post","link":"https:\/\/acronoticias.com\/index.php\/2026\/04\/26\/la-violencia-en-el-suroeste-de-colombia-impacta-la-campana-presidencial-de-mayo\/","title":{"rendered":"La violencia en el suroeste de Colombia impacta la campa\u00f1a presidencial de mayo"},"content":{"rendered":"<p>La oleada de violencia en el suroeste de <strong>Colombia<\/strong>, que deja al menos 19 civiles muertos tras un ataque guerrillero con un cilindro bomba en la <strong>V\u00eda Panamericana<\/strong>, se traslad\u00f3 a la campa\u00f1a para las elecciones presidenciales del pr\u00f3ximo 31 de mayo, con un cruce de acusaciones entre los principales candidatos.<\/p>\n<p>El atentado perpetrado el s\u00e1bado en el sector de <strong>El T\u00fanel<\/strong>, en el municipio de <strong>Cajib\u00edo<\/strong>, departamento del <strong>Cauca<\/strong>, y atribuido por las autoridades a disidencias de las antiguas <strong>FARC<\/strong>, ha atizado el debate pol\u00edtico sobre el conflicto armado y la paz a solo 36 d\u00edas de las elecciones presidenciales.<\/p>\n<h3 class=\"wp-block-heading\">Choque en campa\u00f1a<\/h3>\n<p>El candidato del oficialista <strong>Pacto Hist\u00f3rico<\/strong>, <strong>Iv\u00e1n Cepeda<\/strong>, conden\u00f3 el ataque y expres\u00f3 su \u00abm\u00e1s en\u00e9rgico rechazo\u00bb a lo que calific\u00f3 como actos de barbarie contra la poblaci\u00f3n civil, pero tambi\u00e9n plante\u00f3 que existe una \u00abinquietud leg\u00edtima\u00bb sobre si estos hechos buscan generar un clima de miedo que favorezca a sectores de extrema derecha en medio del proceso electoral.<\/p>\n<p>Resulta profundamente preocupante que estas acciones terroristas se presenten en regiones del sur del pa\u00eds, donde existe un amplio respaldo ciudadano a nuestro proyecto pol\u00edtico\u00bb, dijo <strong>Cepeda<\/strong> en redes sociales.<\/p>\n<p>Desde la orilla opuesta, la candidata del partido opositor de derecha <strong>Centro Democr\u00e1tico<\/strong>, <strong>Paloma Valencia<\/strong>, rechaz\u00f3 la interpretaci\u00f3n de <strong>Cepeda<\/strong> y lo acus\u00f3 de desviar la atenci\u00f3n, al tiempo que sostuvo que la pol\u00edtica de \u00abpaz total\u00bb del presidente <strong>Gustavo Petro<\/strong> ha fracasado y es responsable del deterioro del orden p\u00fablico.<\/p>\n<figure class=\"wp-block-image size-full\"><img loading=\"lazy\" decoding=\"async\" width=\"275\" height=\"183\" src=\"https:\/\/multimedia.noticiassin.com\/wp-content\/uploads\/2026\/04\/la-violencia-en-el-suroeste-de-colombia-impacta-la-campana-presidencial-de-mayo-20260426-202130-T3Ez.jpg\" alt=\"\" class=\"wp-image-1986763\" \/><\/figure>\n<ul class=\"wp-block-list\">\n<li>El pa\u00eds no merece que desv\u00ede la atenci\u00f3n insinuando que esto busca favorecer a sectores pol\u00edticos. Lleg\u00f3 el momento de asumir, con todas las letras, que la paz total fracas\u00f3\u00bb, respondi\u00f3 <strong>Valencia<\/strong> a <strong>Cepeda<\/strong> en <strong>X<\/strong>.<\/li>\n<\/ul>\n<p>La pol\u00edtica de \u00abpaz total\u00bb de <strong>Petro<\/strong> incluye di\u00e1logos con la guerrilla del <strong>Ej\u00e9rcito de Liberaci\u00f3n Nacional<\/strong> (<strong>ELN<\/strong>), que no llegaron a buen puerto, y tambi\u00e9n negociaciones con las disidencias de las <strong>FARC<\/strong> y el sometimiento a la Justicia de bandas como el <strong>Clan del Golfo<\/strong>, la mayor organizaci\u00f3n criminal del pa\u00eds, sin resultados tangibles hasta ahora.<\/p>\n<p>En la misma l\u00ednea, el abogado ultraderechista <strong>Abelardo de la Espriella<\/strong>, del movimiento <strong>Firmes por la Patria<\/strong>, asegur\u00f3 que la violencia reciente es consecuencia directa de esa estrategia y propuso una \u00abguerra frontal, sin tregua ni negociaci\u00f3n\u00bb contra los grupos armados ilegales.<\/p>\n<p>Estos no son actos aislados. Son parte de un plan de desestabilizaci\u00f3n del desgobierno de <strong>Petro<\/strong> y de sus c\u00f3mplices\u00bb, expres\u00f3 el candidato en un comunicado publicado por su campa\u00f1a.<\/p>\n<p>Por su parte, <strong>Sergio Fajardo<\/strong>, del partido de centro <strong>Dignidad y Compromiso<\/strong>, expres\u00f3 su solidaridad con las v\u00edctimas y afirm\u00f3 que \u00ab<strong>Colombia<\/strong> vuelve a sangrar\u00bb, al tiempo que consider\u00f3 que la pol\u00edtica de seguridad del <strong>Gobierno<\/strong> ha debilitado la autoridad del Estado y requiere una revisi\u00f3n urgente.<\/p>\n<p>A las cr\u00edticas tambi\u00e9n se sum\u00f3 el expresidente <strong>Iv\u00e1n Duque<\/strong> (2018-2022), quien asegur\u00f3 que los hechos recientes reflejan \u00ablas consecuencias de una pol\u00edtica de apaciguamiento\u00bb, que, a su juicio, ha debilitado la seguridad y reducido la capacidad ofensiva del Estado, al tiempo que expres\u00f3 su respaldo a la fuerza p\u00fablica.<\/p>\n<h3 class=\"wp-block-heading\">Escalada en el suroeste<\/h3>\n<p>El atentado en <strong>Cajib\u00edo<\/strong> se produjo en medio de una ola de acciones violentas en el sureste del pa\u00eds, donde en los \u00faltimos d\u00edas tambi\u00e9n fueron perpetrados ataques con cilindros bomba contra unidades militares en <strong>Cali<\/strong> y <strong>Palmira<\/strong>, en el departamento de <strong>Valle del Cauca<\/strong>, que no dejaron v\u00edctimas.<\/p>\n<p>Igualmente, el s\u00e1bado fue atacado un radar de la <strong>Aeron\u00e1utica Civil<\/strong> en el <strong>Cerro Santana<\/strong>, en el municipio de <strong>El Tambo<\/strong> (<strong>Cauca<\/strong>), todos estos hechos atribuidos por el <strong>Ej\u00e9rcito<\/strong> a los distintos grupos que componen el <strong>Estado Mayor Central<\/strong> (<strong>EMC<\/strong>), la principal disidencia de las <strong>FARC<\/strong>, liderada por <strong>N\u00e9stor Gregorio Vera<\/strong>, alias <strong>Iv\u00e1n Mordisco<\/strong>, el hombre m\u00e1s buscado de <strong>Colombia<\/strong>.<\/p>\n","protected":false},"excerpt":{"rendered":"<p>La oleada de violencia en el suroeste de Colombia, que deja al menos 19 civiles muertos tras un ataque guerrillero con un cilindro bomba en la V\u00eda Panamericana, se traslad\u00f3 a la campa\u00f1a para las elecciones presidenciales del pr\u00f3ximo 31 de mayo, con un cruce de acusaciones entre los principales candidatos. El atentado perpetrado el<\/p>\n","protected":false},"author":1,"featured_media":37227,"comment_status":"open","ping_status":"open","sticky":false,"template":"","format":"standard","meta":{"footnotes":""},"categories":[3],"tags":[],"class_list":["post-37226","post","type-post","status-publish","format-standard","has-post-thumbnail","hentry","category-internacionales"],"_links":{"self":[{"href":"https:\/\/acronoticias.com\/index.php\/wp-json\/wp\/v2\/posts\/37226","targetHints":{"allow":["GET"]}}],"collection":[{"href":"https:\/\/acronoticias.com\/index.php\/wp-json\/wp\/v2\/posts"}],"about":[{"href":"https:\/\/acronoticias.com\/index.php\/wp-json\/wp\/v2\/types\/post"}],"author":[{"embeddable":true,"href":"https:\/\/acronoticias.com\/index.php\/wp-json\/wp\/v2\/users\/1"}],"replies":[{"embeddable":true,"href":"https:\/\/acronoticias.com\/index.php\/wp-json\/wp\/v2\/comments?post=37226"}],"version-history":[{"count":0,"href":"https:\/\/acronoticias.com\/index.php\/wp-json\/wp\/v2\/posts\/37226\/revisions"}],"wp:featuredmedia":[{"embeddable":true,"href":"https:\/\/acronoticias.com\/index.php\/wp-json\/wp\/v2\/media\/37227"}],"wp:attachment":[{"href":"https:\/\/acronoticias.com\/index.php\/wp-json\/wp\/v2\/media?parent=37226"}],"wp:term":[{"taxonomy":"category","embeddable":true,"href":"https:\/\/acronoticias.com\/index.php\/wp-json\/wp\/v2\/categories?post=37226"},{"taxonomy":"post_tag","embeddable":true,"href":"https:\/\/acronoticias.com\/index.php\/wp-json\/wp\/v2\/tags?post=37226"}],"curies":[{"name":"wp","href":"https:\/\/api.w.org\/{rel}","templated":true}]}}