{"id":37224,"date":"2026-04-26T20:32:42","date_gmt":"2026-04-26T20:32:42","guid":{"rendered":"https:\/\/acronoticias.com\/index.php\/2026\/04\/26\/abinader-inaugura-carretera-mata-bonita-los-memisos-de-13-8-kilometros-en-nagua\/"},"modified":"2026-04-26T20:32:42","modified_gmt":"2026-04-26T20:32:42","slug":"abinader-inaugura-carretera-mata-bonita-los-memisos-de-13-8-kilometros-en-nagua","status":"publish","type":"post","link":"https:\/\/acronoticias.com\/index.php\/2026\/04\/26\/abinader-inaugura-carretera-mata-bonita-los-memisos-de-13-8-kilometros-en-nagua\/","title":{"rendered":"Abinader inaugura carretera Mata Bonita\u2013Los Memisos de 13.8 kil\u00f3metros en Nagua"},"content":{"rendered":"<p><img loading=\"lazy\" decoding=\"async\" width=\"355\" height=\"200\" src=\"https:\/\/nuevodiario-assets.s3.us-east-2.amazonaws.com\/wp-content\/uploads\/2026\/04\/ABINADER-EN-ENTREGA-355x200.jpeg\" class=\"webfeedsFeaturedVisual not-transparent wp-post-image\" alt=\"\" style=\"--dominant-color: #949aa0;margin-bottom: 5px;clear:both;max-width: 100%\" data-has-transparency=\"false\" data-dominant-color=\"949aa0\" \/><\/p>\n<p>EL NUEVO DIARIO, MAR\u00cdA TRINIDAD S\u00c1NCHEZ.\u2013 El presidente Luis Abinader inaugur\u00f3 este domingo la carretera Mata Bonita\u2013Los Memisos, de 13.8 kil\u00f3metros de longitud, en el distrito municipal de Las Gordas, municipio de Nagua.<\/p>\n<p>Esta obra, construida por la Empresa de Generaci\u00f3n Hidroel\u00e9ctrica Dominicana (EGEHID) con una inversi\u00f3n superior a RD$281 millones, responde a un reclamo de m\u00e1s de 50 a\u00f1os de las comunidades de la zona y beneficia directamente a Los Memisos, Mata Bonita, Los Guayabitos, Las Catalinas y otras zonas de Las Gordas.<\/p>\n<p><img loading=\"lazy\" decoding=\"async\" data-recalc-dims=\"1\" data-dominant-color=\"977c6e\" data-has-transparency=\"false\" style=\"--dominant-color: #977c6e\" class=\"alignnone wp-image-3097807 size-full not-transparent\" src=\"https:\/\/i0.wp.com\/nuevodiario-assets.s3.us-east-2.amazonaws.com\/wp-content\/uploads\/2026\/04\/WhatsApp-Image-2026-04-26-at-15.59.25-scaled.jpeg?resize=640%2C360&#038;quality=100&#038;ssl=1\" alt=\"\" width=\"640\" height=\"360\" \/><\/p>\n<p>El administrador de EGEHID, Rafael Salazar, destac\u00f3 que la obra refleja la visi\u00f3n del presidente Abinader de impactar positivamente a las comunidades m\u00e1s necesitadas, mejorando la calidad de vida, el acceso a la salud, la educaci\u00f3n y el desarrollo productivo. Asimismo, la gobernadora de Mar\u00eda Trinidad S\u00e1nchez, Mirna L\u00f3pez Polanco, resalt\u00f3 el liderazgo del presidente Abinader y la transformaci\u00f3n que ha experimentado la provincia gracias a la inversi\u00f3n en infraestructura vial.<\/p>\n<p>Los trabajos realizados incluyeron la construcci\u00f3n de contenes, canaletas, badenes, alcantarillas, un puente bad\u00e9n, gaviones, protecci\u00f3n de taludes, base triturada, imprimaci\u00f3n, hormig\u00f3n asf\u00e1ltico caliente, asfaltado, as\u00ed como se\u00f1alizaci\u00f3n vertical y horizontal. La v\u00eda, adem\u00e1s de mejorar la conectividad, garantiza el acceso seguro de equipos y maquinarias a la Central Hidroel\u00e9ctrica Rosa Julia de la Cruz (Boba).<\/p>\n<p>Salazar inst\u00f3 a las autoridades y comunitarios a preservar la obra y resalt\u00f3 la importancia de esta carretera para facilitar la movilidad, el acceso a la educaci\u00f3n y la producci\u00f3n agr\u00edcola. \u00abEs una bendici\u00f3n para ustedes tener esta obra de calidad y un honor para nosotros y para el presidente poder cumplir con lo que exige la comunidad, con el bienestar de la gente, con la salud de la gente y con el buen vivir de la gente\u00bb, expres\u00f3.<\/p>\n<p>En representaci\u00f3n de los comunitarios, Santo Burgos agradeci\u00f3 al presidente Abinader por cumplir su promesa y llevar bienestar a la zona. El p\u00e1rroco Luis Mar\u00eda Ram\u00f3n, durante su invocaci\u00f3n, elogi\u00f3 el liderazgo del presidente Abinader, su integridad y su firmeza en la defensa de la soberan\u00eda, as\u00ed como los avances en seguridad, salud e infraestructura, destacando su lucha contra la corrupci\u00f3n y su ejemplo de integridad en la gesti\u00f3n p\u00fablica. \u00abTiene muchos amigos, pero no c\u00f3mplices\u00bb, afirm\u00f3 el p\u00e1rroco.<\/p>\n<p>En el acto inaugural estuvieron presentes el senador de Mar\u00eda Trinidad S\u00e1nchez, Alexis Victoria Yeb; el gerente general del Banco de Desarrollo y Exportaciones (Bandex), Catalino Correa Hiciano; el director de la Direcci\u00f3n de Infraestructura Escolar, Roberto Herrera; los alcaldes del municipio de Nagua, Junior Peralta y del distrito municipal Las Gordas, Julio C\u00e9sar de la Cruz; los diputados Jes\u00fas Stalyn V\u00e1zquez y Jorge Cavoli.<\/p>\n<p>Esta infraestructura vial forma parte del Programa de Responsabilidad Social de EGEHID, orientado a impulsar obras que contribuyan al desarrollo integral de las comunidades donde operan los complejos hidroel\u00e9ctricos.<\/p>\n<p>La entrada <a href=\"https:\/\/elnuevodiario.com.do\/abinader-inaugura-carretera-mata-bonita-los-memisos-de-13-8-kilometros-en-nagua\/\">Abinader inaugura carretera Mata Bonita\u2013Los Memisos de 13.8 kil\u00f3metros en Nagua<\/a> se public\u00f3 primero en <a href=\"https:\/\/elnuevodiario.com.do\">El Nuevo Diario (Rep\u00fablica Dominicana)<\/a>.<\/p>\n","protected":false},"excerpt":{"rendered":"<p>EL NUEVO DIARIO, MAR\u00cdA TRINIDAD S\u00c1NCHEZ.\u2013 El presidente Luis Abinader inaugur\u00f3 este domingo la carretera Mata Bonita\u2013Los Memisos, de 13.8 kil\u00f3metros de longitud, en el distrito municipal de Las Gordas, municipio de Nagua. Esta obra, construida por la Empresa de Generaci\u00f3n Hidroel\u00e9ctrica Dominicana (EGEHID) con una inversi\u00f3n superior a RD$281 millones, responde a un reclamo<\/p>\n","protected":false},"author":1,"featured_media":37225,"comment_status":"open","ping_status":"open","sticky":false,"template":"","format":"standard","meta":{"footnotes":""},"categories":[1],"tags":[],"class_list":["post-37224","post","type-post","status-publish","format-standard","has-post-thumbnail","hentry","category-nacionales"],"_links":{"self":[{"href":"https:\/\/acronoticias.com\/index.php\/wp-json\/wp\/v2\/posts\/37224","targetHints":{"allow":["GET"]}}],"collection":[{"href":"https:\/\/acronoticias.com\/index.php\/wp-json\/wp\/v2\/posts"}],"about":[{"href":"https:\/\/acronoticias.com\/index.php\/wp-json\/wp\/v2\/types\/post"}],"author":[{"embeddable":true,"href":"https:\/\/acronoticias.com\/index.php\/wp-json\/wp\/v2\/users\/1"}],"replies":[{"embeddable":true,"href":"https:\/\/acronoticias.com\/index.php\/wp-json\/wp\/v2\/comments?post=37224"}],"version-history":[{"count":0,"href":"https:\/\/acronoticias.com\/index.php\/wp-json\/wp\/v2\/posts\/37224\/revisions"}],"wp:featuredmedia":[{"embeddable":true,"href":"https:\/\/acronoticias.com\/index.php\/wp-json\/wp\/v2\/media\/37225"}],"wp:attachment":[{"href":"https:\/\/acronoticias.com\/index.php\/wp-json\/wp\/v2\/media?parent=37224"}],"wp:term":[{"taxonomy":"category","embeddable":true,"href":"https:\/\/acronoticias.com\/index.php\/wp-json\/wp\/v2\/categories?post=37224"},{"taxonomy":"post_tag","embeddable":true,"href":"https:\/\/acronoticias.com\/index.php\/wp-json\/wp\/v2\/tags?post=37224"}],"curies":[{"name":"wp","href":"https:\/\/api.w.org\/{rel}","templated":true}]}}