{"id":37222,"date":"2026-04-26T20:16:50","date_gmt":"2026-04-26T20:16:50","guid":{"rendered":"https:\/\/acronoticias.com\/index.php\/2026\/04\/26\/autoridades-refuerzan-seguridad-en-sfm-ante-paro-convocado-para-este-lunes\/"},"modified":"2026-04-26T20:16:50","modified_gmt":"2026-04-26T20:16:50","slug":"autoridades-refuerzan-seguridad-en-sfm-ante-paro-convocado-para-este-lunes","status":"publish","type":"post","link":"https:\/\/acronoticias.com\/index.php\/2026\/04\/26\/autoridades-refuerzan-seguridad-en-sfm-ante-paro-convocado-para-este-lunes\/","title":{"rendered":"Autoridades refuerzan seguridad en SFM ante paro convocado para este lunes"},"content":{"rendered":"<p><img loading=\"lazy\" decoding=\"async\" width=\"355\" height=\"200\" src=\"https:\/\/nuevodiario-assets.s3.us-east-2.amazonaws.com\/wp-content\/uploads\/2026\/04\/Autoridades-refuerzan-seguridad-en-SFM-ante-paro-convocado-para-este-lunes.jpg-355x200.jpeg\" class=\"webfeedsFeaturedVisual not-transparent wp-post-image\" alt=\"\" style=\"--dominant-color: #6f655f;margin-bottom: 5px;clear:both;max-width: 100%\" data-has-transparency=\"false\" data-dominant-color=\"6f655f\" \/><\/p>\n<section class=\"text-token-text-primary w-full focus:outline-none [--shadow-height:45px] has-data-writing-block:pointer-events-none has-data-writing-block:-mt-(--shadow-height) has-data-writing-block:pt-(--shadow-height) [&amp;:has([data-writing-block])&gt;*]:pointer-events-auto [content-visibility:auto] supports-[content-visibility:auto]:[contain-intrinsic-size:auto_100lvh] R6Vx5W_threadScrollVars scroll-mb-[calc(var(--scroll-root-safe-area-inset-bottom,0px)+var(--thread-response-height))] scroll-mt-[calc(var(--header-height)+min(200px,max(70px,20svh)))]\" dir=\"auto\" data-turn-id=\"request-WEB:84d69faf-517e-4571-b8b6-8a31d82dd6b6-0\" data-testid=\"conversation-turn-2\" data-scroll-anchor=\"false\" data-turn=\"assistant\">\n<div class=\"text-base my-auto mx-auto pb-10 [--thread-content-margin:var(--thread-content-margin-xs,calc(var(--spacing)*4))] @w-sm\/main:[--thread-content-margin:var(--thread-content-margin-sm,calc(var(--spacing)*6))] @w-lg\/main:[--thread-content-margin:var(--thread-content-margin-lg,calc(var(--spacing)*16))] px-(--thread-content-margin)\">\n<div class=\"[--thread-content-max-width:40rem] @w-lg\/main:[--thread-content-max-width:48rem] mx-auto max-w-(--thread-content-max-width) flex-1 group\/turn-messages focus-visible:outline-hidden relative flex w-full min-w-0 flex-col agent-turn\">\n<div class=\"flex max-w-full flex-col gap-4 grow\">\n<div class=\"min-h-8 text-message relative flex w-full flex-col items-end gap-2 text-start break-words whitespace-normal outline-none keyboard-focused:focus-ring [.text-message+&amp;]:mt-1\" dir=\"auto\" data-message-author-role=\"assistant\" data-message-id=\"28f45284-b15b-4e7b-b8eb-68cacddfaf52\" data-message-model-slug=\"gpt-5-3\" data-turn-start-message=\"true\">\n<div class=\"flex w-full flex-col gap-1 empty:hidden\">\n<div class=\"markdown prose dark:prose-invert w-full wrap-break-word light markdown-new-styling\">\n<p data-start=\"100\" data-end=\"468\">EL NUEVO DIARIO, DUARTE. \u2013 Un contingente de miembros del Ej\u00e9rcito de la Rep\u00fablica Dominicana (ERD) fue desplegado este domingo en el municipio de <span class=\"hover:entity-accent entity-underline inline cursor-pointer align-baseline\"><span class=\"whitespace-normal\">San Francisco de Macor\u00eds<\/span><\/span>, como parte de las medidas preventivas adoptadas por las autoridades ante el llamado a una huelga por 24 horas convocada por organizaciones populares para el lunes 27 de abril.<\/p>\n<p data-start=\"470\" data-end=\"717\">El despliegue, captado en videos que circulan en redes sociales, muestra un convoy militar recorriendo avenidas principales como la <span class=\"hover:entity-accent entity-underline inline cursor-pointer align-baseline\"><span class=\"whitespace-normal\">Avenida Libertad<\/span><\/span>, generando asombro entre residentes por la cantidad de efectivos movilizados.<\/p>\n<p data-start=\"719\" data-end=\"1016\">De acuerdo con reportes desde la zona, se trata de un refuerzo que busca garantizar el orden p\u00fablico y la seguridad ciudadana durante la jornada de protesta.<\/p>\n<p data-start=\"719\" data-end=\"1016\">Entre las acciones previstas figura la vigilancia en centros comerciales, plazas y supermercados, con el fin de prevenir incidentes.<\/p>\n<p data-start=\"1018\" data-end=\"1312\">Asimismo, se realizar\u00e1n patrullajes mixtos en coordinaci\u00f3n con la Polic\u00eda Nacional en v\u00edas como la calle Bienvenido Fuertes Duarte y sectores como Rabo de Chivo.<\/p>\n<p data-start=\"1314\" data-end=\"1529\">El contingente militar fue concentrado en instalaciones del municipio para coordinar las operaciones junto al mando policial regional, como parte del dispositivo de control y prevenci\u00f3n activado por las autoridades.<\/p>\n<p data-start=\"1531\" data-end=\"1789\">Se inform\u00f3 adem\u00e1s que, aunque hasta el momento predomina la presencia del Ej\u00e9rcito, se prev\u00e9 la llegada de unidades especializadas de la Polic\u00eda Nacional, incluyendo equipos t\u00e1cticos y de reacci\u00f3n, para reforzar el cord\u00f3n de seguridad en toda la demarcaci\u00f3n.<\/p>\n<p data-start=\"1791\" data-end=\"2053\">El plan de seguridad contempla la distribuci\u00f3n de patrullas militares, unidades de control de disturbios y equipos especiales en puntos considerados cr\u00edticos, donde en ocasiones anteriores se han registrado episodios de tensi\u00f3n durante manifestaciones similares.<\/p>\n<p data-start=\"2055\" data-end=\"2356\">La jornada de huelga ha sido convocada por colectivos y organizaciones comunitarias, cuyos representantes reiteraron el llamado a la ciudadan\u00eda a participar en la protesta, alegando demandas relacionadas con mejoras en los servicios p\u00fablicos y la ejecuci\u00f3n de obras comunitarias pendientes en la zona.<\/p>\n<p data-start=\"2358\" data-end=\"2543\" data-is-last-node=\"\" data-is-only-node=\"\">Las autoridades, por su parte, indicaron que el despliegue tiene como prop\u00f3sito preservar la paz p\u00fablica y evitar da\u00f1os a la propiedad privada durante el desarrollo de la manifestaci\u00f3n.<\/p>\n<\/div>\n<\/div>\n<\/div>\n<\/div>\n<div class=\"z-0 flex min-h-[46px] justify-start\"><\/div>\n<div class=\"mt-3 w-full empty:hidden\">\n<div class=\"text-center\">NLP\/<\/div>\n<\/div>\n<\/div>\n<\/div>\n<\/section>\n<div class=\"pointer-events-none -mt-px h-px translate-y-[calc(var(--scroll-root-safe-area-inset-bottom)-14*var(--spacing))]\" aria-hidden=\"true\"><\/div>\n<p>La entrada <a href=\"https:\/\/elnuevodiario.com.do\/autoridades-refuerzan-seguridad-en-sfm-ante-paro-convocado-para-este-lunes\/\">Autoridades refuerzan seguridad en SFM ante paro convocado para este lunes<\/a> se public\u00f3 primero en <a href=\"https:\/\/elnuevodiario.com.do\">El Nuevo Diario (Rep\u00fablica Dominicana)<\/a>.<\/p>\n","protected":false},"excerpt":{"rendered":"<p>EL NUEVO DIARIO, DUARTE. \u2013 Un contingente de miembros del Ej\u00e9rcito de la Rep\u00fablica Dominicana (ERD) fue desplegado este domingo en el municipio de San Francisco de Macor\u00eds, como parte de las medidas preventivas adoptadas por las autoridades ante el llamado a una huelga por 24 horas convocada por organizaciones populares para el lunes 27<\/p>\n","protected":false},"author":1,"featured_media":37223,"comment_status":"open","ping_status":"open","sticky":false,"template":"","format":"standard","meta":{"footnotes":""},"categories":[1],"tags":[],"class_list":["post-37222","post","type-post","status-publish","format-standard","has-post-thumbnail","hentry","category-nacionales"],"_links":{"self":[{"href":"https:\/\/acronoticias.com\/index.php\/wp-json\/wp\/v2\/posts\/37222","targetHints":{"allow":["GET"]}}],"collection":[{"href":"https:\/\/acronoticias.com\/index.php\/wp-json\/wp\/v2\/posts"}],"about":[{"href":"https:\/\/acronoticias.com\/index.php\/wp-json\/wp\/v2\/types\/post"}],"author":[{"embeddable":true,"href":"https:\/\/acronoticias.com\/index.php\/wp-json\/wp\/v2\/users\/1"}],"replies":[{"embeddable":true,"href":"https:\/\/acronoticias.com\/index.php\/wp-json\/wp\/v2\/comments?post=37222"}],"version-history":[{"count":0,"href":"https:\/\/acronoticias.com\/index.php\/wp-json\/wp\/v2\/posts\/37222\/revisions"}],"wp:featuredmedia":[{"embeddable":true,"href":"https:\/\/acronoticias.com\/index.php\/wp-json\/wp\/v2\/media\/37223"}],"wp:attachment":[{"href":"https:\/\/acronoticias.com\/index.php\/wp-json\/wp\/v2\/media?parent=37222"}],"wp:term":[{"taxonomy":"category","embeddable":true,"href":"https:\/\/acronoticias.com\/index.php\/wp-json\/wp\/v2\/categories?post=37222"},{"taxonomy":"post_tag","embeddable":true,"href":"https:\/\/acronoticias.com\/index.php\/wp-json\/wp\/v2\/tags?post=37222"}],"curies":[{"name":"wp","href":"https:\/\/api.w.org\/{rel}","templated":true}]}}