{"id":37220,"date":"2026-04-26T20:00:56","date_gmt":"2026-04-26T20:00:56","guid":{"rendered":"https:\/\/acronoticias.com\/index.php\/2026\/04\/26\/maribel-lorenzo-linares-presenta-propuesta-de-transformacion-para-la-fces-2026-2030\/"},"modified":"2026-04-26T20:00:56","modified_gmt":"2026-04-26T20:00:56","slug":"maribel-lorenzo-linares-presenta-propuesta-de-transformacion-para-la-fces-2026-2030","status":"publish","type":"post","link":"https:\/\/acronoticias.com\/index.php\/2026\/04\/26\/maribel-lorenzo-linares-presenta-propuesta-de-transformacion-para-la-fces-2026-2030\/","title":{"rendered":"Maribel Lorenzo Linares presenta propuesta de transformaci\u00f3n para la FCES 2026\u20132030"},"content":{"rendered":"<p><img loading=\"lazy\" decoding=\"async\" width=\"355\" height=\"200\" src=\"https:\/\/nuevodiario-assets.s3.us-east-2.amazonaws.com\/wp-content\/uploads\/2026\/04\/Maribel-Lorenzo-Linares-355x200.jpeg\" class=\"webfeedsFeaturedVisual not-transparent wp-post-image\" alt=\"\" style=\"--dominant-color: #847382;margin-bottom: 5px;clear:both;max-width: 100%\" data-has-transparency=\"false\" data-dominant-color=\"847382\" \/><\/p>\n<p>EL NUEVO DIARIO, SANTO DOMINGO.- Maribel Lorenzo Linares, present\u00f3 una propuesta de transformaci\u00f3n para el per\u00edodo 2026\u20132030 para la Facultad de Ciencias Econ\u00f3micas y Sociales (FCES) de la Universidad Aut\u00f3noma de Santo Domingo (UASD), en un evento que congreg\u00f3 a la comunidad acad\u00e9mica y gener\u00f3 altas expectativas.<\/p>\n<p>El auditorio Manuel del Cabral de la biblioteca Pedro Mir fue el escenario de esta presentaci\u00f3n donde Lorenzo Linares deline\u00f3 una visi\u00f3n basada en seis ejes estrat\u00e9gicos que buscan redefinir el rumbo de la Facultad, priorizando la calidad acad\u00e9mica, la innovaci\u00f3n, la eficiencia institucional y el desarrollo integral del estudiantado.<\/p>\n<p>Durante su discurso, Lorenzo Linares enfatiz\u00f3 la importancia de tomar decisiones con \u00abresponsabilidad, visi\u00f3n y capacidad real de ejecuci\u00f3n\u00bb. Adem\u00e1s, reconoci\u00f3 a los estudiantes como el eje central de la Facultad, destacando su papel como motor de cambio, y rindi\u00f3 homenaje a las autoridades que han contribuido a la construcci\u00f3n institucional.<\/p>\n<figure id=\"attachment_3097789\" aria-describedby=\"caption-attachment-3097789\" style=\"width: 1170px\" class=\"wp-caption alignnone\"><img loading=\"lazy\" decoding=\"async\" data-recalc-dims=\"1\" data-dominant-color=\"82777b\" data-has-transparency=\"false\" style=\"--dominant-color: #82777b\" class=\"size-full wp-image-3097789 not-transparent\" src=\"https:\/\/i0.wp.com\/nuevodiario-assets.s3.us-east-2.amazonaws.com\/wp-content\/uploads\/2026\/04\/El-auditorio-Manuel-del-Cabral.jpeg?resize=640%2C351&#038;quality=100&#038;ssl=1\" alt=\"\" width=\"640\" height=\"351\" \/><figcaption id=\"caption-attachment-3097789\" class=\"wp-caption-text\"><em><strong>Durante su discurso, Lorenzo Linares enfatiz\u00f3 la importancia de tomar decisiones con responsabilidad, visi\u00f3n y capacidad real de ejecuci\u00f3n<\/strong><\/em><\/figcaption><\/figure>\n<p>La propuesta se articula en seis l\u00edneas de acci\u00f3n prioritarias: Docencia que transforma, con \u00e9nfasis en calidad, evaluaci\u00f3n y formaci\u00f3n continua; Investigaci\u00f3n con impacto, orientada a soluciones reales y vinculaci\u00f3n productiva; Extensi\u00f3n con prop\u00f3sito, fortaleciendo la relaci\u00f3n con la sociedad; Gesti\u00f3n eficiente y transparente, reduciendo burocracia y optimizando procesos; Transformaci\u00f3n digital, como herramienta para modernizar la Facultad; y Estudiantes al centro, priorizando su desarrollo, permanencia y empleabilidad.<\/p>\n<p>El evento, que reuni\u00f3 a autoridades acad\u00e9micas, docentes, estudiantes, personal administrativo, invitados especiales y representantes de medios de comunicaci\u00f3n, concluy\u00f3 con un llamado a la comunidad acad\u00e9mica a asumir este momento como una \u00abdecisi\u00f3n de futuro\u00bb, enfatizando que \u00abseguir igual tambi\u00e9n es decidir\u00bb y que hoy se presenta la oportunidad de mejorar.<\/p>\n<p>La entrada <a href=\"https:\/\/elnuevodiario.com.do\/maribel-lorenzo-linares-presenta-propuesta-de-transformacion-para-la-fces-2026-2030\/\">Maribel Lorenzo Linares presenta propuesta de transformaci\u00f3n para la FCES 2026\u20132030<\/a> se public\u00f3 primero en <a href=\"https:\/\/elnuevodiario.com.do\">El Nuevo Diario (Rep\u00fablica Dominicana)<\/a>.<\/p>\n","protected":false},"excerpt":{"rendered":"<p>EL NUEVO DIARIO, SANTO DOMINGO.- Maribel Lorenzo Linares, present\u00f3 una propuesta de transformaci\u00f3n para el per\u00edodo 2026\u20132030 para la Facultad de Ciencias Econ\u00f3micas y Sociales (FCES) de la Universidad Aut\u00f3noma de Santo Domingo (UASD), en un evento que congreg\u00f3 a la comunidad acad\u00e9mica y gener\u00f3 altas expectativas. El auditorio Manuel del Cabral de la biblioteca<\/p>\n","protected":false},"author":1,"featured_media":37221,"comment_status":"open","ping_status":"open","sticky":false,"template":"","format":"standard","meta":{"footnotes":""},"categories":[1],"tags":[],"class_list":["post-37220","post","type-post","status-publish","format-standard","has-post-thumbnail","hentry","category-nacionales"],"_links":{"self":[{"href":"https:\/\/acronoticias.com\/index.php\/wp-json\/wp\/v2\/posts\/37220","targetHints":{"allow":["GET"]}}],"collection":[{"href":"https:\/\/acronoticias.com\/index.php\/wp-json\/wp\/v2\/posts"}],"about":[{"href":"https:\/\/acronoticias.com\/index.php\/wp-json\/wp\/v2\/types\/post"}],"author":[{"embeddable":true,"href":"https:\/\/acronoticias.com\/index.php\/wp-json\/wp\/v2\/users\/1"}],"replies":[{"embeddable":true,"href":"https:\/\/acronoticias.com\/index.php\/wp-json\/wp\/v2\/comments?post=37220"}],"version-history":[{"count":0,"href":"https:\/\/acronoticias.com\/index.php\/wp-json\/wp\/v2\/posts\/37220\/revisions"}],"wp:featuredmedia":[{"embeddable":true,"href":"https:\/\/acronoticias.com\/index.php\/wp-json\/wp\/v2\/media\/37221"}],"wp:attachment":[{"href":"https:\/\/acronoticias.com\/index.php\/wp-json\/wp\/v2\/media?parent=37220"}],"wp:term":[{"taxonomy":"category","embeddable":true,"href":"https:\/\/acronoticias.com\/index.php\/wp-json\/wp\/v2\/categories?post=37220"},{"taxonomy":"post_tag","embeddable":true,"href":"https:\/\/acronoticias.com\/index.php\/wp-json\/wp\/v2\/tags?post=37220"}],"curies":[{"name":"wp","href":"https:\/\/api.w.org\/{rel}","templated":true}]}}