{"id":37216,"date":"2026-04-26T19:47:59","date_gmt":"2026-04-26T19:47:59","guid":{"rendered":"https:\/\/acronoticias.com\/index.php\/2026\/04\/26\/muere-ministro-de-defensa-de-mali-en-atentado-con-explosivos\/"},"modified":"2026-04-26T19:47:59","modified_gmt":"2026-04-26T19:47:59","slug":"muere-ministro-de-defensa-de-mali-en-atentado-con-explosivos","status":"publish","type":"post","link":"https:\/\/acronoticias.com\/index.php\/2026\/04\/26\/muere-ministro-de-defensa-de-mali-en-atentado-con-explosivos\/","title":{"rendered":"Muere ministro de Defensa de Mali en atentado con explosivos"},"content":{"rendered":"<div>\n<div class=\"c-detail__author full\">\n<div>\n<div class=\"c-detail__author__thumb\">\n<figure>\n                                <picture src=\"https:\/\/imagenes.hoy.com.do\/files\/image_square_xs\/uploads\/2025\/11\/18\/691c7d5bed035.jpeg\" data-size=\"w:40,h:40\">\n                                    <img decoding=\"async\" loading=\"lazy\" alt=\"EFE EFE\" width=\"40\" height=\"40\" src=\"https:\/\/imagenes.hoy.com.do\/files\/image_square_xs\/uploads\/2025\/11\/18\/691c7d5bed035.jpeg\"\/>\n                                <\/picture>\n                                <\/figure>\n<\/div>\n<\/div>\n<\/div>\n<p>                                                                                            <!-- --><\/p>\n<p class=\"paragraph\">El ministro de Defensa de Mali, el general Sadio Camara, muri\u00f3 en un atentado con explosivos durante la ofensiva de gran escala lanzada este s\u00e1bado por Al Qaeda y secesionistas norte\u00f1os contra objetivos civiles y militares, informaron este domingo a EFE fuentes militares y familiares.<\/p>\n<p class=\"paragraph\">Dos fuentes militares y dos parientes precisaron que Camara y tres miembros de su familia fallecieron en la explosi\u00f3n en la localidad de Kati, situada a unos 15 kil\u00f3metros al norte de Bamako, sin avanzar m\u00e1s detalles.<\/p>\n<p class=\"paragraph\">El asesinato de Camara, de 47 a\u00f1os y en el cargo desde 2021, a\u00fan no ha sido confirmado oficialmente por el Gobierno maliense.<\/p>\n<p class=\"paragraph\">Este general era uno de los principales integrantes de la junta militar que dirige Mali y particip\u00f3 en el golpe de Estado de 2020, que derroc\u00f3 al expresidente electo Ibrahim Boubacar Keita.<\/p>\n<div class=\"c-detail__box \">\n<article class=\"c-detail__sumario \">\n<figure class=\"c-detail__sumario__thumb\" style=\"display: block;\">\n            <a href=\"#\" title=\"\">\n                <picture data-size=\"w:140,h:140\" loading=\"lazy\" src=\"https:\/\/imagenes.hoy.com.do\/files\/related_image\/uploads\/2026\/04\/13\/69ddbb0a82db3.jpeg\" data-full-src=\"https:\/\/imagenes.hoy.com.do\/uploads\/2026\/04\/13\/69ddbb0a82db3.jpeg\">\n                    <img loading=\"lazy\" decoding=\"async\" width=\"140\" height=\"140\" alt=\"Protestas en Hait\u00ed. Fuente externa\" src=\"https:\/\/imagenes.hoy.com.do\/uploads\/2026\/04\/13\/69ddbb0a82db3.jpeg\"\/>\n                <\/picture>\n            <\/a><br \/>\n        <\/figure>\n<\/article>\n<\/div>\n<p class=\"paragraph\">Este s\u00e1bado, el secesionista Frente de Liberaci\u00f3n de Azawad (FLA), que reclama esa regi\u00f3n del norte, y el Grupo de Apoyo al Islam y los Musulmanes (JNIM, filial de Al Qaeda en el Sahel) lanzaron una ofensiva coordinada en el norte del pa\u00eds que culmin\u00f3 con la toma de la estrat\u00e9gica ciudad de Kidal.<\/p>\n<p class=\"paragraph\">El JNIM llev\u00f3 a cabo ataques unilaterales contra sedes civiles y cuarteles militares en Bamako, Kati y otras ciudades del centro, e intent\u00f3 asaltar el aeropuerto internacional de la capital maliense.<\/p>\n<p class=\"paragraph\">El Estado Mayor de las Fuerzas Armadas malienses inform\u00f3 de que &#8220;grupos armados terroristas&#8221; atacaron varias ciudades, pero el Ej\u00e9rcito repeli\u00f3 la ofensiva, &#8220;neutraliz\u00f3&#8221; a cientos de atacantes y asegur\u00f3 que la situaci\u00f3n &#8220;est\u00e1 totalmente bajo control&#8221;.<\/p>\n<p class=\"paragraph\">Ademas, pidi\u00f3 calma a la poblaci\u00f3n y decret\u00f3 un toque de queda de tres d\u00edas en el distrito de Bamako, con m\u00e1s puestos de control en la capital y su periferia.<\/p>\n<p class=\"paragraph\">Desde 2020, Mali est\u00e1 gobernado por una junta militar en un contexto de inestabilidad y violencia prolongada, impulsada por secesionistas del Azawad y grupos yihadistas vinculados a Al Qaeda y al Estado Isl\u00e1mico (EI).<\/p>\n<\/p><\/div>\n","protected":false},"excerpt":{"rendered":"<p>El ministro de Defensa de Mali, el general Sadio Camara, muri\u00f3 en un atentado con explosivos durante la ofensiva de gran escala lanzada este s\u00e1bado por Al Qaeda y secesionistas norte\u00f1os contra objetivos civiles y militares, informaron este domingo a EFE fuentes militares y familiares. Dos fuentes militares y dos parientes precisaron que Camara y<\/p>\n","protected":false},"author":1,"featured_media":37217,"comment_status":"open","ping_status":"open","sticky":false,"template":"","format":"standard","meta":{"footnotes":""},"categories":[3],"tags":[],"class_list":["post-37216","post","type-post","status-publish","format-standard","has-post-thumbnail","hentry","category-internacionales"],"_links":{"self":[{"href":"https:\/\/acronoticias.com\/index.php\/wp-json\/wp\/v2\/posts\/37216","targetHints":{"allow":["GET"]}}],"collection":[{"href":"https:\/\/acronoticias.com\/index.php\/wp-json\/wp\/v2\/posts"}],"about":[{"href":"https:\/\/acronoticias.com\/index.php\/wp-json\/wp\/v2\/types\/post"}],"author":[{"embeddable":true,"href":"https:\/\/acronoticias.com\/index.php\/wp-json\/wp\/v2\/users\/1"}],"replies":[{"embeddable":true,"href":"https:\/\/acronoticias.com\/index.php\/wp-json\/wp\/v2\/comments?post=37216"}],"version-history":[{"count":0,"href":"https:\/\/acronoticias.com\/index.php\/wp-json\/wp\/v2\/posts\/37216\/revisions"}],"wp:featuredmedia":[{"embeddable":true,"href":"https:\/\/acronoticias.com\/index.php\/wp-json\/wp\/v2\/media\/37217"}],"wp:attachment":[{"href":"https:\/\/acronoticias.com\/index.php\/wp-json\/wp\/v2\/media?parent=37216"}],"wp:term":[{"taxonomy":"category","embeddable":true,"href":"https:\/\/acronoticias.com\/index.php\/wp-json\/wp\/v2\/categories?post=37216"},{"taxonomy":"post_tag","embeddable":true,"href":"https:\/\/acronoticias.com\/index.php\/wp-json\/wp\/v2\/tags?post=37216"}],"curies":[{"name":"wp","href":"https:\/\/api.w.org\/{rel}","templated":true}]}}