{"id":37214,"date":"2026-04-26T19:44:10","date_gmt":"2026-04-26T19:44:10","guid":{"rendered":"https:\/\/acronoticias.com\/index.php\/2026\/04\/26\/david-collado-deja-iniciada-construccion-plaza-de-vendedores-en-playa-teco-de-maimon-puerto-plata\/"},"modified":"2026-04-26T19:44:10","modified_gmt":"2026-04-26T19:44:10","slug":"david-collado-deja-iniciada-construccion-plaza-de-vendedores-en-playa-teco-de-maimon-puerto-plata","status":"publish","type":"post","link":"https:\/\/acronoticias.com\/index.php\/2026\/04\/26\/david-collado-deja-iniciada-construccion-plaza-de-vendedores-en-playa-teco-de-maimon-puerto-plata\/","title":{"rendered":"David Collado deja iniciada construcci\u00f3n plaza de vendedores en playa Teco de Maim\u00f3n, Puerto Plata"},"content":{"rendered":"<p><img loading=\"lazy\" decoding=\"async\" width=\"355\" height=\"200\" src=\"https:\/\/nuevodiario-assets.s3.us-east-2.amazonaws.com\/wp-content\/uploads\/2026\/04\/David-Collado-1-355x200.jpeg\" class=\"webfeedsFeaturedVisual not-transparent wp-post-image\" alt=\"\" style=\"--dominant-color: #606b62;margin-bottom: 5px;clear:both;max-width: 100%\" data-has-transparency=\"false\" data-dominant-color=\"606b62\" \/><\/p>\n<p>EL NUEVO DIARIO, PUERTO PLATA.- El ministro de Turismo,\u00a0David Collado, dej\u00f3 iniciados este domingo los trabajos de construcci\u00f3n de la plaza de vendedores en playa\u00a0Teco, con una inversi\u00f3n de RD$193,533,136.<\/p>\n<p data-mrf-recirculation=\"Links p\u00e1rrafos\">La obra, que tendr\u00e1 un gran impacto en el turismo de la provincia, es parte de las acciones del\u00a0MITUR\u00a0de recuperar y embellecer los entornos de las playas y frentes marinos.<\/p>\n<p data-mrf-recirculation=\"Links p\u00e1rrafos\">La nueva plaza llega a completar la inversi\u00f3n realizada con la nueva v\u00eda, de 3.60 kil\u00f3metros, inaugurada el pasado a\u00f1o, como un corredor tur\u00edstico integral que culminar\u00e1 en una playa moderna, debidamente equipada, a la altura de un destino tur\u00edstico de clase mundial.<\/p>\n<p data-mrf-recirculation=\"Links p\u00e1rrafos\">El ministro\u00a0Collado, quien estuvo acompa\u00f1ado de autoridades provinciales y municipales, valor\u00f3 la importancia de la obra y su impacto econ\u00f3mico en\u00a0Maim\u00f3n\u00a0y toda la zona.<\/p>\n<p data-mrf-recirculation=\"Links p\u00e1rrafos\">Hoy volvemos aqu\u00ed, a\u00a0Maim\u00f3n, luego de intervenir las v\u00edas de acceso a playa\u00a0Teco, para dejar iniciados los trabajos de construcci\u00f3n de la\u00a0Plaza de Vendedores, cumpliendo as\u00ed con nuestra promesa\u00bb, proclam\u00f3 el ministro\u00a0Collado.<\/p>\n<p data-mrf-recirculation=\"Links p\u00e1rrafos\">El proyecto contempla dos intervenciones principales en un \u00e1rea de 11,750 metros cuadrados: mejora de la v\u00eda de acceso y adecuaci\u00f3n integral de la plaza, donde se ejecutar\u00e1n trabajos de demolici\u00f3n de estructuras existentes, movimiento de tierra y pavimentaci\u00f3n; la construcci\u00f3n de m\u00f3dulos comerciales destinados a bar, servicios sanitarios y artesan\u00edas.<\/p>\n<p data-mrf-recirculation=\"Links p\u00e1rrafos\">En la nueva plaza se incorporar\u00e1 una zona de juegos infantiles, \u00e1rea de ejercicios al aire libre y una cancha de voleibol playero.<\/p>\n<p data-mrf-recirculation=\"Links p\u00e1rrafos\">Adem\u00e1s, habr\u00e1 un \u00e1rea para dep\u00f3sito de basura y almacenamiento de gas; instalaci\u00f3n de p\u00e9rgolas, mobiliario urbano, intervenci\u00f3n hidrosanitaria con cisterna, duchas y pozo filtrante; sistema contra incendios, paisajismo integral e iluminaci\u00f3n exterior, as\u00ed como la correspondiente se\u00f1alizaci\u00f3n horizontal y vertical.<\/p>\n<p data-mrf-recirculation=\"Links p\u00e1rrafos\"><strong>Pavimentaci\u00f3n<\/strong><\/p>\n<p data-mrf-recirculation=\"Links p\u00e1rrafos\">Se contempla, asimismo, la conformaci\u00f3n y revestimiento de cunetas, ejecuci\u00f3n de pedrapl\u00e9n, construcci\u00f3n de contenes y pavimentaci\u00f3n mediante adoquines de alto, garantizando la estabilidad estructural y la durabilidad de la superficie.<\/p>\n<p data-mrf-recirculation=\"Links p\u00e1rrafos\"><strong>Paisajismo<\/strong><\/p>\n<p data-mrf-recirculation=\"Links p\u00e1rrafos\">Para el disfrute de sus visitantes, el entorno natural y los alrededores de la plaza en playa\u00a0Teco\u00a0contar\u00e1n con una selecci\u00f3n de especies de plantas como roble criollo, uva de playa, palma cana, almendro, mara, icaco, gu\u00e1yiga, batatilla, saladillo, mangle bot\u00f3n y grama bermuda.<\/p>\n<p data-mrf-recirculation=\"Links p\u00e1rrafos\">La plaza de vendedores en playa\u00a0Teco\u00a0est\u00e1 a cargo del\u00a0Comit\u00e9 Ejecutor de Infraestructuras de Zonas Tur\u00edsticas\u00a0(CEIZTUR) del\u00a0MITUR.<\/p>\n<p>La entrada <a href=\"https:\/\/elnuevodiario.com.do\/david-collado-deja-iniciada-construccion-plaza-de-vendedores-en-playa-teco-de-maimon-puerto-plata\/\">David Collado deja iniciada construcci\u00f3n plaza de vendedores en playa Teco de Maim\u00f3n, Puerto Plata<\/a> se public\u00f3 primero en <a href=\"https:\/\/elnuevodiario.com.do\">El Nuevo Diario (Rep\u00fablica Dominicana)<\/a>.<\/p>\n","protected":false},"excerpt":{"rendered":"<p>EL NUEVO DIARIO, PUERTO PLATA.- El ministro de Turismo,\u00a0David Collado, dej\u00f3 iniciados este domingo los trabajos de construcci\u00f3n de la plaza de vendedores en playa\u00a0Teco, con una inversi\u00f3n de RD$193,533,136. La obra, que tendr\u00e1 un gran impacto en el turismo de la provincia, es parte de las acciones del\u00a0MITUR\u00a0de recuperar y embellecer los entornos de<\/p>\n","protected":false},"author":1,"featured_media":37215,"comment_status":"open","ping_status":"open","sticky":false,"template":"","format":"standard","meta":{"footnotes":""},"categories":[1],"tags":[],"class_list":["post-37214","post","type-post","status-publish","format-standard","has-post-thumbnail","hentry","category-nacionales"],"_links":{"self":[{"href":"https:\/\/acronoticias.com\/index.php\/wp-json\/wp\/v2\/posts\/37214","targetHints":{"allow":["GET"]}}],"collection":[{"href":"https:\/\/acronoticias.com\/index.php\/wp-json\/wp\/v2\/posts"}],"about":[{"href":"https:\/\/acronoticias.com\/index.php\/wp-json\/wp\/v2\/types\/post"}],"author":[{"embeddable":true,"href":"https:\/\/acronoticias.com\/index.php\/wp-json\/wp\/v2\/users\/1"}],"replies":[{"embeddable":true,"href":"https:\/\/acronoticias.com\/index.php\/wp-json\/wp\/v2\/comments?post=37214"}],"version-history":[{"count":0,"href":"https:\/\/acronoticias.com\/index.php\/wp-json\/wp\/v2\/posts\/37214\/revisions"}],"wp:featuredmedia":[{"embeddable":true,"href":"https:\/\/acronoticias.com\/index.php\/wp-json\/wp\/v2\/media\/37215"}],"wp:attachment":[{"href":"https:\/\/acronoticias.com\/index.php\/wp-json\/wp\/v2\/media?parent=37214"}],"wp:term":[{"taxonomy":"category","embeddable":true,"href":"https:\/\/acronoticias.com\/index.php\/wp-json\/wp\/v2\/categories?post=37214"},{"taxonomy":"post_tag","embeddable":true,"href":"https:\/\/acronoticias.com\/index.php\/wp-json\/wp\/v2\/tags?post=37214"}],"curies":[{"name":"wp","href":"https:\/\/api.w.org\/{rel}","templated":true}]}}