{"id":37212,"date":"2026-04-26T19:28:37","date_gmt":"2026-04-26T19:28:37","guid":{"rendered":"https:\/\/acronoticias.com\/index.php\/2026\/04\/26\/abinader-inaugura-circuito-vial-bajo-yuna-que-conecta-provincias-duarte-y-maria-trinidad-sanchez\/"},"modified":"2026-04-26T19:28:37","modified_gmt":"2026-04-26T19:28:37","slug":"abinader-inaugura-circuito-vial-bajo-yuna-que-conecta-provincias-duarte-y-maria-trinidad-sanchez","status":"publish","type":"post","link":"https:\/\/acronoticias.com\/index.php\/2026\/04\/26\/abinader-inaugura-circuito-vial-bajo-yuna-que-conecta-provincias-duarte-y-maria-trinidad-sanchez\/","title":{"rendered":"Abinader inaugura circuito vial Bajo Yuna que conecta provincias Duarte y Mar\u00eda Trinidad S\u00e1nchez"},"content":{"rendered":"<p><img loading=\"lazy\" decoding=\"async\" width=\"355\" height=\"200\" src=\"https:\/\/nuevodiario-assets.s3.us-east-2.amazonaws.com\/wp-content\/uploads\/2026\/04\/Abinader-inaugura-circuito-vial-Bajo-Yuna-que-conecta-provincias-Duarte-y-Maria-Trinidad-Sanchez-3-355x200.jpeg\" class=\"webfeedsFeaturedVisual not-transparent wp-post-image\" alt=\"\" style=\"--dominant-color: #8b928b;margin-bottom: 5px;clear:both;max-width: 100%\" data-has-transparency=\"false\" data-dominant-color=\"8b928b\" \/><\/p>\n<p>EL NUEVO DIARIO, DUARTE. &#8211; El presidente de la Rep\u00fablica, <span class=\"hover:entity-accent entity-underline inline cursor-pointer align-baseline\"><span class=\"whitespace-normal\">Luis Abinader,<\/span><\/span> encabez\u00f3 este domingo la inauguraci\u00f3n del Circuito Vial Bajo Yuna, una obra de 49.2 kil\u00f3metros que conecta comunidades de las provincias Duarte y Mar\u00eda Trinidad S\u00e1nchez.<\/p>\n<div class=\"flex flex-col text-sm pb-25\">\n<section class=\"text-token-text-primary w-full focus:outline-none [--shadow-height:45px] has-data-writing-block:pointer-events-none has-data-writing-block:-mt-(--shadow-height) has-data-writing-block:pt-(--shadow-height) [&amp;:has([data-writing-block])&gt;*]:pointer-events-auto scroll-mt-[calc(var(--header-height)+min(200px,max(70px,20svh)))]\" dir=\"auto\" data-turn-id=\"request-WEB:83a72e46-e0d4-47c9-88f8-c18aee1c4c39-12\" data-testid=\"conversation-turn-26\" data-scroll-anchor=\"true\" data-turn=\"assistant\">\n<div class=\"text-base my-auto mx-auto pb-10 [--thread-content-margin:var(--thread-content-margin-xs,calc(var(--spacing)*4))] @w-sm\/main:[--thread-content-margin:var(--thread-content-margin-sm,calc(var(--spacing)*6))] @w-lg\/main:[--thread-content-margin:var(--thread-content-margin-lg,calc(var(--spacing)*16))] px-(--thread-content-margin)\">\n<div class=\"[--thread-content-max-width:40rem] @w-lg\/main:[--thread-content-max-width:48rem] mx-auto max-w-(--thread-content-max-width) flex-1 group\/turn-messages focus-visible:outline-hidden relative flex w-full min-w-0 flex-col agent-turn\">\n<div class=\"flex max-w-full flex-col gap-4 grow\">\n<div class=\"min-h-8 text-message relative flex w-full flex-col items-end gap-2 text-start break-words whitespace-normal outline-none keyboard-focused:focus-ring [.text-message+&amp;]:mt-1\" dir=\"auto\" data-message-author-role=\"assistant\" data-message-id=\"5aef1d95-3cbc-4ed8-8a31-767da08f9820\" data-message-model-slug=\"gpt-5-3\" data-turn-start-message=\"true\">\n<div class=\"flex w-full flex-col gap-1 empty:hidden\">\n<div class=\"markdown prose dark:prose-invert w-full wrap-break-word light markdown-new-styling\">\n<p data-start=\"311\" data-end=\"591\">El proyecto incluye 42.8 kil\u00f3metros de v\u00eda principal y 6.2 kil\u00f3metros de caminos internos asfaltados, que enlazan localidades como La Reforma, Las Coles, La Jagua, El Jobo, Jobo Afuera, Molenillo y La Garza con la <span class=\"hover:entity-accent entity-underline inline cursor-pointer align-baseline\"><span class=\"whitespace-normal\">Autopista Juan Pablo Segundo<\/span><\/span> y la carretera Nagua\u2013Saman\u00e1, seg\u00fan detalla un comunicado de prensa.<\/p>\n<p data-start=\"593\" data-end=\"784\">Durante el acto, el mandatario afirm\u00f3 que en el pa\u00eds se ejecutan m\u00faltiples proyectos viales y cit\u00f3 la construcci\u00f3n de la carretera que unir\u00e1 Las Gu\u00e1ranas con Pimentel, en la provincia Duarte.<\/p>\n<p><a href=\"https:\/\/videos.files.wordpress.com\/GouCaWlp\/abinader-inaugura-circuito-vial-bajo-yuna-que-conecta-provincias-duarte-y-maria-trinidad-sanchez.mp4\">Presidente de la Rep\u00fablica, Luis Abinader durante inauguraci\u00f3n circuito vial Bajo Yuna que conecta provincias Duarte y Mar\u00eda Trinidad S\u00e1nchez. (Video: Prensa Presidencia).<\/a><\/p>\n<p data-start=\"786\" data-end=\"1074\">La obra fue construida por el <span class=\"hover:entity-accent entity-underline inline cursor-pointer align-baseline\"><span class=\"whitespace-normal\">Ministerio de Obras P\u00fablicas y Comunicaciones<\/span><\/span> y, seg\u00fan datos oficiales, busca mejorar la movilidad y facilitar el acceso a servicios de salud y educaci\u00f3n en la zona. El proyecto impacta de forma directa a m\u00e1s de 20,000 personas y de manera indirecta a m\u00e1s de 30,000.<\/p>\n<p data-start=\"1076\" data-end=\"1277\">El ministro de Obras P\u00fablicas, <span class=\"hover:entity-accent entity-underline inline cursor-pointer align-baseline\"><span class=\"whitespace-normal\">Eduardo Estrella<\/span><\/span>, indic\u00f3 que la infraestructura facilita el transporte de productos agr\u00edcolas, en una zona donde ha aumentado la producci\u00f3n de arroz.<\/p>\n<p data-start=\"1279\" data-end=\"1571\">En la provincia Duarte, el funcionario se\u00f1al\u00f3 que se desarrollan otros proyectos, entre ellos la intervenci\u00f3n de 78 kil\u00f3metros de carreteras, la circunvalaci\u00f3n de San Francisco de Macor\u00eds y la construcci\u00f3n de cinco puentes, adem\u00e1s de trabajos de asfaltado en distintos municipios y distritos.<\/p>\n<p data-start=\"1573\" data-end=\"1772\">De acuerdo con autoridades locales, en la comunidad de Bebedero se construy\u00f3 un puente que permite la conexi\u00f3n de \u00e1reas agr\u00edcolas, junto con trabajos de dragado, aceras, contenes y caminos vecinales.<\/p>\n<p data-start=\"1774\" data-end=\"1987\">El senador por Duarte, <span class=\"hover:entity-accent entity-underline inline cursor-pointer align-baseline\"><span class=\"whitespace-normal\">Franklin Romero<\/span><\/span>, indic\u00f3 que la obra incide en la comercializaci\u00f3n de productos como arroz y cacao, al reducir costos de transporte y facilitar el acceso a los mercados.<\/p>\n<p data-start=\"1989\" data-end=\"2121\">El Circuito Vial Bajo Yuna fue dise\u00f1ado con sistemas de drenaje para garantizar su funcionamiento en zonas propensas a inundaciones.<\/p>\n<p data-start=\"2123\" data-end=\"2431\" data-is-last-node=\"\" data-is-only-node=\"\">En la actividad participaron el senador por Mar\u00eda Trinidad S\u00e1nchez, <span class=\"hover:entity-accent entity-underline inline cursor-pointer align-baseline\"><span class=\"whitespace-normal\">Alexis Victoria Yeb<\/span><\/span>; las gobernadoras <span class=\"hover:entity-accent entity-underline inline cursor-pointer align-baseline\"><span class=\"whitespace-normal\">Ana Xiomara Cort\u00e9s<\/span><\/span> y <span class=\"hover:entity-accent entity-underline inline cursor-pointer align-baseline\"><span class=\"whitespace-normal\">Mar\u00eda L\u00f3pez<\/span><\/span>; y el director ejecutivo del <span class=\"hover:entity-accent entity-underline inline cursor-pointer align-baseline\"><span class=\"whitespace-normal\">Instituto Nacional de Recursos Hidr\u00e1ulicos (Indhri)<\/span><\/span>, <span class=\"hover:entity-accent entity-underline inline cursor-pointer align-baseline\"><span class=\"whitespace-normal\">Olmedo Caba<\/span><\/span>.<\/p>\n<\/div>\n<\/div>\n<\/div>\n<\/div>\n<div class=\"z-0 flex min-h-[46px] justify-start\">NLP\/<\/div>\n<div class=\"mt-3 w-full empty:hidden\">\n<div class=\"text-center\"><\/div>\n<\/div>\n<\/div>\n<\/div>\n<\/section>\n<\/div>\n<div class=\"pointer-events-none h-px w-px absolute bottom-0\" aria-hidden=\"true\" data-edge=\"true\"><\/div>\n<p>La entrada <a href=\"https:\/\/elnuevodiario.com.do\/abinader-inaugura-circuito-vial-bajo-yuna-que-conecta-provincias-duarte-y-maria-trinidad-sanchez\/\">Abinader inaugura circuito vial Bajo Yuna que conecta provincias Duarte y Mar\u00eda Trinidad S\u00e1nchez<\/a> se public\u00f3 primero en <a href=\"https:\/\/elnuevodiario.com.do\">El Nuevo Diario (Rep\u00fablica Dominicana)<\/a>.<\/p>\n","protected":false},"excerpt":{"rendered":"<p>EL NUEVO DIARIO, DUARTE. &#8211; El presidente de la Rep\u00fablica, Luis Abinader, encabez\u00f3 este domingo la inauguraci\u00f3n del Circuito Vial Bajo Yuna, una obra de 49.2 kil\u00f3metros que conecta comunidades de las provincias Duarte y Mar\u00eda Trinidad S\u00e1nchez. El proyecto incluye 42.8 kil\u00f3metros de v\u00eda principal y 6.2 kil\u00f3metros de caminos internos asfaltados, que enlazan<\/p>\n","protected":false},"author":1,"featured_media":37213,"comment_status":"open","ping_status":"open","sticky":false,"template":"","format":"standard","meta":{"footnotes":""},"categories":[1],"tags":[],"class_list":["post-37212","post","type-post","status-publish","format-standard","has-post-thumbnail","hentry","category-nacionales"],"_links":{"self":[{"href":"https:\/\/acronoticias.com\/index.php\/wp-json\/wp\/v2\/posts\/37212","targetHints":{"allow":["GET"]}}],"collection":[{"href":"https:\/\/acronoticias.com\/index.php\/wp-json\/wp\/v2\/posts"}],"about":[{"href":"https:\/\/acronoticias.com\/index.php\/wp-json\/wp\/v2\/types\/post"}],"author":[{"embeddable":true,"href":"https:\/\/acronoticias.com\/index.php\/wp-json\/wp\/v2\/users\/1"}],"replies":[{"embeddable":true,"href":"https:\/\/acronoticias.com\/index.php\/wp-json\/wp\/v2\/comments?post=37212"}],"version-history":[{"count":0,"href":"https:\/\/acronoticias.com\/index.php\/wp-json\/wp\/v2\/posts\/37212\/revisions"}],"wp:featuredmedia":[{"embeddable":true,"href":"https:\/\/acronoticias.com\/index.php\/wp-json\/wp\/v2\/media\/37213"}],"wp:attachment":[{"href":"https:\/\/acronoticias.com\/index.php\/wp-json\/wp\/v2\/media?parent=37212"}],"wp:term":[{"taxonomy":"category","embeddable":true,"href":"https:\/\/acronoticias.com\/index.php\/wp-json\/wp\/v2\/categories?post=37212"},{"taxonomy":"post_tag","embeddable":true,"href":"https:\/\/acronoticias.com\/index.php\/wp-json\/wp\/v2\/tags?post=37212"}],"curies":[{"name":"wp","href":"https:\/\/api.w.org\/{rel}","templated":true}]}}