{"id":37208,"date":"2026-04-26T18:58:36","date_gmt":"2026-04-26T18:58:36","guid":{"rendered":"https:\/\/acronoticias.com\/index.php\/2026\/04\/26\/inauguran-en-el-centro-olimpico-pabellon-de-practica-de-voleibol-con-capacidad-de-1200-personas\/"},"modified":"2026-04-26T18:58:36","modified_gmt":"2026-04-26T18:58:36","slug":"inauguran-en-el-centro-olimpico-pabellon-de-practica-de-voleibol-con-capacidad-de-1200-personas","status":"publish","type":"post","link":"https:\/\/acronoticias.com\/index.php\/2026\/04\/26\/inauguran-en-el-centro-olimpico-pabellon-de-practica-de-voleibol-con-capacidad-de-1200-personas\/","title":{"rendered":"Inauguran en el Centro Ol\u00edmpico pabell\u00f3n de pr\u00e1ctica de voleibol con capacidad de 1,200 personas"},"content":{"rendered":"<p><img decoding=\"async\" width=\"355\" height=\"200\" src=\"https:\/\/nuevodiario-assets.s3.us-east-2.amazonaws.com\/wp-content\/uploads\/2026\/04\/Inauguran-pabellon-de-practica-de-voleibol-con-capacidad-de-1200-personas-en-el-Centro-Olimpico-5-355x200.jpeg\" class=\"webfeedsFeaturedVisual not-transparent wp-post-image\" alt=\"\" style=\"--dominant-color: #9dacbd;margin-bottom: 5px;clear:both;max-width: 100%\" loading=\"lazy\" data-has-transparency=\"false\" data-dominant-color=\"9dacbd\" \/><\/p>\n<div class=\"flex flex-col text-sm pb-25\">\n<section class=\"text-token-text-primary w-full focus:outline-none [--shadow-height:45px] has-data-writing-block:pointer-events-none has-data-writing-block:-mt-(--shadow-height) has-data-writing-block:pt-(--shadow-height) [&amp;:has([data-writing-block])&gt;*]:pointer-events-auto scroll-mt-[calc(var(--header-height)+min(200px,max(70px,20svh)))]\" dir=\"auto\" data-turn-id=\"request-WEB:83a72e46-e0d4-47c9-88f8-c18aee1c4c39-9\" data-testid=\"conversation-turn-20\" data-scroll-anchor=\"true\" data-turn=\"assistant\">\n<div class=\"text-base my-auto mx-auto pb-10 [--thread-content-margin:var(--thread-content-margin-xs,calc(var(--spacing)*4))] @w-sm\/main:[--thread-content-margin:var(--thread-content-margin-sm,calc(var(--spacing)*6))] @w-lg\/main:[--thread-content-margin:var(--thread-content-margin-lg,calc(var(--spacing)*16))] px-(--thread-content-margin)\">\n<div class=\"[--thread-content-max-width:40rem] @w-lg\/main:[--thread-content-max-width:48rem] mx-auto max-w-(--thread-content-max-width) flex-1 group\/turn-messages focus-visible:outline-hidden relative flex w-full min-w-0 flex-col agent-turn\">\n<div class=\"flex max-w-full flex-col gap-4 grow\">\n<div class=\"min-h-8 text-message relative flex w-full flex-col items-end gap-2 text-start break-words whitespace-normal outline-none keyboard-focused:focus-ring [.text-message+&amp;]:mt-1\" dir=\"auto\" data-message-author-role=\"assistant\" data-message-id=\"316e7a3c-1608-4955-9021-32296b25bb1d\" data-message-model-slug=\"gpt-5-3\" data-turn-start-message=\"true\">\n<div class=\"flex w-full flex-col gap-1 empty:hidden\">\n<div class=\"markdown prose dark:prose-invert w-full wrap-break-word light markdown-new-styling\">\n<p data-start=\"111\" data-end=\"385\">EL NUEVO DIARIO, SANTO DOMINGO. &#8211; El Ministerio de Vivienda, H\u00e1bitat y Edificaciones (Mivhed) inaugur\u00f3 este domingo el Pabell\u00f3n de Pr\u00e1ctica de Voleibol en el <span class=\"hover:entity-accent entity-underline inline cursor-pointer align-baseline\"><span class=\"whitespace-normal\">Centro Ol\u00edmpico Juan Pablo Duarte<\/span><\/span>, como parte de las obras que se ejecutan con miras a los <span class=\"hover:entity-accent entity-underline inline cursor-pointer align-baseline\"><span class=\"whitespace-normal\">Juegos Centroamericanos y del Caribe Santo Domingo 2026<\/span><\/span>.<\/p>\n<p data-start=\"387\" data-end=\"725\">La entrega de la obra fue encabezada por el ministro <span class=\"hover:entity-accent entity-underline inline cursor-pointer align-baseline\"><span class=\"whitespace-normal\">V\u00edctor Ito Bison\u00f3<\/span><\/span>, quien puso la infraestructura a disposici\u00f3n del Ministerio de Deportes y Recreaci\u00f3n, del Comit\u00e9 Organizador de los Juegos Centroamericanos y del Caribe 2026 y del <span class=\"hover:entity-accent entity-underline inline cursor-pointer align-baseline\"><span class=\"whitespace-normal\">Comit\u00e9 Ol\u00edmpico Dominicano<\/span><\/span>, entidades responsables de su administraci\u00f3n, seg\u00fan detalla un comunicado de prensa.<\/p>\n<p data-start=\"727\" data-end=\"957\">Durante el acto, Bison\u00f3 se\u00f1al\u00f3 que las intervenciones forman parte del proceso de adecuaci\u00f3n de instalaciones deportivas de cara al evento regional y destac\u00f3 que estas obras buscan fortalecer la infraestructura deportiva del pa\u00eds.<\/p>\n<figure id=\"attachment_3097673\" aria-describedby=\"caption-attachment-3097673\" style=\"width: 854px\" class=\"wp-caption alignnone\"><img loading=\"lazy\" decoding=\"async\" data-recalc-dims=\"1\" data-dominant-color=\"7e88a4\" data-has-transparency=\"false\" style=\"--dominant-color: #7e88a4\" class=\"wp-image-3097673 size-full not-transparent\" src=\"https:\/\/i0.wp.com\/nuevodiario-assets.s3.us-east-2.amazonaws.com\/wp-content\/uploads\/2026\/04\/Inauguran-pabellon-de-practica-de-voleibol-con-capacidad-de-1200-personas-en-el-Centro-Olimpico.jpeg?resize=640%2C959&#038;quality=100&#038;ssl=1\" alt=\"\" width=\"640\" height=\"959\" \/><figcaption id=\"caption-attachment-3097673\" class=\"wp-caption-text\">Titular del Mivhed, V\u00edctor &#8211; Ito- Bison\u00f3 durante inauguraci\u00f3n pabell\u00f3n de pr\u00e1ctica de voleibol en el Centro Ol\u00edmpico. (Foto: Mivhed).<\/figcaption><\/figure>\n<p data-start=\"959\" data-end=\"1278\">De su lado, el ministro de Deportes y Recreaci\u00f3n, <span class=\"hover:entity-accent entity-underline inline cursor-pointer align-baseline\"><span class=\"whitespace-normal\">Kelvin Cruz<\/span><\/span>, indic\u00f3 que la entrega responde al cronograma establecido para los juegos, mientras que el presidente del comit\u00e9 organizador, <span class=\"hover:entity-accent entity-underline inline cursor-pointer align-baseline\"><span class=\"whitespace-normal\">Jos\u00e9 P. Monegro<\/span><\/span>, valor\u00f3 el avance de los trabajos vinculados al montaje del evento.<\/p>\n<figure id=\"attachment_3097667\" aria-describedby=\"caption-attachment-3097667\" style=\"width: 853px\" class=\"wp-caption alignnone\"><img loading=\"lazy\" decoding=\"async\" data-recalc-dims=\"1\" data-dominant-color=\"598ec4\" data-has-transparency=\"false\" style=\"--dominant-color: #598ec4\" class=\"wp-image-3097667 size-full not-transparent\" src=\"https:\/\/i0.wp.com\/nuevodiario-assets.s3.us-east-2.amazonaws.com\/wp-content\/uploads\/2026\/04\/Inauguran-pabellon-de-practica-de-voleibol-con-capacidad-de-1200-personas-en-el-Centro-Olimpico-4.jpeg?resize=640%2C960&#038;quality=100&#038;ssl=1\" alt=\"Ministro de Deportes y Recreaci\u00f3n, Kelvin Cruz durante inauguraci\u00f3n pabell\u00f3n de pr\u00e1ctica de voleibol en el Centro Ol\u00edmpico. (Foto: Mivhed).\" width=\"640\" height=\"960\" \/><figcaption id=\"caption-attachment-3097667\" class=\"wp-caption-text\">Ministro de Deportes y Recreaci\u00f3n, Kelvin Cruz durante inauguraci\u00f3n pabell\u00f3n de pr\u00e1ctica de voleibol en el Centro Ol\u00edmpico. (Foto: Mivhed).<\/figcaption><\/figure>\n<p data-start=\"1280\" data-end=\"1466\">El pabell\u00f3n cuenta con una intervenci\u00f3n de m\u00e1s de 6,000 metros cuadrados, incluyendo canchas de pr\u00e1ctica que abarcan 2,300.95 metros cuadrados y gradas con capacidad para 1,240 personas.<\/p>\n<figure id=\"attachment_3097666\" aria-describedby=\"caption-attachment-3097666\" style=\"width: 853px\" class=\"wp-caption alignnone\"><img decoding=\"async\" data-recalc-dims=\"1\" data-dominant-color=\"afc0d5\" data-has-transparency=\"false\" style=\"--dominant-color: #afc0d5\" loading=\"lazy\" class=\"wp-image-3097666 size-full not-transparent\" src=\"https:\/\/i0.wp.com\/nuevodiario-assets.s3.us-east-2.amazonaws.com\/wp-content\/uploads\/2026\/04\/Inauguran-pabellon-de-practica-de-voleibol-con-capacidad-de-1200-personas-en-el-Centro-Olimpico-3.jpeg?resize=640%2C960&#038;quality=100&#038;ssl=1\" alt=\"\" width=\"640\" height=\"960\" \/><figcaption id=\"caption-attachment-3097666\" class=\"wp-caption-text\">Jos\u00e9 P. Monegro, presidente del Comit\u00e9 Organizador de los Juegos Centroamericanos y del Caribe Santo Domingo 2026 durante inauguraci\u00f3n pabell\u00f3n de pr\u00e1ctica de voleibol en el Centro Ol\u00edmpico. (Foto: Mivhed).<\/figcaption><\/figure>\n<p data-start=\"1468\" data-end=\"1677\">La infraestructura dispone de gimnasio, oficinas, \u00e1rea m\u00e9dica, cafeter\u00edas, dormitorios, vestidores, almacenes y parqueos, adem\u00e1s de sistemas de iluminaci\u00f3n, videovigilancia, detecci\u00f3n de incendios y megafon\u00eda.<\/p>\n<figure id=\"attachment_3097670\" aria-describedby=\"caption-attachment-3097670\" style=\"width: 853px\" class=\"wp-caption alignnone\"><img decoding=\"async\" data-recalc-dims=\"1\" data-dominant-color=\"635e5f\" data-has-transparency=\"false\" style=\"--dominant-color: #635e5f\" loading=\"lazy\" class=\"wp-image-3097670 size-full not-transparent\" src=\"https:\/\/i0.wp.com\/nuevodiario-assets.s3.us-east-2.amazonaws.com\/wp-content\/uploads\/2026\/04\/Inauguran-pabellon-de-practica-de-voleibol-con-capacidad-de-1200-personas-en-el-Centro-Olimpico-7.jpeg?resize=640%2C960&#038;quality=100&#038;ssl=1\" alt=\"\" width=\"640\" height=\"960\" \/><figcaption id=\"caption-attachment-3097670\" class=\"wp-caption-text\">Inauguran en el Centro Ol\u00edmpico pabell\u00f3n de pr\u00e1ctica de voleibol con capacidad de 1,200 personas. (Foto: Mivhed).<\/figcaption><\/figure>\n<p data-start=\"1679\" data-end=\"1861\">Los trabajos incluyeron mejoras en la estructura del techo, instalaciones el\u00e9ctricas y sanitarias, as\u00ed como la colocaci\u00f3n de cubierta de aluzinc con aislamiento e impermeabilizaci\u00f3n.<\/p>\n<figure id=\"attachment_3097671\" aria-describedby=\"caption-attachment-3097671\" style=\"width: 853px\" class=\"wp-caption alignnone\"><img decoding=\"async\" data-recalc-dims=\"1\" data-dominant-color=\"af8181\" data-has-transparency=\"false\" style=\"--dominant-color: #af8181\" loading=\"lazy\" class=\"wp-image-3097671 size-full not-transparent\" src=\"https:\/\/i0.wp.com\/nuevodiario-assets.s3.us-east-2.amazonaws.com\/wp-content\/uploads\/2026\/04\/Inauguran-pabellon-de-practica-de-voleibol-con-capacidad-de-1200-personas-en-el-Centro-Olimpico-8.jpeg?resize=640%2C960&#038;quality=100&#038;ssl=1\" alt=\"\" width=\"640\" height=\"960\" \/><figcaption id=\"caption-attachment-3097671\" class=\"wp-caption-text\">Inauguran en el Centro Ol\u00edmpico pabell\u00f3n de pr\u00e1ctica de voleibol con capacidad de 1,200 personas. (Foto: Mivhed).<\/figcaption><\/figure>\n<p data-start=\"1863\" data-end=\"2021\">Seg\u00fan el Mivhed, estas instalaciones cumplen con est\u00e1ndares internacionales para la pr\u00e1ctica de voleibol y la realizaci\u00f3n de eventos deportivos de alto nivel.<\/p>\n<figure id=\"attachment_3097672\" aria-describedby=\"caption-attachment-3097672\" style=\"width: 1066px\" class=\"wp-caption alignnone\"><img decoding=\"async\" data-recalc-dims=\"1\" data-dominant-color=\"7493b3\" data-has-transparency=\"false\" style=\"--dominant-color: #7493b3\" loading=\"lazy\" class=\"wp-image-3097672 size-full not-transparent\" src=\"https:\/\/i0.wp.com\/nuevodiario-assets.s3.us-east-2.amazonaws.com\/wp-content\/uploads\/2026\/04\/Inauguran-pabellon-de-practica-de-voleibol-con-capacidad-de-1200-personas-en-el-Centro-Olimpico-9.jpeg?resize=640%2C961&#038;quality=100&#038;ssl=1\" alt=\"Capitana de las Reinas del Caribe, Niverka Marte. (Foto: Mivhed).\" width=\"640\" height=\"961\" \/><figcaption id=\"caption-attachment-3097672\" class=\"wp-caption-text\">Capitana de las Reinas del Caribe, Niverka Marte. (Foto: Mivhed).<\/figcaption><\/figure>\n<p data-start=\"2023\" data-end=\"2283\">En el Centro Ol\u00edmpico Juan Pablo Duarte, la instituci\u00f3n tambi\u00e9n ha entregado el Centro Acu\u00e1tico y el pabell\u00f3n de esgrima, mientras que en el Parque del Este se han habilitado espacios para disciplinas como arco y flecha, gimnasia, tenis de mesa y halterofilia.<\/p>\n<figure id=\"attachment_3097669\" aria-describedby=\"caption-attachment-3097669\" style=\"width: 854px\" class=\"wp-caption alignnone\"><img decoding=\"async\" data-recalc-dims=\"1\" data-dominant-color=\"525265\" data-has-transparency=\"false\" style=\"--dominant-color: #525265\" loading=\"lazy\" class=\"wp-image-3097669 size-full not-transparent\" src=\"https:\/\/i0.wp.com\/nuevodiario-assets.s3.us-east-2.amazonaws.com\/wp-content\/uploads\/2026\/04\/Inauguran-pabellon-de-practica-de-voleibol-con-capacidad-de-1200-personas-en-el-Centro-Olimpico-6.jpeg?resize=640%2C959&#038;quality=100&#038;ssl=1\" alt=\"\" width=\"640\" height=\"959\" \/><figcaption id=\"caption-attachment-3097669\" class=\"wp-caption-text\">Inauguran en el Centro Ol\u00edmpico pabell\u00f3n de pr\u00e1ctica de voleibol con capacidad de 1,200 personas. (Foto: Mivhed).<\/figcaption><\/figure>\n<p data-start=\"2285\" data-end=\"2561\" data-is-last-node=\"\" data-is-only-node=\"\">En la actividad participaron\u00a0el ministro de Deportes, Kelvin Cruz; el presidente del Comit\u00e9 Organizador de los Juegos Centroamericanos y del Caribe 2026, Jos\u00e9 P. Monegro; el presidente del Comit\u00e9 Ol\u00edmpico Dominicano, Garibaldy Bautista; el diputado Vicente S\u00e1nchez; el presidente de Centro Caribe Sports, Luis\u00edn Mej\u00eda; el presidente de la Federaci\u00f3n Dominicana de Voleibol, Alexis Garc\u00eda; la capitana de las Reinas del Caribe, Niverka Marte; la excapitana de las Reinas del Caribe, Milagros Cabral; y del padre Pancho Batista, de la Parroquia Sagrado Coraz\u00f3n de Jes\u00fas.<\/p>\n<p data-start=\"2285\" data-end=\"2561\" data-is-last-node=\"\" data-is-only-node=\"\">NLP\/<\/p>\n<\/div>\n<\/div>\n<\/div>\n<\/div>\n<\/div>\n<\/div>\n<\/section>\n<\/div>\n<div class=\"pointer-events-none h-px w-px absolute bottom-0\" aria-hidden=\"true\" data-edge=\"true\"><\/div>\n<p>La entrada <a href=\"https:\/\/elnuevodiario.com.do\/inauguran-en-el-centro-olimpico-pabellon-de-practica-de-voleibol-con-capacidad-de-1200-personas\/\">Inauguran en el Centro Ol\u00edmpico pabell\u00f3n de pr\u00e1ctica de voleibol con capacidad de 1,200 personas<\/a> se public\u00f3 primero en <a href=\"https:\/\/elnuevodiario.com.do\">El Nuevo Diario (Rep\u00fablica Dominicana)<\/a>.<\/p>\n","protected":false},"excerpt":{"rendered":"<p>EL NUEVO DIARIO, SANTO DOMINGO. &#8211; El Ministerio de Vivienda, H\u00e1bitat y Edificaciones (Mivhed) inaugur\u00f3 este domingo el Pabell\u00f3n de Pr\u00e1ctica de Voleibol en el Centro Ol\u00edmpico Juan Pablo Duarte, como parte de las obras que se ejecutan con miras a los Juegos Centroamericanos y del Caribe Santo Domingo 2026. La entrega de la obra<\/p>\n","protected":false},"author":1,"featured_media":37209,"comment_status":"open","ping_status":"open","sticky":false,"template":"","format":"standard","meta":{"footnotes":""},"categories":[2],"tags":[],"class_list":["post-37208","post","type-post","status-publish","format-standard","has-post-thumbnail","hentry","category-deporte"],"_links":{"self":[{"href":"https:\/\/acronoticias.com\/index.php\/wp-json\/wp\/v2\/posts\/37208","targetHints":{"allow":["GET"]}}],"collection":[{"href":"https:\/\/acronoticias.com\/index.php\/wp-json\/wp\/v2\/posts"}],"about":[{"href":"https:\/\/acronoticias.com\/index.php\/wp-json\/wp\/v2\/types\/post"}],"author":[{"embeddable":true,"href":"https:\/\/acronoticias.com\/index.php\/wp-json\/wp\/v2\/users\/1"}],"replies":[{"embeddable":true,"href":"https:\/\/acronoticias.com\/index.php\/wp-json\/wp\/v2\/comments?post=37208"}],"version-history":[{"count":0,"href":"https:\/\/acronoticias.com\/index.php\/wp-json\/wp\/v2\/posts\/37208\/revisions"}],"wp:featuredmedia":[{"embeddable":true,"href":"https:\/\/acronoticias.com\/index.php\/wp-json\/wp\/v2\/media\/37209"}],"wp:attachment":[{"href":"https:\/\/acronoticias.com\/index.php\/wp-json\/wp\/v2\/media?parent=37208"}],"wp:term":[{"taxonomy":"category","embeddable":true,"href":"https:\/\/acronoticias.com\/index.php\/wp-json\/wp\/v2\/categories?post=37208"},{"taxonomy":"post_tag","embeddable":true,"href":"https:\/\/acronoticias.com\/index.php\/wp-json\/wp\/v2\/tags?post=37208"}],"curies":[{"name":"wp","href":"https:\/\/api.w.org\/{rel}","templated":true}]}}