{"id":37206,"date":"2026-04-26T18:55:39","date_gmt":"2026-04-26T18:55:39","guid":{"rendered":"https:\/\/acronoticias.com\/index.php\/2026\/04\/26\/gobierno-y-conape-inauguran-hogar-de-dia-para-adultos-mayores-en-samana\/"},"modified":"2026-04-26T18:55:39","modified_gmt":"2026-04-26T18:55:39","slug":"gobierno-y-conape-inauguran-hogar-de-dia-para-adultos-mayores-en-samana","status":"publish","type":"post","link":"https:\/\/acronoticias.com\/index.php\/2026\/04\/26\/gobierno-y-conape-inauguran-hogar-de-dia-para-adultos-mayores-en-samana\/","title":{"rendered":"Gobierno y CONAPE inauguran Hogar de D\u00eda para adultos mayores en Saman\u00e1"},"content":{"rendered":"<p><img decoding=\"async\" width=\"355\" height=\"200\" src=\"https:\/\/nuevodiario-assets.s3.us-east-2.amazonaws.com\/wp-content\/uploads\/2026\/04\/Gobierno-y-CONAPE-355x200.jpeg\" class=\"webfeedsFeaturedVisual not-transparent wp-post-image\" alt=\"\" style=\"--dominant-color: #b9b1bd;margin-bottom: 5px;clear:both;max-width: 100%\" loading=\"lazy\" data-has-transparency=\"false\" data-dominant-color=\"b9b1bd\" \/><\/p>\n<p>EL NUEVO DIARIO, SAMAN\u00c1.- El Gobierno dominicano, a trav\u00e9s del Consejo Nacional de la Persona Envejeciente (CONAPE), inaugur\u00f3 el Hogar de D\u00eda CONAPE Saman\u00e1 Do\u00f1a Ni\u00f1a, un centro dise\u00f1ado para brindar atenci\u00f3n integral a 100 adultos mayores en condiciones de vulnerabilidad socioecon\u00f3mica, sin separarlos de su entorno familiar.<\/p>\n<p>El CONAPE, dirigido por Demetrio Vicente, eleva con este centro a 39 el n\u00famero de Hogares de D\u00eda en funcionamiento a nivel nacional. El nuevo hogar ofrecer\u00e1 asistencia m\u00e9dica, fisioterapia, rehabilitaci\u00f3n, alimentaci\u00f3n, apoyo psicol\u00f3gico y actividades recreativas, fomentando la autonom\u00eda, la integraci\u00f3n social y el bienestar f\u00edsico y emocional de sus usuarios.<\/p>\n<p>Durante el acto inaugural, Vicente destac\u00f3 el compromiso del CONAPE de continuar ampliando la cobertura de servicios a nivel nacional, garantizando atenci\u00f3n digna, inclusi\u00f3n social y bienestar para la poblaci\u00f3n adulta mayor. Asimismo, valor\u00f3 la importancia de estas iniciativas que fortalecen el sistema de protecci\u00f3n social.<\/p>\n<figure id=\"attachment_3097726\" aria-describedby=\"caption-attachment-3097726\" style=\"width: 1280px\" class=\"wp-caption alignnone\"><img loading=\"lazy\" decoding=\"async\" data-recalc-dims=\"1\" data-dominant-color=\"aaa6ab\" data-has-transparency=\"false\" style=\"--dominant-color: #aaa6ab\" class=\"size-full wp-image-3097726 not-transparent\" src=\"https:\/\/i0.wp.com\/nuevodiario-assets.s3.us-east-2.amazonaws.com\/wp-content\/uploads\/2026\/04\/Hogar-de-Dia.jpeg?resize=640%2C427&#038;quality=100&#038;ssl=1\" alt=\"\" width=\"640\" height=\"427\" \/><figcaption id=\"caption-attachment-3097726\" class=\"wp-caption-text\"><em><strong>La apertura del hogar forma parte del modelo de atenci\u00f3n social impulsado por el presidente Luis Abinader (Foto: Fuente Externa)<\/strong><\/em><\/figcaption><\/figure>\n<p>El centro funcionar\u00e1 de 8:00 de la ma\u00f1ana a 4:00 de la tarde permitiendo que los adultos mayores reciban atenci\u00f3n durante el d\u00eda y permanezcan en sus hogares, contribuyendo as\u00ed a prevenir el abandono y la institucionalizaci\u00f3n permanente.<\/p>\n<p>La apertura del hogar forma parte del modelo de atenci\u00f3n social impulsado por el presidente Luis Abinader, en cumplimiento de la Ley No. 352-98, orientada a garantizar la protecci\u00f3n integral de las personas adultas mayores y promover un envejecimiento activo, digno y participativo. Este proyecto cont\u00f3 con una inversi\u00f3n destinada a la adecuaci\u00f3n de la infraestructura y fue fortalecido con el apoyo de AFP Popular, cuya contribuci\u00f3n permiti\u00f3 el equipamiento integral del centro.<\/p>\n<p>En el acto de apertura se entreg\u00f3 una placa de reconocimiento a AFP Popular, recibida por Adela B\u00e1ez y Noris Rojas. La actividad incluy\u00f3 la presentaci\u00f3n t\u00e9cnica del centro, un video institucional, palabras de autoridades y adultos mayores, el corte de cinta inaugural y un recorrido por las instalaciones.<\/p>\n<figure id=\"attachment_3097727\" aria-describedby=\"caption-attachment-3097727\" style=\"width: 1280px\" class=\"wp-caption alignnone\"><img loading=\"lazy\" decoding=\"async\" data-recalc-dims=\"1\" data-dominant-color=\"a9a1a5\" data-has-transparency=\"false\" style=\"--dominant-color: #a9a1a5\" class=\"size-full wp-image-3097727 not-transparent\" src=\"https:\/\/i0.wp.com\/nuevodiario-assets.s3.us-east-2.amazonaws.com\/wp-content\/uploads\/2026\/04\/Personalidades-CONAPE.jpeg?resize=640%2C427&#038;quality=100&#038;ssl=1\" alt=\"\" width=\"640\" height=\"427\" \/><figcaption id=\"caption-attachment-3097727\" class=\"wp-caption-text\"><em><strong>El evento cont\u00f3 con la presencia del senador Pedro Catrain; el alcalde de S\u00e1nchez, Ynocencio de Jes\u00fas Chav\u00e1n; el alcalde de Saman\u00e1, Nelson N\u00fa\u00f1ez; el diputado Cecilio Garc\u00eda; servidores p\u00fablicos y coordinadores provinciales del CONAPE (Foto: Fuente Externa)<\/strong><\/em><\/figcaption><\/figure>\n<p>El evento cont\u00f3 con la presencia del senador Pedro Catrain; el alcalde de S\u00e1nchez, Ynocencio de Jes\u00fas Chav\u00e1n; el alcalde de Saman\u00e1, Nelson N\u00fa\u00f1ez; el diputado Cecilio Garc\u00eda; servidores p\u00fablicos y coordinadores provinciales del CONAPE, entre otros.<\/p>\n<p>Con la puesta en funcionamiento del Hogar de D\u00eda, el CONAPE no solo ampl\u00eda su red de atenci\u00f3n, sino que tambi\u00e9n honra el legado de una mujer que se distingui\u00f3 por su trabajo constante y su servicio a los dem\u00e1s. Este espacio se erige como un s\u00edmbolo de cuidado, dignidad y respeto hacia las personas adultas mayores.<\/p>\n<p>La entrada <a href=\"https:\/\/elnuevodiario.com.do\/gobierno-y-conape-inauguran-hogar-de-dia-para-adultos-mayores-en-samana\/\">Gobierno y CONAPE inauguran Hogar de D\u00eda para adultos mayores en Saman\u00e1<\/a> se public\u00f3 primero en <a href=\"https:\/\/elnuevodiario.com.do\">El Nuevo Diario (Rep\u00fablica Dominicana)<\/a>.<\/p>\n","protected":false},"excerpt":{"rendered":"<p>EL NUEVO DIARIO, SAMAN\u00c1.- El Gobierno dominicano, a trav\u00e9s del Consejo Nacional de la Persona Envejeciente (CONAPE), inaugur\u00f3 el Hogar de D\u00eda CONAPE Saman\u00e1 Do\u00f1a Ni\u00f1a, un centro dise\u00f1ado para brindar atenci\u00f3n integral a 100 adultos mayores en condiciones de vulnerabilidad socioecon\u00f3mica, sin separarlos de su entorno familiar. El CONAPE, dirigido por Demetrio Vicente, eleva<\/p>\n","protected":false},"author":1,"featured_media":37207,"comment_status":"open","ping_status":"open","sticky":false,"template":"","format":"standard","meta":{"footnotes":""},"categories":[1],"tags":[],"class_list":["post-37206","post","type-post","status-publish","format-standard","has-post-thumbnail","hentry","category-nacionales"],"_links":{"self":[{"href":"https:\/\/acronoticias.com\/index.php\/wp-json\/wp\/v2\/posts\/37206","targetHints":{"allow":["GET"]}}],"collection":[{"href":"https:\/\/acronoticias.com\/index.php\/wp-json\/wp\/v2\/posts"}],"about":[{"href":"https:\/\/acronoticias.com\/index.php\/wp-json\/wp\/v2\/types\/post"}],"author":[{"embeddable":true,"href":"https:\/\/acronoticias.com\/index.php\/wp-json\/wp\/v2\/users\/1"}],"replies":[{"embeddable":true,"href":"https:\/\/acronoticias.com\/index.php\/wp-json\/wp\/v2\/comments?post=37206"}],"version-history":[{"count":0,"href":"https:\/\/acronoticias.com\/index.php\/wp-json\/wp\/v2\/posts\/37206\/revisions"}],"wp:featuredmedia":[{"embeddable":true,"href":"https:\/\/acronoticias.com\/index.php\/wp-json\/wp\/v2\/media\/37207"}],"wp:attachment":[{"href":"https:\/\/acronoticias.com\/index.php\/wp-json\/wp\/v2\/media?parent=37206"}],"wp:term":[{"taxonomy":"category","embeddable":true,"href":"https:\/\/acronoticias.com\/index.php\/wp-json\/wp\/v2\/categories?post=37206"},{"taxonomy":"post_tag","embeddable":true,"href":"https:\/\/acronoticias.com\/index.php\/wp-json\/wp\/v2\/tags?post=37206"}],"curies":[{"name":"wp","href":"https:\/\/api.w.org\/{rel}","templated":true}]}}