{"id":37204,"date":"2026-04-26T18:46:43","date_gmt":"2026-04-26T18:46:43","guid":{"rendered":"https:\/\/acronoticias.com\/index.php\/2026\/04\/26\/ministro-de-asuntos-exteriores-de-espana-visitara-la-republica-dominicana\/"},"modified":"2026-04-26T18:46:43","modified_gmt":"2026-04-26T18:46:43","slug":"ministro-de-asuntos-exteriores-de-espana-visitara-la-republica-dominicana","status":"publish","type":"post","link":"https:\/\/acronoticias.com\/index.php\/2026\/04\/26\/ministro-de-asuntos-exteriores-de-espana-visitara-la-republica-dominicana\/","title":{"rendered":"Ministro de Asuntos Exteriores de Espa\u00f1a visitar\u00e1 la Rep\u00fablica Dominicana"},"content":{"rendered":"<p><img loading=\"lazy\" decoding=\"async\" width=\"355\" height=\"200\" src=\"https:\/\/nuevodiario-assets.s3.us-east-2.amazonaws.com\/wp-content\/uploads\/2026\/04\/El-ministro-de-Asuntos-Exteriores-espanol-355x200.webp\" class=\"webfeedsFeaturedVisual not-transparent wp-post-image\" alt=\"\" style=\"--dominant-color: #44473c;margin-bottom: 5px;clear:both;max-width: 100%\" data-has-transparency=\"false\" data-dominant-color=\"44473c\" \/><\/p>\n<div class=\"px-md-0 px-2\">\n<p>Madrid.- El ministro de Asuntos Exteriores de Espa\u00f1a, Jos\u00e9 Manuel Albares, inici\u00f3 este domingo una gira para reforzar las relaciones con Am\u00e9rica Latina y el Caribe que le llevar\u00e1 a Puerto Rico, Rep\u00fablica Dominicana y M\u00e9xico, con motivo de la pr\u00f3xima Cumbre Iberoamericana de noviembre en Madrid.<\/p>\n<\/div>\n<div id=\"\" class=\"d-flex flex-column flex-md-row no-gutters\">\n<div class=\"col-xl-8 col-md-8 .col-sm-11 col-xs-12 detalleALL\">\n<div id=\"PrimerParrafo_55020105283001\" class=\"p-4 m-0 BOX-light \">\n<p>Puerto Rico ser\u00e1 la primera parada de la gira de Albares, donde adem\u00e1s de mantener diversos encuentros institucionales, participar\u00e1 en un foro de inversi\u00f3n con empresarios en la Conferencia de la Universidad Interamericana sobre el espa\u00f1ol, seg\u00fan inform\u00f3 el Ministerio en un comunicado.<\/p>\n<p>Desde San Juan viajar\u00e1 el martes a Santo Domingo, donde visitar\u00e1 un proyecto de cooperaci\u00f3n impulsado por la Agencia Espa\u00f1ola de Cooperaci\u00f3n Internacional al Desarrollo (AECID) sobre refuerzo del Sistema Integral de atenci\u00f3n y protecci\u00f3n a v\u00edctimas de violencia de g\u00e9nero.<\/p>\n<p>Tambi\u00e9n participar\u00e1 en un encuentro empresarial y mantendr\u00e1 una reuni\u00f3n con su hom\u00f3logo, Roberto \u00c1lvarez, con quien repasar\u00e1 los trabajos preparatorios de la Cumbre Iberoamericana de Madrid, que se celebrar\u00e1 en Madrid los pr\u00f3ximos 4 y 5 de noviembre, bajo el lema &#8216;Iberoam\u00e9rica. Juntos construimos nuestra comunidad. Juntos la proyectamos hacia el futuro y hacia el mundo&#8217;.<\/p>\n<p>La \u00faltima etapa del viaje se desarrollar\u00e1 el mi\u00e9rcoles en M\u00e9xico, donde el titular espa\u00f1ol de Exteriores, en su tercera visita al pa\u00eds, se reunir\u00e1 con el secretario de Relaciones Exteriores, Roberto Velasco.<\/p>\n<p>Ambos firmar\u00e1n el Acta de la Comisi\u00f3n Binacional Espa\u00f1a-M\u00e9xico, \u00abreflejo de la buena salud de las fraternales relaciones existentes entre ambos pa\u00edses\u00bb, seg\u00fan destac\u00f3 el Ministerio en el comunicado.<\/p>\n<p>Albares realizar\u00e1 tambi\u00e9n una ofrenda floral ante la tumba de L\u00e1zaro C\u00e1rdenas, presidente de M\u00e9xico entre 1934 y 1940 que acogi\u00f3 en el pa\u00eds a miles de exiliados espa\u00f1oles tras la Guerra Civil.<\/p>\n<p>El jefe de la diplomacia espa\u00f1ola inaugurar\u00e1, adem\u00e1s, la exposici\u00f3n &#8216;La mitad del mundo&#8217; y participar\u00e1 en diversos actos en la Universidad Nacional Aut\u00f3noma de M\u00e9xico, la C\u00e1mara de Comercio de Espa\u00f1a en M\u00e9xico y el Museo Nacional de Antropolog\u00eda.<\/p>\n<p>Finalmente, realizar\u00e1 un recorrido por el Consulado en M\u00e9xico para repasar los trabajos en aplicaci\u00f3n de la Ley de Memoria Democr\u00e1tica.<\/p>\n<p>bgo\/luc\/ime\/mra<\/p>\n<\/div>\n<\/div>\n<\/div>\n<p>La entrada <a href=\"https:\/\/elnuevodiario.com.do\/ministro-de-asuntos-exteriores-de-espana-visitara-la-republica-dominicana\/\">Ministro de Asuntos Exteriores de Espa\u00f1a visitar\u00e1 la Rep\u00fablica Dominicana<\/a> se public\u00f3 primero en <a href=\"https:\/\/elnuevodiario.com.do\">El Nuevo Diario (Rep\u00fablica Dominicana)<\/a>.<\/p>\n","protected":false},"excerpt":{"rendered":"<p>Madrid.- El ministro de Asuntos Exteriores de Espa\u00f1a, Jos\u00e9 Manuel Albares, inici\u00f3 este domingo una gira para reforzar las relaciones con Am\u00e9rica Latina y el Caribe que le llevar\u00e1 a Puerto Rico, Rep\u00fablica Dominicana y M\u00e9xico, con motivo de la pr\u00f3xima Cumbre Iberoamericana de noviembre en Madrid. Puerto Rico ser\u00e1 la primera parada de la<\/p>\n","protected":false},"author":1,"featured_media":37205,"comment_status":"open","ping_status":"open","sticky":false,"template":"","format":"standard","meta":{"footnotes":""},"categories":[3],"tags":[],"class_list":["post-37204","post","type-post","status-publish","format-standard","has-post-thumbnail","hentry","category-internacionales"],"_links":{"self":[{"href":"https:\/\/acronoticias.com\/index.php\/wp-json\/wp\/v2\/posts\/37204","targetHints":{"allow":["GET"]}}],"collection":[{"href":"https:\/\/acronoticias.com\/index.php\/wp-json\/wp\/v2\/posts"}],"about":[{"href":"https:\/\/acronoticias.com\/index.php\/wp-json\/wp\/v2\/types\/post"}],"author":[{"embeddable":true,"href":"https:\/\/acronoticias.com\/index.php\/wp-json\/wp\/v2\/users\/1"}],"replies":[{"embeddable":true,"href":"https:\/\/acronoticias.com\/index.php\/wp-json\/wp\/v2\/comments?post=37204"}],"version-history":[{"count":0,"href":"https:\/\/acronoticias.com\/index.php\/wp-json\/wp\/v2\/posts\/37204\/revisions"}],"wp:featuredmedia":[{"embeddable":true,"href":"https:\/\/acronoticias.com\/index.php\/wp-json\/wp\/v2\/media\/37205"}],"wp:attachment":[{"href":"https:\/\/acronoticias.com\/index.php\/wp-json\/wp\/v2\/media?parent=37204"}],"wp:term":[{"taxonomy":"category","embeddable":true,"href":"https:\/\/acronoticias.com\/index.php\/wp-json\/wp\/v2\/categories?post=37204"},{"taxonomy":"post_tag","embeddable":true,"href":"https:\/\/acronoticias.com\/index.php\/wp-json\/wp\/v2\/tags?post=37204"}],"curies":[{"name":"wp","href":"https:\/\/api.w.org\/{rel}","templated":true}]}}