{"id":37200,"date":"2026-04-26T18:23:37","date_gmt":"2026-04-26T18:23:37","guid":{"rendered":"https:\/\/acronoticias.com\/index.php\/2026\/04\/26\/realizan-jornada-de-inclusion-social-en-azua-con-servicios-medicos-y-entrega-dispositivos-de-apoyo\/"},"modified":"2026-04-26T18:23:37","modified_gmt":"2026-04-26T18:23:37","slug":"realizan-jornada-de-inclusion-social-en-azua-con-servicios-medicos-y-entrega-dispositivos-de-apoyo","status":"publish","type":"post","link":"https:\/\/acronoticias.com\/index.php\/2026\/04\/26\/realizan-jornada-de-inclusion-social-en-azua-con-servicios-medicos-y-entrega-dispositivos-de-apoyo\/","title":{"rendered":"Realizan jornada de inclusi\u00f3n social en Azua con servicios m\u00e9dicos y entrega dispositivos de apoyo"},"content":{"rendered":"<p><img decoding=\"async\" width=\"355\" height=\"200\" src=\"https:\/\/nuevodiario-assets.s3.us-east-2.amazonaws.com\/wp-content\/uploads\/2026\/04\/Realizan-jornada-de-inclusion-social-en-Azua-con-servicios-medicos-y-entrega-dispositivos-de-apoyo-355x200.jpeg\" class=\"webfeedsFeaturedVisual not-transparent wp-post-image\" alt=\"\" style=\"--dominant-color: #8f888a;margin-bottom: 5px;clear:both;max-width: 100%\" loading=\"lazy\" data-has-transparency=\"false\" data-dominant-color=\"8f888a\" \/><\/p>\n<p>EL NUEVO DIARIO, AZUA. &#8211; El Consejo Nacional de Discapacidad (Conadis) inform\u00f3 este domingo que realiz\u00f3 una jornada de inclusi\u00f3n social en el recinto de la Universidad Aut\u00f3noma de Santo Domingo de Azua, donde ofreci\u00f3 servicios gratuitos a personas con discapacidad y sus familias, adem\u00e1s de entregar dispositivos de apoyo.<\/p>\n<p>Se\u00f1ala en un comunicado de prensa que, durante la actividad se brindaron consultas en medicina general, pediatr\u00eda, cardiolog\u00eda, oftalmolog\u00eda y odontolog\u00eda, adem\u00e1s de vacunaci\u00f3n, entrega de medicamentos y dispositivos de apoyo como sillas de ruedas, bastones, muletas y andadores.<\/p>\n<p>Adem\u00e1s, se llev\u00f3 a cabo la valoraci\u00f3n y registro de discapacidad.<\/p>\n<p>El director ejecutivo del Conadis, Alexis Alc\u00e1ntara, indic\u00f3 que estas jornadas buscan facilitar el acceso a servicios esenciales para esta poblaci\u00f3n.<\/p>\n<p>De su lado, el presidente del organismo, Benny Metz, se\u00f1al\u00f3 que las acciones se desarrollan en coordinaci\u00f3n con distintas entidades p\u00fablicas para ampliar la cobertura de atenci\u00f3n.<\/p>\n<p>En la actividad participaron la gobernadora de Azua, Mar\u00eda Minerva Navarro, y la senadora L\u00eda Ynocencia D\u00edaz Santana, junto a representantes de varias instituciones estatales.<\/p>\n<p>La jornada cont\u00f3 con el apoyo del Servicio Nacional de Salud (SNS), el Seguro Nacional de Salud (SeNasa), la Direcci\u00f3n de Informaci\u00f3n y Defensa de los Afiliados a la Seguridad Social (DIDA) y el programa Sup\u00e9rate, entre otras entidades.<\/p>\n<p>NLP\/<\/p>\n<p>La entrada <a href=\"https:\/\/elnuevodiario.com.do\/realizan-jornada-de-inclusion-social-en-azua-con-servicios-medicos-y-entrega-dispositivos-de-apoyo\/\">Realizan jornada de inclusi\u00f3n social en Azua con servicios m\u00e9dicos y entrega dispositivos de apoyo<\/a> se public\u00f3 primero en <a href=\"https:\/\/elnuevodiario.com.do\">El Nuevo Diario (Rep\u00fablica Dominicana)<\/a>.<\/p>\n","protected":false},"excerpt":{"rendered":"<p>EL NUEVO DIARIO, AZUA. &#8211; El Consejo Nacional de Discapacidad (Conadis) inform\u00f3 este domingo que realiz\u00f3 una jornada de inclusi\u00f3n social en el recinto de la Universidad Aut\u00f3noma de Santo Domingo de Azua, donde ofreci\u00f3 servicios gratuitos a personas con discapacidad y sus familias, adem\u00e1s de entregar dispositivos de apoyo. Se\u00f1ala en un comunicado de<\/p>\n","protected":false},"author":1,"featured_media":37201,"comment_status":"open","ping_status":"open","sticky":false,"template":"","format":"standard","meta":{"footnotes":""},"categories":[1],"tags":[],"class_list":["post-37200","post","type-post","status-publish","format-standard","has-post-thumbnail","hentry","category-nacionales"],"_links":{"self":[{"href":"https:\/\/acronoticias.com\/index.php\/wp-json\/wp\/v2\/posts\/37200","targetHints":{"allow":["GET"]}}],"collection":[{"href":"https:\/\/acronoticias.com\/index.php\/wp-json\/wp\/v2\/posts"}],"about":[{"href":"https:\/\/acronoticias.com\/index.php\/wp-json\/wp\/v2\/types\/post"}],"author":[{"embeddable":true,"href":"https:\/\/acronoticias.com\/index.php\/wp-json\/wp\/v2\/users\/1"}],"replies":[{"embeddable":true,"href":"https:\/\/acronoticias.com\/index.php\/wp-json\/wp\/v2\/comments?post=37200"}],"version-history":[{"count":0,"href":"https:\/\/acronoticias.com\/index.php\/wp-json\/wp\/v2\/posts\/37200\/revisions"}],"wp:featuredmedia":[{"embeddable":true,"href":"https:\/\/acronoticias.com\/index.php\/wp-json\/wp\/v2\/media\/37201"}],"wp:attachment":[{"href":"https:\/\/acronoticias.com\/index.php\/wp-json\/wp\/v2\/media?parent=37200"}],"wp:term":[{"taxonomy":"category","embeddable":true,"href":"https:\/\/acronoticias.com\/index.php\/wp-json\/wp\/v2\/categories?post=37200"},{"taxonomy":"post_tag","embeddable":true,"href":"https:\/\/acronoticias.com\/index.php\/wp-json\/wp\/v2\/tags?post=37200"}],"curies":[{"name":"wp","href":"https:\/\/api.w.org\/{rel}","templated":true}]}}