{"id":37198,"date":"2026-04-26T18:07:17","date_gmt":"2026-04-26T18:07:17","guid":{"rendered":"https:\/\/acronoticias.com\/index.php\/2026\/04\/26\/omsa-relanza-su-servicio-este-domingo-con-nuevo-corredor-en-la-27-de-febrero\/"},"modified":"2026-04-26T18:07:17","modified_gmt":"2026-04-26T18:07:17","slug":"omsa-relanza-su-servicio-este-domingo-con-nuevo-corredor-en-la-27-de-febrero","status":"publish","type":"post","link":"https:\/\/acronoticias.com\/index.php\/2026\/04\/26\/omsa-relanza-su-servicio-este-domingo-con-nuevo-corredor-en-la-27-de-febrero\/","title":{"rendered":"OMSA relanza su servicio este domingo con nuevo corredor en la 27 de Febrero"},"content":{"rendered":"<p><img loading=\"lazy\" decoding=\"async\" width=\"355\" height=\"200\" src=\"https:\/\/nuevodiario-assets.s3.us-east-2.amazonaws.com\/wp-content\/uploads\/2026\/04\/OMSA-355x200.jpeg\" class=\"webfeedsFeaturedVisual not-transparent wp-post-image\" alt=\"\" style=\"--dominant-color: #5a6986;margin-bottom: 5px;clear:both;max-width: 100%\" data-has-transparency=\"false\" data-dominant-color=\"5a6986\" \/><\/p>\n<p>EL NUEVO DIARIO,\u00a0SANTO DOMINGO.\u2013 La Oficina Metropolitana de Servicios de Autobuses (OMSA) inici\u00f3 este domingo una nueva etapa en su servicio de transporte p\u00fablico, con el relanzamiento oficial de sus operaciones, que incluye mejoras en la flotilla, reorganizaci\u00f3n de rutas y cambios orientados a optimizar la experiencia de los usuarios.<\/p>\n<p>El proceso arranca con la implementaci\u00f3n del corredor de la prolongaci\u00f3n de la avenida 27 de Febrero, considerado uno de los ejes viales m\u00e1s importantes del Gran Santo Domingo, como parte de un esquema de reorganizaci\u00f3n por corredores que se ir\u00e1 ampliando de manera gradual en las pr\u00f3ximas semanas.<\/p>\n<p>Durante la actividad, el director de la entidad, On\u00e9simo Antonio Gonz\u00e1lez, explic\u00f3 que la intervenci\u00f3n contempla la recuperaci\u00f3n de al menos 320 autobuses, as\u00ed como la mejora progresiva en las frecuencias del servicio. Indic\u00f3 que los nuevos cambios buscan revertir la p\u00e9rdida de usuarios registrada en los \u00faltimos a\u00f1os debido a deficiencias en la calidad del transporte.<\/p>\n<p>\u201cEmpezamos con pocos corredores, pero semanalmente vamos incorporando m\u00e1s. Nadie va a esperar media hora o una hora por un autob\u00fas; cuando la gente vea la calidad del servicio, volver\u00e1 a utilizar la OMSA\u201d, afirm\u00f3.<\/p>\n<p>El funcionario se\u00f1al\u00f3 que al asumir la direcci\u00f3n de la instituci\u00f3n encontr\u00f3 una flotilla deteriorada y sin unidades con aire acondicionado, situaci\u00f3n que motiv\u00f3 la puesta en marcha del plan de transformaci\u00f3n.<\/p>\n<p>Como incentivo para los usuarios, la OMSA dispuso un per\u00edodo inicial de 15 d\u00edas en el que los pasajeros podr\u00e1n realizar transbordos sin costo, con el objetivo de facilitar la adaptaci\u00f3n al nuevo esquema de rutas y fomentar el uso del sistema.<\/p>\n<p>Gonz\u00e1lez tambi\u00e9n destac\u00f3 que el modelo de transporte basado en autobuses permite una mejor integraci\u00f3n con otros sistemas como el Metro y el Telef\u00e9rico, facilitando la movilidad en la denominada \u201c\u00faltima milla\u201d.<\/p>\n<p>Adem\u00e1s, critic\u00f3 pr\u00e1cticas anteriores como el uso excesivo de publicidad en las unidades, al considerar que esto afecta la comodidad y la experiencia de los pasajeros.<\/p>\n<p>Con este relanzamiento, la OMSA busca recuperar la confianza de la ciudadan\u00eda mediante un servicio m\u00e1s eficiente, con mayor conectividad y mejores condiciones de viaje, en l\u00ednea con la transformaci\u00f3n del sistema de transporte p\u00fablico en el Gran Santo Domingo.<\/p>\n<blockquote class=\"instagram-media\" style=\"background: #FFF;border: 0;border-radius: 3px;margin: 1px;max-width: 540px;min-width: 326px;padding: 0;width: calc(100% - 2px)\" data-instgrm-captioned=\"\" data-instgrm-permalink=\"https:\/\/www.instagram.com\/p\/DXmI5EgjpBb\/?utm_source=ig_embed&amp;utm_campaign=loading\" data-instgrm-version=\"14\">\n<div style=\"padding: 16px\">\n<p>&nbsp;<\/p>\n<div style=\"flex-direction: row;align-items: center\">\n<div style=\"background-color: #f4f4f4;border-radius: 50%;flex-grow: 0;height: 40px;margin-right: 14px;width: 40px\"><\/div>\n<div style=\"flex-direction: column;flex-grow: 1;justify-content: center\">\n<div style=\"background-color: #f4f4f4;border-radius: 4px;flex-grow: 0;height: 14px;margin-bottom: 6px;width: 100px\"><\/div>\n<div style=\"background-color: #f4f4f4;border-radius: 4px;flex-grow: 0;height: 14px;width: 60px\"><\/div>\n<\/div>\n<\/div>\n<div style=\"padding: 19% 0\"><\/div>\n<div style=\"height: 50px;margin: 0 auto 12px;width: 50px\"><\/div>\n<div style=\"padding-top: 8px\">\n<div style=\"color: #3897f0;font-family: Arial,sans-serif;font-size: 14px;font-style: normal;font-weight: 550;line-height: 18px\">Ver esta publicaci\u00f3n en Instagram<\/div>\n<\/div>\n<div style=\"padding: 12.5% 0\"><\/div>\n<div style=\"flex-direction: row;margin-bottom: 14px;align-items: center\">\n<div>\n<div style=\"background-color: #f4f4f4;border-radius: 50%;height: 12.5px;width: 12.5px\"><\/div>\n<div style=\"background-color: #f4f4f4;height: 12.5px;width: 12.5px;flex-grow: 0;margin-right: 14px;margin-left: 2px\"><\/div>\n<div style=\"background-color: #f4f4f4;border-radius: 50%;height: 12.5px;width: 12.5px\"><\/div>\n<\/div>\n<div style=\"margin-left: 8px\">\n<div style=\"background-color: #f4f4f4;border-radius: 50%;flex-grow: 0;height: 20px;width: 20px\"><\/div>\n<div style=\"width: 0;height: 0;border-top: 2px solid transparent;border-left: 6px solid #f4f4f4;border-bottom: 2px solid transparent\"><\/div>\n<\/div>\n<div style=\"margin-left: auto\">\n<div style=\"width: 0px;border-top: 8px solid #F4F4F4;border-right: 8px solid transparent\"><\/div>\n<div style=\"background-color: #f4f4f4;flex-grow: 0;height: 12px;width: 16px\"><\/div>\n<div style=\"width: 0;height: 0;border-top: 8px solid #F4F4F4;border-left: 8px solid transparent\"><\/div>\n<\/div>\n<\/div>\n<div style=\"flex-direction: column;flex-grow: 1;justify-content: center;margin-bottom: 24px\">\n<div style=\"background-color: #f4f4f4;border-radius: 4px;flex-grow: 0;height: 14px;margin-bottom: 6px;width: 224px\"><\/div>\n<div style=\"background-color: #f4f4f4;border-radius: 4px;flex-grow: 0;height: 14px;width: 144px\"><\/div>\n<\/div>\n<p>&nbsp;<\/p>\n<p style=\"color: #c9c8cd;font-family: Arial,sans-serif;font-size: 14px;line-height: 17px;margin-bottom: 0;margin-top: 8px;overflow: hidden;padding: 8px 0 7px;text-align: center;white-space: nowrap\"><a style=\"color: #c9c8cd;font-family: Arial,sans-serif;font-size: 14px;font-style: normal;font-weight: normal;line-height: 17px;text-decoration: none\" href=\"https:\/\/www.instagram.com\/p\/DXmI5EgjpBb\/?utm_source=ig_embed&amp;utm_campaign=loading\" target=\"_blank\" rel=\"noopener\">Una publicaci\u00f3n compartida de OMSA (@omsa_rd)<\/a><\/p>\n<\/div>\n<\/blockquote>\n<p>La entrada <a href=\"https:\/\/elnuevodiario.com.do\/omsa-relanza-su-servicio-este-domingo-con-nuevo-corredor-en-la-27-de-febrero\/\">OMSA relanza su servicio este domingo con nuevo corredor en la 27 de Febrero<\/a> se public\u00f3 primero en <a href=\"https:\/\/elnuevodiario.com.do\">El Nuevo Diario (Rep\u00fablica Dominicana)<\/a>.<\/p>\n<p><script async src=\"\/\/www.instagram.com\/embed.js\"><\/script><\/p>\n","protected":false},"excerpt":{"rendered":"<p>EL NUEVO DIARIO,\u00a0SANTO DOMINGO.\u2013 La Oficina Metropolitana de Servicios de Autobuses (OMSA) inici\u00f3 este domingo una nueva etapa en su servicio de transporte p\u00fablico, con el relanzamiento oficial de sus operaciones, que incluye mejoras en la flotilla, reorganizaci\u00f3n de rutas y cambios orientados a optimizar la experiencia de los usuarios. El proceso arranca con la<\/p>\n","protected":false},"author":1,"featured_media":37199,"comment_status":"open","ping_status":"open","sticky":false,"template":"","format":"standard","meta":{"footnotes":""},"categories":[1],"tags":[],"class_list":["post-37198","post","type-post","status-publish","format-standard","has-post-thumbnail","hentry","category-nacionales"],"_links":{"self":[{"href":"https:\/\/acronoticias.com\/index.php\/wp-json\/wp\/v2\/posts\/37198","targetHints":{"allow":["GET"]}}],"collection":[{"href":"https:\/\/acronoticias.com\/index.php\/wp-json\/wp\/v2\/posts"}],"about":[{"href":"https:\/\/acronoticias.com\/index.php\/wp-json\/wp\/v2\/types\/post"}],"author":[{"embeddable":true,"href":"https:\/\/acronoticias.com\/index.php\/wp-json\/wp\/v2\/users\/1"}],"replies":[{"embeddable":true,"href":"https:\/\/acronoticias.com\/index.php\/wp-json\/wp\/v2\/comments?post=37198"}],"version-history":[{"count":0,"href":"https:\/\/acronoticias.com\/index.php\/wp-json\/wp\/v2\/posts\/37198\/revisions"}],"wp:featuredmedia":[{"embeddable":true,"href":"https:\/\/acronoticias.com\/index.php\/wp-json\/wp\/v2\/media\/37199"}],"wp:attachment":[{"href":"https:\/\/acronoticias.com\/index.php\/wp-json\/wp\/v2\/media?parent=37198"}],"wp:term":[{"taxonomy":"category","embeddable":true,"href":"https:\/\/acronoticias.com\/index.php\/wp-json\/wp\/v2\/categories?post=37198"},{"taxonomy":"post_tag","embeddable":true,"href":"https:\/\/acronoticias.com\/index.php\/wp-json\/wp\/v2\/tags?post=37198"}],"curies":[{"name":"wp","href":"https:\/\/api.w.org\/{rel}","templated":true}]}}