{"id":37194,"date":"2026-04-26T17:50:56","date_gmt":"2026-04-26T17:50:56","guid":{"rendered":"https:\/\/acronoticias.com\/index.php\/2026\/04\/26\/republica-dominicana-intensifica-ofensiva-para-erradicar-el-trabajo-infantil\/"},"modified":"2026-04-26T17:50:56","modified_gmt":"2026-04-26T17:50:56","slug":"republica-dominicana-intensifica-ofensiva-para-erradicar-el-trabajo-infantil","status":"publish","type":"post","link":"https:\/\/acronoticias.com\/index.php\/2026\/04\/26\/republica-dominicana-intensifica-ofensiva-para-erradicar-el-trabajo-infantil\/","title":{"rendered":"Rep\u00fablica Dominicana intensifica ofensiva para erradicar el trabajo infantil"},"content":{"rendered":"<p><img decoding=\"async\" width=\"355\" height=\"200\" src=\"https:\/\/nuevodiario-assets.s3.us-east-2.amazonaws.com\/wp-content\/uploads\/2026\/04\/WhatsApp-Image-2026-04-26-at-1.08.08-PM-3-355x200.jpeg\" class=\"webfeedsFeaturedVisual not-transparent wp-post-image\" alt=\"\" style=\"--dominant-color: #8c9794;margin-bottom: 5px;clear:both;max-width: 100%\" loading=\"lazy\" data-has-transparency=\"false\" data-dominant-color=\"8c9794\" \/><\/p>\n<p style=\"font-weight: 400\">EL NUEVO DIARIO, SANTO DOMINGO.- El ministro de Trabajo, Eddy Olivares Ortega, reafirm\u00f3 este domingo la determinaci\u00f3n inquebrantable del Gobierno dominicano, bajo el liderazgo del presidente Luis Abinader Corona, de erradicar definitivamente el trabajo infantil en el pa\u00eds, mediante la aplicaci\u00f3n de medidas cada vez m\u00e1s eficaces y sostenidas.<\/p>\n<figure id=\"attachment_3097654\" aria-describedby=\"caption-attachment-3097654\" style=\"width: 1280px\" class=\"wp-caption alignnone\"><img loading=\"lazy\" decoding=\"async\" data-recalc-dims=\"1\" data-dominant-color=\"919a88\" data-has-transparency=\"false\" style=\"--dominant-color: #919a88\" class=\"wp-image-3097654 size-full not-transparent\" src=\"https:\/\/i0.wp.com\/nuevodiario-assets.s3.us-east-2.amazonaws.com\/wp-content\/uploads\/2026\/04\/WhatsApp-Image-2026-04-26-at-1.08.08-PM-2.jpeg?resize=640%2C426&#038;quality=100&#038;ssl=1\" alt=\"\" width=\"640\" height=\"426\" \/><figcaption id=\"caption-attachment-3097654\" class=\"wp-caption-text\"><strong>Foto: Direcci\u00f3n de Comunicaciones del Ministerio de Trabajo.<\/strong><\/figcaption><\/figure>\n<p style=\"font-weight: 400\">En un informe integral sobre la erradicaci\u00f3n del trabajo infantil, el ministro destac\u00f3 los avances significativos alcanzados y anunci\u00f3 el fortalecimiento continuo del cuerpo especializado del Ministerio de Trabajo, integrado por psic\u00f3logos, trabajadores sociales, abogados y traductores, dedicado exclusivamente a la prevenci\u00f3n, detecci\u00f3n y erradicaci\u00f3n del trabajo infantil a nivel nacional.<\/p>\n<p><img loading=\"lazy\" decoding=\"async\" data-recalc-dims=\"1\" data-dominant-color=\"acbab3\" data-has-transparency=\"false\" style=\"--dominant-color: #acbab3\" class=\"alignnone wp-image-3097658 size-full not-transparent\" src=\"https:\/\/i0.wp.com\/nuevodiario-assets.s3.us-east-2.amazonaws.com\/wp-content\/uploads\/2026\/04\/WhatsApp-Image-2026-04-26-at-1.08.08-PM-4.jpeg?resize=640%2C427&#038;quality=100&#038;ssl=1\" alt=\"\" width=\"640\" height=\"427\" \/><\/p>\n<p style=\"font-weight: 400\">De acuerdo a una nota de prensa, este equipo altamente capacitado, ser\u00e1 ampliado en el pr\u00f3ximo semestre para reforzar su alcance territorial y capacidad operativa.<\/p>\n<p style=\"font-weight: 400\">Olivares subray\u00f3 el extraordinario trabajo preventivo que se desarrolla a nivel nacional, encabezado por la directora de Erradicaci\u00f3n del Trabajo Infantil, Hilaria Hilario, mediante el que se realizaron 138 Talleres de Detecci\u00f3n,Atenci\u00f3n, Referencia, Seguimiento y Erradicaci\u00f3n(DARSE), en los que fueron sensibilizadas 6,396 personas, de las cuales 3,285 fueron mujeres y 3,111hombres, triplicando la meta que era de 2,000.<\/p>\n<p><img decoding=\"async\" data-recalc-dims=\"1\" data-dominant-color=\"818578\" data-has-transparency=\"false\" style=\"--dominant-color: #818578\" loading=\"lazy\" class=\"alignnone wp-image-3097659 size-full not-transparent\" src=\"https:\/\/i0.wp.com\/nuevodiario-assets.s3.us-east-2.amazonaws.com\/wp-content\/uploads\/2026\/04\/WhatsApp-Image-2026-04-26-at-1.08.08-PM.jpeg?resize=640%2C427&#038;quality=100&#038;ssl=1\" alt=\"\" width=\"640\" height=\"427\" \/><\/p>\n<p style=\"font-weight: 400\">Asimismo, destac\u00f3 los operativos sistem\u00e1ticos ejecutados por el cuerpo de inspectores, en coordinaci\u00f3n con especialistas de dicha direcci\u00f3n, en todas las provincias y sectores productivos.<\/p>\n<p style=\"font-weight: 400\">Estas acciones mantienen un enfoque intensivo y permanente en territorios agr\u00edcolas estrat\u00e9gicos, particularmente en las zonas de producci\u00f3n de ca\u00f1a de az\u00facar, arroz, banano, tomate, caf\u00e9 y cacao, donde se han concentrado esfuerzos de vigilancia, orientaci\u00f3n y cumplimiento normativo.<\/p>\n<p style=\"font-weight: 400\"><strong>Resultados y proyecciones: m\u00e1s inspecciones, mayor impacto<\/strong><\/p>\n<p style=\"font-weight: 400\">En el sector agr\u00edcola, durante el a\u00f1o 2025, la Direcci\u00f3n de Inspecci\u00f3n, acompa\u00f1ada por t\u00e9cnicos de Trabajo Infantil, realiz\u00f3 5,094 inspecciones. En contraste, solo en el primer trimestre de 2026 ya se han efectuado 1,919 visitas, equivalente al 37.7 % del total del a\u00f1o anterior. De mantenerse este ritmo, se proyecta que al cierre de 2026 se alcanzar\u00e1n aproximadamente 7,676 inspecciones, lo que representar\u00eda un incremento estimado del 50.7 % respecto a 2025.<\/p>\n<p><img decoding=\"async\" data-recalc-dims=\"1\" data-dominant-color=\"8c937a\" data-has-transparency=\"false\" style=\"--dominant-color: #8c937a\" loading=\"lazy\" class=\"alignnone wp-image-3097660 size-full not-transparent\" src=\"https:\/\/i0.wp.com\/nuevodiario-assets.s3.us-east-2.amazonaws.com\/wp-content\/uploads\/2026\/04\/WhatsApp-Image-2026-04-26-at-1.08.09-PM-3.jpeg?resize=640%2C427&#038;quality=100&#038;ssl=1\" alt=\"\" width=\"640\" height=\"427\" \/><\/p>\n<p style=\"font-weight: 400\">Particularmente notable es el avance en el sector ca\u00f1ero: mientras en todo 2025 se realizaron 597 inspecciones, en apenas los primeros tres meses de 2026 se han ejecutado 421, equivalente al 70.5 % del total anual previo. Bajo esta tendencia, se estima que el a\u00f1o podr\u00eda cerrar con alrededor de 1,684 inspecciones, lo que supondr\u00eda un aumento proyectado del 182 %.<\/p>\n<p style=\"font-weight: 400\"><strong>\u00a0Detecci\u00f3n oportuna y respuesta inmediata<\/strong><\/p>\n<p style=\"font-weight: 400\">En relaci\u00f3n con los hallazgos, durante 2025 no se registraron casos de trabajo infantil en las inspecciones realizadas. No obstante, en el primer trimestre de 2026 se identificaron dos casos, lo que evidencia una mayor capacidad de detecci\u00f3n en campo y refuerza la necesidad de continuar intensificando las acciones preventivas.<\/p>\n<p><img decoding=\"async\" data-recalc-dims=\"1\" data-dominant-color=\"9a9d8c\" data-has-transparency=\"false\" style=\"--dominant-color: #9a9d8c\" loading=\"lazy\" class=\"alignnone wp-image-3097661 size-full not-transparent\" src=\"https:\/\/i0.wp.com\/nuevodiario-assets.s3.us-east-2.amazonaws.com\/wp-content\/uploads\/2026\/04\/WhatsApp-Image-2026-04-26-at-1.08.09-PM-2.jpeg?resize=640%2C426&#038;quality=100&#038;ssl=1\" alt=\"\" width=\"640\" height=\"426\" \/><\/p>\n<p style=\"font-weight: 400\">Los casos corresponden a:<\/p>\n<p style=\"font-weight: 400\">* Provincia de Azua: dos menores de 10 y 6 a\u00f1os realizando labores de<\/p>\n<p style=\"font-weight: 400\">recolecci\u00f3n de tomates.<\/p>\n<p style=\"font-weight: 400\">* Hig\u00fcey: tres menores participando en labores de recolecci\u00f3n de arroz.<\/p>\n<p style=\"font-weight: 400\">\u00a0En ambos casos, el Ministerio de Trabajo actu\u00f3 de manera inmediata, levantando actas de infracci\u00f3n e implementando medidas correctivas orientadas a la protecci\u00f3n integral de los menores, incluyendo:<\/p>\n<p style=\"font-weight: 400\">* Garant\u00eda de su reinserci\u00f3n y permanencia en el sistema educativo.<\/p>\n<p style=\"font-weight: 400\">* Seguimiento directo a las familias involucradas.<\/p>\n<p style=\"font-weight: 400\">* Jornadas de sensibilizaci\u00f3n sobre la normativa vigente.<\/p>\n<p style=\"font-weight: 400\">* Coordinaci\u00f3n interinstitucional para la restituci\u00f3n de derechos.<\/p>\n<p style=\"font-weight: 400\"><strong>Compromiso nacional articulado<\/strong><\/p>\n<p style=\"font-weight: 400\">El ministro resalt\u00f3 el trabajo articulado de todos los sectores vinculados a la protecci\u00f3n de la ni\u00f1ez, a trav\u00e9s del Comit\u00e9 Directivo Nacional de Lucha Contra el Trabajo Infantil, instancia que encabeza el Ministerio de Trabajo, en el que participan m\u00e1s de 70 instituciones, que se mantiene en sesi\u00f3n permanente para dar seguimiento a las pol\u00edticas p\u00fablicas en esta materia.<\/p>\n<p><img decoding=\"async\" data-recalc-dims=\"1\" data-dominant-color=\"92a09b\" data-has-transparency=\"false\" style=\"--dominant-color: #92a09b\" loading=\"lazy\" class=\"alignnone wp-image-3097662 size-full not-transparent\" src=\"https:\/\/i0.wp.com\/nuevodiario-assets.s3.us-east-2.amazonaws.com\/wp-content\/uploads\/2026\/04\/WhatsApp-Image-2026-04-26-at-1.08.09-PM.jpeg?resize=640%2C426&#038;quality=100&#038;ssl=1\" alt=\"\" width=\"640\" height=\"426\" \/><\/p>\n<p style=\"font-weight: 400\">\u201cEl pa\u00eds avanza con pasos firmes hacia la erradicaci\u00f3n total del trabajo infantil. No se trata solo de sancionar, sino de prevenir, educar y proteger. Estamos construyendo una cultura de respeto a los derechos de la ni\u00f1ez, con la participaci\u00f3n activa del Estado, los empleadores, los trabajadores y la sociedad en su conjunto\u201d, concluy\u00f3 el ministro Olivares.<\/p>\n<p>La entrada <a href=\"https:\/\/elnuevodiario.com.do\/republica-dominicana-intensifica-ofensiva-para-erradicar-el-trabajo-infantil\/\">Rep\u00fablica Dominicana intensifica ofensiva para erradicar el trabajo infantil<\/a> se public\u00f3 primero en <a href=\"https:\/\/elnuevodiario.com.do\">El Nuevo Diario (Rep\u00fablica Dominicana)<\/a>.<\/p>\n","protected":false},"excerpt":{"rendered":"<p>EL NUEVO DIARIO, SANTO DOMINGO.- El ministro de Trabajo, Eddy Olivares Ortega, reafirm\u00f3 este domingo la determinaci\u00f3n inquebrantable del Gobierno dominicano, bajo el liderazgo del presidente Luis Abinader Corona, de erradicar definitivamente el trabajo infantil en el pa\u00eds, mediante la aplicaci\u00f3n de medidas cada vez m\u00e1s eficaces y sostenidas. Foto: Direcci\u00f3n de Comunicaciones del Ministerio<\/p>\n","protected":false},"author":1,"featured_media":37195,"comment_status":"open","ping_status":"open","sticky":false,"template":"","format":"standard","meta":{"footnotes":""},"categories":[1],"tags":[],"class_list":["post-37194","post","type-post","status-publish","format-standard","has-post-thumbnail","hentry","category-nacionales"],"_links":{"self":[{"href":"https:\/\/acronoticias.com\/index.php\/wp-json\/wp\/v2\/posts\/37194","targetHints":{"allow":["GET"]}}],"collection":[{"href":"https:\/\/acronoticias.com\/index.php\/wp-json\/wp\/v2\/posts"}],"about":[{"href":"https:\/\/acronoticias.com\/index.php\/wp-json\/wp\/v2\/types\/post"}],"author":[{"embeddable":true,"href":"https:\/\/acronoticias.com\/index.php\/wp-json\/wp\/v2\/users\/1"}],"replies":[{"embeddable":true,"href":"https:\/\/acronoticias.com\/index.php\/wp-json\/wp\/v2\/comments?post=37194"}],"version-history":[{"count":0,"href":"https:\/\/acronoticias.com\/index.php\/wp-json\/wp\/v2\/posts\/37194\/revisions"}],"wp:featuredmedia":[{"embeddable":true,"href":"https:\/\/acronoticias.com\/index.php\/wp-json\/wp\/v2\/media\/37195"}],"wp:attachment":[{"href":"https:\/\/acronoticias.com\/index.php\/wp-json\/wp\/v2\/media?parent=37194"}],"wp:term":[{"taxonomy":"category","embeddable":true,"href":"https:\/\/acronoticias.com\/index.php\/wp-json\/wp\/v2\/categories?post=37194"},{"taxonomy":"post_tag","embeddable":true,"href":"https:\/\/acronoticias.com\/index.php\/wp-json\/wp\/v2\/tags?post=37194"}],"curies":[{"name":"wp","href":"https:\/\/api.w.org\/{rel}","templated":true}]}}