{"id":37192,"date":"2026-04-26T17:46:02","date_gmt":"2026-04-26T17:46:02","guid":{"rendered":"https:\/\/acronoticias.com\/index.php\/2026\/04\/26\/trump-ensalza-la-labor-del-servicio-secreto-y-reprocha-a-democratas-el-bloqueo-de-fondos\/"},"modified":"2026-04-26T17:46:02","modified_gmt":"2026-04-26T17:46:02","slug":"trump-ensalza-la-labor-del-servicio-secreto-y-reprocha-a-democratas-el-bloqueo-de-fondos","status":"publish","type":"post","link":"https:\/\/acronoticias.com\/index.php\/2026\/04\/26\/trump-ensalza-la-labor-del-servicio-secreto-y-reprocha-a-democratas-el-bloqueo-de-fondos\/","title":{"rendered":"Trump ensalza la labor del Servicio Secreto y reprocha a dem\u00f3cratas el bloqueo de fondos"},"content":{"rendered":"<p><img decoding=\"async\" width=\"355\" height=\"200\" src=\"https:\/\/nuevodiario-assets.s3.us-east-2.amazonaws.com\/wp-content\/uploads\/2026\/04\/Trump-ensalza-la-labor-del-Servicio-Secreto-y-reprocha-a-democratas-el-bloqueo-de-fondos-355x200.jpg\" class=\"webfeedsFeaturedVisual not-transparent wp-post-image\" alt=\"\" style=\"--dominant-color: #5b4a42;margin-bottom: 5px;clear:both;max-width: 100%\" loading=\"lazy\" data-has-transparency=\"false\" data-dominant-color=\"5b4a42\" \/><\/p>\n<p>NUEVA YORK.- El presidente de Estados Unidos, Donald Trump, elogi\u00f3 este domingo la \u00abvalent\u00eda\u00bb y el \u00abtalento\u00bb del Servicio Secreto y las fuerzas del orden tras el tiroteo registrado anoche durante la Cena de Corresponsales de la Casa Blanca, al tiempo que aprovech\u00f3 el incidente para criticar a los dem\u00f3cratas por la gesti\u00f3n de los fondos destinados a la seguridad.<\/p>\n<p>En una entrevista con la cadena Fox News, el mandatario asegur\u00f3 que tanto \u00e9l como la primera dama, Melania Trump, se encuentran \u00abbien\u00bb tras el suceso en el hotel Washington Hilton, donde un sospechoso, que seg\u00fan la Fiscal\u00eda ten\u00eda como objetivo a altos cargos del Gobierno, fue interceptado tras romper el per\u00edmetro de seguridad.<\/p>\n<p>\u00abTuvimos un gran grupo de personas all\u00ed anoche (&#8230;). El Servicio Secreto y todas las fuerzas del orden fueron, pens\u00e9, sobresalientes. Lo detuvieron en seco\u00bb, afirm\u00f3 Trump, comparando la velocidad del atacante con la de un \u00abcorredor de la Liga Nacional de F\u00fatbol Americano\u00bb.<\/p>\n<p>Pese al reconocimiento de la labor policial, el presidente vincul\u00f3 el desempe\u00f1o de los agentes con la disputa presupuestaria en el Congreso.<\/p>\n<p>\u00abEste es un grupo al que no se le est\u00e1 pagando, si lo piensas. Los dem\u00f3cratas est\u00e1n reteniendo su pago y creo que tal vez se ablanden un poco ahora porque se mostr\u00f3 un gran talento anoche\u00bb, declar\u00f3.<\/p>\n<p>Trump rest\u00f3 importancia a la vulnerabilidad del recinto, subrayando que el atacante \u00abni siquiera estuvo cerca de llegar a las puertas\u00bb debido a las \u00abmuchas capas\u00bb de seguridad, aunque reconoci\u00f3 los retos log\u00edsticos del hotel Washington Hilton -lugar donde se celebr\u00f3 la cena de gala y donde el sospechoso se hospedaba como hu\u00e9sped-.<\/p>\n<p>En este sentido, el mandatario hizo menci\u00f3n a sus planes de construir un nuevo sal\u00f3n de actos en los terrenos de la Casa Blanca para futuros eventos.<\/p>\n<p>Las palabras de Trump coinciden con las revelaciones del fiscal general interino, Todd Blanche, quien se\u00f1al\u00f3 hoy en la cadena NBC que las investigaciones preliminares apuntan a que el sospechoso ten\u00eda la intenci\u00f3n de atacar a miembros de la Administraci\u00f3n, incluido \u00abprobablemente\u00bb el presidente.<\/p>\n<p>Seg\u00fan Blanche, el atacante, que viaj\u00f3 desde Los \u00c1ngeles y portaba dos armas adquiridas legalmente en los \u00faltimos dos a\u00f1os, logr\u00f3 cruzar el per\u00edmetro apenas \u00abunos pocos metros\u00bb antes de ser reducido.<\/p>\n<p>El sospechoso, que no est\u00e1 colaborando con las autoridades, permanece bajo custodia y se espera que sea acusado formalmente este lunes ante un tribunal.<\/p>\n<p>La entrada <a href=\"https:\/\/elnuevodiario.com.do\/trump-ensalza-la-labor-del-servicio-secreto-y-reprocha-a-democratas-el-bloqueo-de-fondos\/\">Trump ensalza la labor del Servicio Secreto y reprocha a dem\u00f3cratas el bloqueo de fondos<\/a> se public\u00f3 primero en <a href=\"https:\/\/elnuevodiario.com.do\">El Nuevo Diario (Rep\u00fablica Dominicana)<\/a>.<\/p>\n","protected":false},"excerpt":{"rendered":"<p>NUEVA YORK.- El presidente de Estados Unidos, Donald Trump, elogi\u00f3 este domingo la \u00abvalent\u00eda\u00bb y el \u00abtalento\u00bb del Servicio Secreto y las fuerzas del orden tras el tiroteo registrado anoche durante la Cena de Corresponsales de la Casa Blanca, al tiempo que aprovech\u00f3 el incidente para criticar a los dem\u00f3cratas por la gesti\u00f3n de los<\/p>\n","protected":false},"author":1,"featured_media":37193,"comment_status":"open","ping_status":"open","sticky":false,"template":"","format":"standard","meta":{"footnotes":""},"categories":[3],"tags":[],"class_list":["post-37192","post","type-post","status-publish","format-standard","has-post-thumbnail","hentry","category-internacionales"],"_links":{"self":[{"href":"https:\/\/acronoticias.com\/index.php\/wp-json\/wp\/v2\/posts\/37192","targetHints":{"allow":["GET"]}}],"collection":[{"href":"https:\/\/acronoticias.com\/index.php\/wp-json\/wp\/v2\/posts"}],"about":[{"href":"https:\/\/acronoticias.com\/index.php\/wp-json\/wp\/v2\/types\/post"}],"author":[{"embeddable":true,"href":"https:\/\/acronoticias.com\/index.php\/wp-json\/wp\/v2\/users\/1"}],"replies":[{"embeddable":true,"href":"https:\/\/acronoticias.com\/index.php\/wp-json\/wp\/v2\/comments?post=37192"}],"version-history":[{"count":0,"href":"https:\/\/acronoticias.com\/index.php\/wp-json\/wp\/v2\/posts\/37192\/revisions"}],"wp:featuredmedia":[{"embeddable":true,"href":"https:\/\/acronoticias.com\/index.php\/wp-json\/wp\/v2\/media\/37193"}],"wp:attachment":[{"href":"https:\/\/acronoticias.com\/index.php\/wp-json\/wp\/v2\/media?parent=37192"}],"wp:term":[{"taxonomy":"category","embeddable":true,"href":"https:\/\/acronoticias.com\/index.php\/wp-json\/wp\/v2\/categories?post=37192"},{"taxonomy":"post_tag","embeddable":true,"href":"https:\/\/acronoticias.com\/index.php\/wp-json\/wp\/v2\/tags?post=37192"}],"curies":[{"name":"wp","href":"https:\/\/api.w.org\/{rel}","templated":true}]}}