{"id":37190,"date":"2026-04-26T17:34:41","date_gmt":"2026-04-26T17:34:41","guid":{"rendered":"https:\/\/acronoticias.com\/index.php\/2026\/04\/26\/edesur-instala-2000-luminarias-y-refuerza-el-alumbrado-publico-en-varias-provincias\/"},"modified":"2026-04-26T17:34:41","modified_gmt":"2026-04-26T17:34:41","slug":"edesur-instala-2000-luminarias-y-refuerza-el-alumbrado-publico-en-varias-provincias","status":"publish","type":"post","link":"https:\/\/acronoticias.com\/index.php\/2026\/04\/26\/edesur-instala-2000-luminarias-y-refuerza-el-alumbrado-publico-en-varias-provincias\/","title":{"rendered":"Edesur instala 2,000 luminarias y refuerza el alumbrado p\u00fablico en varias provincias"},"content":{"rendered":"<p><img loading=\"lazy\" decoding=\"async\" width=\"355\" height=\"200\" src=\"https:\/\/nuevodiario-assets.s3.us-east-2.amazonaws.com\/wp-content\/uploads\/2026\/04\/Edesur-instala-2000-luminarias-y-refuerza-el-alumbrado-publico-en-varias-provincias-355x200.jpeg\" class=\"webfeedsFeaturedVisual not-transparent wp-post-image\" alt=\"\" style=\"--dominant-color: #6089a9;margin-bottom: 5px;clear:both;max-width: 100%\" data-has-transparency=\"false\" data-dominant-color=\"6089a9\" \/><\/p>\n<div class=\"flex flex-col text-sm pb-25\">\n<section class=\"text-token-text-primary w-full focus:outline-none [--shadow-height:45px] has-data-writing-block:pointer-events-none has-data-writing-block:-mt-(--shadow-height) has-data-writing-block:pt-(--shadow-height) [&amp;:has([data-writing-block])&gt;*]:pointer-events-auto scroll-mt-[calc(var(--header-height)+min(200px,max(70px,20svh)))]\" dir=\"auto\" data-turn-id=\"request-WEB:83a72e46-e0d4-47c9-88f8-c18aee1c4c39-5\" data-testid=\"conversation-turn-12\" data-scroll-anchor=\"true\" data-turn=\"assistant\">\n<div class=\"text-base my-auto mx-auto pb-10 [--thread-content-margin:var(--thread-content-margin-xs,calc(var(--spacing)*4))] @w-sm\/main:[--thread-content-margin:var(--thread-content-margin-sm,calc(var(--spacing)*6))] @w-lg\/main:[--thread-content-margin:var(--thread-content-margin-lg,calc(var(--spacing)*16))] px-(--thread-content-margin)\">\n<div class=\"[--thread-content-max-width:40rem] @w-lg\/main:[--thread-content-max-width:48rem] mx-auto max-w-(--thread-content-max-width) flex-1 group\/turn-messages focus-visible:outline-hidden relative flex w-full min-w-0 flex-col agent-turn\">\n<div class=\"flex max-w-full flex-col gap-4 grow\">\n<div class=\"min-h-8 text-message relative flex w-full flex-col items-end gap-2 text-start break-words whitespace-normal outline-none keyboard-focused:focus-ring [.text-message+&amp;]:mt-1\" dir=\"auto\" data-message-author-role=\"assistant\" data-message-id=\"cce868e6-94b1-4fab-9c00-bbf166ba1482\" data-message-model-slug=\"gpt-5-3\" data-turn-start-message=\"true\">\n<div class=\"flex w-full flex-col gap-1 empty:hidden\">\n<div class=\"markdown prose dark:prose-invert w-full wrap-break-word light markdown-new-styling\">\n<p data-start=\"0\" data-end=\"95\">EL NUEVO DIARIO, SANTO DOMINGO. &#8211;\u00a0La empresa <span class=\"hover:entity-accent entity-underline inline cursor-pointer align-baseline\"><span class=\"whitespace-normal\">Edesur Dominicana<\/span><\/span> inform\u00f3 este domingo que en lo que va de a\u00f1o ha instalado, sustituido o reparado m\u00e1s de 2,000 luminarias en distintas demarcaciones de su \u00e1rea de concesi\u00f3n, como parte de su programa de mantenimiento y expansi\u00f3n del alumbrado p\u00fablico.<\/p>\n<p data-start=\"386\" data-end=\"667\">Los trabajos se realizan en coordinaci\u00f3n con autoridades municipales, tras acuerdos con alcaldes y directores de distritos municipales para efectuar levantamientos en terreno, actualizar el inventario de l\u00e1mparas en funcionamiento y fuera de servicio, y proceder con su reposici\u00f3n, seg\u00fan detall un comunicado de prensa.<\/p>\n<p data-start=\"669\" data-end=\"1091\">De acuerdo con la empresa, los levantamientos fueron completados en las provincias Azua, San Juan, Bahoruco, Independencia y Pedernales, mientras que contin\u00faan en Santo Domingo, San Crist\u00f3bal, Peravia, Barahona y El\u00edas Pi\u00f1a.<\/p>\n<p data-start=\"669\" data-end=\"1091\">Se\u00f1ala que, este proceso permiti\u00f3 crear una base de datos georreferenciada con informaci\u00f3n detallada sobre cada luminaria instalada, con el objetivo de optimizar la gesti\u00f3n del sistema de alumbrado p\u00fablico.<\/p>\n<p data-start=\"1093\" data-end=\"1327\">El programa ha impactado comunidades como Palmarejo-Villa Linda y Pantoja, en la provincia Santo Domingo; as\u00ed como Azua, Barreras, Barro Arriba, Emma Balaguer, Clavellinas, Los Fr\u00edos, Proyecto 4, Pueblo Viejo y T\u00e1bara Arriba, en Azua.<\/p>\n<p data-start=\"1329\" data-end=\"1639\">Tambi\u00e9n indica que abarca localidades de San Juan como Arroyo Cano, Bohech\u00edo, Carrera de Yegua, El Cercado, Guanito, J\u00ednova, Jorgillo, Las Maguanas, Matayaya, San Juan y Vallejuelo; adem\u00e1s de municipios de Bahoruco como Galv\u00e1n, Los R\u00edos, Neiba, Santana, Tamayo y Uvilla, y zonas de Independencia como Jiman\u00ed y La Colonia.<\/p>\n<p data-start=\"1641\" data-end=\"1774\" data-is-last-node=\"\" data-is-only-node=\"\">La iniciativa forma parte de las acciones orientadas a fortalecer el servicio de alumbrado p\u00fablico en distintas comunidades del pa\u00eds.<\/p>\n<\/div>\n<\/div>\n<\/div>\n<\/div>\n<div class=\"z-0 flex min-h-[46px] justify-start\">NLP\/<\/div>\n<div class=\"mt-3 w-full empty:hidden\">\n<div class=\"text-center\"><\/div>\n<\/div>\n<\/div>\n<\/div>\n<\/section>\n<\/div>\n<div class=\"pointer-events-none h-px w-px absolute bottom-0\" aria-hidden=\"true\" data-edge=\"true\"><\/div>\n<p>La entrada <a href=\"https:\/\/elnuevodiario.com.do\/edesur-instala-2000-luminarias-y-refuerza-el-alumbrado-publico-en-varias-provincias\/\">Edesur instala 2,000 luminarias y refuerza el alumbrado p\u00fablico en varias provincias<\/a> se public\u00f3 primero en <a href=\"https:\/\/elnuevodiario.com.do\">El Nuevo Diario (Rep\u00fablica Dominicana)<\/a>.<\/p>\n","protected":false},"excerpt":{"rendered":"<p>EL NUEVO DIARIO, SANTO DOMINGO. &#8211;\u00a0La empresa Edesur Dominicana inform\u00f3 este domingo que en lo que va de a\u00f1o ha instalado, sustituido o reparado m\u00e1s de 2,000 luminarias en distintas demarcaciones de su \u00e1rea de concesi\u00f3n, como parte de su programa de mantenimiento y expansi\u00f3n del alumbrado p\u00fablico. Los trabajos se realizan en coordinaci\u00f3n con<\/p>\n","protected":false},"author":1,"featured_media":37191,"comment_status":"open","ping_status":"open","sticky":false,"template":"","format":"standard","meta":{"footnotes":""},"categories":[1],"tags":[],"class_list":["post-37190","post","type-post","status-publish","format-standard","has-post-thumbnail","hentry","category-nacionales"],"_links":{"self":[{"href":"https:\/\/acronoticias.com\/index.php\/wp-json\/wp\/v2\/posts\/37190","targetHints":{"allow":["GET"]}}],"collection":[{"href":"https:\/\/acronoticias.com\/index.php\/wp-json\/wp\/v2\/posts"}],"about":[{"href":"https:\/\/acronoticias.com\/index.php\/wp-json\/wp\/v2\/types\/post"}],"author":[{"embeddable":true,"href":"https:\/\/acronoticias.com\/index.php\/wp-json\/wp\/v2\/users\/1"}],"replies":[{"embeddable":true,"href":"https:\/\/acronoticias.com\/index.php\/wp-json\/wp\/v2\/comments?post=37190"}],"version-history":[{"count":0,"href":"https:\/\/acronoticias.com\/index.php\/wp-json\/wp\/v2\/posts\/37190\/revisions"}],"wp:featuredmedia":[{"embeddable":true,"href":"https:\/\/acronoticias.com\/index.php\/wp-json\/wp\/v2\/media\/37191"}],"wp:attachment":[{"href":"https:\/\/acronoticias.com\/index.php\/wp-json\/wp\/v2\/media?parent=37190"}],"wp:term":[{"taxonomy":"category","embeddable":true,"href":"https:\/\/acronoticias.com\/index.php\/wp-json\/wp\/v2\/categories?post=37190"},{"taxonomy":"post_tag","embeddable":true,"href":"https:\/\/acronoticias.com\/index.php\/wp-json\/wp\/v2\/tags?post=37190"}],"curies":[{"name":"wp","href":"https:\/\/api.w.org\/{rel}","templated":true}]}}