{"id":37180,"date":"2026-04-26T16:44:42","date_gmt":"2026-04-26T16:44:42","guid":{"rendered":"https:\/\/acronoticias.com\/index.php\/2026\/04\/26\/ataque-armado-deja-cinco-muertos-en-ecuador\/"},"modified":"2026-04-26T16:44:42","modified_gmt":"2026-04-26T16:44:42","slug":"ataque-armado-deja-cinco-muertos-en-ecuador","status":"publish","type":"post","link":"https:\/\/acronoticias.com\/index.php\/2026\/04\/26\/ataque-armado-deja-cinco-muertos-en-ecuador\/","title":{"rendered":"Ataque armado deja cinco muertos en Ecuador"},"content":{"rendered":"<p><img loading=\"lazy\" decoding=\"async\" width=\"355\" height=\"200\" src=\"https:\/\/nuevodiario-assets.s3.us-east-2.amazonaws.com\/wp-content\/uploads\/2026\/04\/Ecuador-Los-Lobos-1-355x200.webp\" class=\"webfeedsFeaturedVisual not-transparent wp-post-image\" alt=\"\" style=\"--dominant-color: #818282;margin-bottom: 5px;clear:both;max-width: 100%\" data-has-transparency=\"false\" data-dominant-color=\"818282\" \/><\/p>\n<p>QUITO.- Un ataque armado perpetrado la noche del s\u00e1bado por desconocidos que portaban chalecos y distintivos similares a los de la Polic\u00eda dej\u00f3 cinco muertos en la provincia ecuatoriana costera de El Oro, fronteriza con Per\u00fa, informaron este domingo medios locales.<\/p>\n<p>El portal Primicias apunt\u00f3 que, lo que parec\u00eda un operativo policial fue en realidad un enga\u00f1o dise\u00f1ado por sicarios para cometer una matanza en Puerto Bol\u00edvar, localidad de Machala, en El Oro.<\/p>\n<p>El ataque dej\u00f3 a cinco personas muertas y otras dos heridas, que fueron trasladadas a centros de salud.<\/p>\n<p>Testigos dijeron que cerca de las 20:30 hora local (01:30 GMT) \u00abuna camioneta con caracter\u00edsticas similares a las de la Polic\u00eda Nacional lleg\u00f3 al sitio y de ella se bajaron sujetos con chalecos y distintivos simulando ser uniformados\u00bb, detall\u00f3 Primicias.<\/p>\n<p>Los atacantes ingresaron en una vivienda, sacaron a un hombre y lo ejecutaron en la calle a la vista de los vecinos.<\/p>\n<p>Simult\u00e1neamente, abrieron fuego dentro del inmueble. Algunas v\u00edctimas fallecieron en el lugar, mientras que otras perdieron la vida horas despu\u00e9s en distintas casas de salud de Machala, capital de la provincia.<\/p>\n<p>Horas m\u00e1s tarde, la Polic\u00eda hall\u00f3 el veh\u00edculo utilizado por los sicarios, que hab\u00eda sido abandonado e incinerado.<\/p>\n<p>El Oro, una de las provincias m\u00e1s afectadas por la violencia en Ecuador, estuvo durante la segunda quincena de marzo pasado en toque de queda nocturno, junto a las provincias del Guayas, Los R\u00edos y Santo Domingo de los Ts\u00e1chilas.<\/p>\n<p>Desde el 3 al 18 de mayo pr\u00f3ximo la medida se repetir\u00e1 en esas cuatro provincias y en las de Pichincha (cuya capital es Quito), Manab\u00ed, Santa Elena, Esmeraldas y Sucumb\u00edos, estas dos \u00faltimas fronterizas con Colombia.<\/p>\n<p>Tambi\u00e9n en los municipios de La Man\u00e1 (Cotopaxi), Las Naves y Echeand\u00eda (Bol\u00ed\u00edvar), y La Troncal (Ca\u00f1ar).<\/p>\n<p>Ecuador vive desde 2024 bajo un estado de \u00abconflicto armado interno\u00bb que declar\u00f3 el presidente Daniel Noboa para intensificar la lucha contra las bandas criminales, a las que pas\u00f3 a llamar \u00abterroristas\u00bb.<\/p>\n<p>Pese a esa declaratoria, 2025 cerr\u00f3 con un r\u00e9cord de homicidios en Ecuador, al contabilizar en torno a los 9.300, de acuerdo a cifras del Ministerio del Interior.<\/p>\n<p>La entrada <a href=\"https:\/\/elnuevodiario.com.do\/ataque-armado-deja-cinco-muertos-en-ecuador\/\">Ataque armado deja cinco muertos en Ecuador<\/a> se public\u00f3 primero en <a href=\"https:\/\/elnuevodiario.com.do\">El Nuevo Diario (Rep\u00fablica Dominicana)<\/a>.<\/p>\n","protected":false},"excerpt":{"rendered":"<p>QUITO.- Un ataque armado perpetrado la noche del s\u00e1bado por desconocidos que portaban chalecos y distintivos similares a los de la Polic\u00eda dej\u00f3 cinco muertos en la provincia ecuatoriana costera de El Oro, fronteriza con Per\u00fa, informaron este domingo medios locales. El portal Primicias apunt\u00f3 que, lo que parec\u00eda un operativo policial fue en realidad<\/p>\n","protected":false},"author":1,"featured_media":37181,"comment_status":"open","ping_status":"open","sticky":false,"template":"","format":"standard","meta":{"footnotes":""},"categories":[3],"tags":[],"class_list":["post-37180","post","type-post","status-publish","format-standard","has-post-thumbnail","hentry","category-internacionales"],"_links":{"self":[{"href":"https:\/\/acronoticias.com\/index.php\/wp-json\/wp\/v2\/posts\/37180","targetHints":{"allow":["GET"]}}],"collection":[{"href":"https:\/\/acronoticias.com\/index.php\/wp-json\/wp\/v2\/posts"}],"about":[{"href":"https:\/\/acronoticias.com\/index.php\/wp-json\/wp\/v2\/types\/post"}],"author":[{"embeddable":true,"href":"https:\/\/acronoticias.com\/index.php\/wp-json\/wp\/v2\/users\/1"}],"replies":[{"embeddable":true,"href":"https:\/\/acronoticias.com\/index.php\/wp-json\/wp\/v2\/comments?post=37180"}],"version-history":[{"count":0,"href":"https:\/\/acronoticias.com\/index.php\/wp-json\/wp\/v2\/posts\/37180\/revisions"}],"wp:featuredmedia":[{"embeddable":true,"href":"https:\/\/acronoticias.com\/index.php\/wp-json\/wp\/v2\/media\/37181"}],"wp:attachment":[{"href":"https:\/\/acronoticias.com\/index.php\/wp-json\/wp\/v2\/media?parent=37180"}],"wp:term":[{"taxonomy":"category","embeddable":true,"href":"https:\/\/acronoticias.com\/index.php\/wp-json\/wp\/v2\/categories?post=37180"},{"taxonomy":"post_tag","embeddable":true,"href":"https:\/\/acronoticias.com\/index.php\/wp-json\/wp\/v2\/tags?post=37180"}],"curies":[{"name":"wp","href":"https:\/\/api.w.org\/{rel}","templated":true}]}}