{"id":37169,"date":"2026-04-26T15:40:10","date_gmt":"2026-04-26T15:40:10","guid":{"rendered":"https:\/\/acronoticias.com\/index.php\/2026\/04\/26\/pn-urge-a-48-pensionados-en-febrero-regularizar-inclusion-en-nomina-para-cobrar-pension-de-mayo\/"},"modified":"2026-04-26T15:40:10","modified_gmt":"2026-04-26T15:40:10","slug":"pn-urge-a-48-pensionados-en-febrero-regularizar-inclusion-en-nomina-para-cobrar-pension-de-mayo","status":"publish","type":"post","link":"https:\/\/acronoticias.com\/index.php\/2026\/04\/26\/pn-urge-a-48-pensionados-en-febrero-regularizar-inclusion-en-nomina-para-cobrar-pension-de-mayo\/","title":{"rendered":"PN urge a 48 pensionados en febrero regularizar inclusi\u00f3n en n\u00f3mina para cobrar pensi\u00f3n de mayo"},"content":{"rendered":"<p><img loading=\"lazy\" decoding=\"async\" width=\"355\" height=\"200\" src=\"https:\/\/nuevodiario-assets.s3.us-east-2.amazonaws.com\/wp-content\/uploads\/2026\/04\/Palacio-PN-355x200.jpeg\" class=\"webfeedsFeaturedVisual not-transparent wp-post-image\" alt=\"\" style=\"--dominant-color: #618daf;margin-bottom: 5px;clear:both;max-width: 100%\" data-has-transparency=\"false\" data-dominant-color=\"618daf\" \/><\/p>\n<p>&nbsp;<\/p>\n<p>EL NUEVO DIARIO,\u00a0SANTO DOMINGO.\u2013 La Polic\u00eda Nacional exhort\u00f3 este domingo a 48 agentes pensionados en febrero de 2026 que a\u00fan no han completado su inclusi\u00f3n en n\u00f3mina a regularizar su situaci\u00f3n a la mayor brevedad, a fin de garantizar el cobro de sus pensiones correspondientes al mes de mayo.<\/p>\n<p>El llamado fue realizado por el teniente coronel Mignolius Ortiz, enlace de la Direcci\u00f3n General de Jubilaciones y Pensiones, quien explic\u00f3 que estos agentes no han concluido el tr\u00e1mite administrativo requerido, condici\u00f3n indispensable para la ejecuci\u00f3n de los pagos.<\/p>\n<p>El oficial precis\u00f3 que, conforme a las disposiciones legales vigentes, el desembolso de las pensiones solo puede efectuarse una vez el beneficiario formaliza su inclusi\u00f3n en n\u00f3mina. En ese sentido, advirti\u00f3 que quienes no hayan completado el proceso no podr\u00e1n recibir ingresos ni a trav\u00e9s de la instituci\u00f3n ni del sistema de pensiones.<\/p>\n<p>Asimismo, reiter\u00f3 la importancia de que los pensionados pendientes acudan antes del lunes, a las 4:00 de la tarde, a cualquiera de los puntos habilitados, para evitar retrasos en el pago de sus beneficios.<\/p>\n<p>Ortiz aclar\u00f3 que este procedimiento es estrictamente administrativo y no afecta posibles procesos de reingreso a la instituci\u00f3n por v\u00eda judicial.<\/p>\n<p>Los puntos habilitados son:<\/p>\n<ul>\n<li>Oficina principal: avenida 27 de Febrero No. 17, casi esquina Alberto Peguero, ensanche Miraflores, Santo Domingo;<\/li>\n<li>Punto GOB Expreso: parada 57 de la avenida Bulevar del Faro, Parque del Este II, Santo Domingo Este;<\/li>\n<li>Oficina Regional Norte: calle El Sol esquina Juan Pablo Duarte, edificio de Aduanas, Santiago de los Caballeros;<\/li>\n<li>Oficina Regional Este: calle H\u00e9ctor P. Quezada casi esquina calle A, ensanche La Hoz, La Romana;<\/li>\n<li>Oficinas en el exterior: Madrid, Espa\u00f1a, y Nueva York, Estados Unidos.<\/li>\n<\/ul>\n<blockquote class=\"twitter-tweet\">\n<p dir=\"ltr\" lang=\"es\">Polic\u00eda Nacional llama a 48 pensionados de febrero de 2026 a completar inclusi\u00f3n en n\u00f3mina para garantizar pago de pensiones.<\/p>\n<p>Exhorta a los agentes pendientes a acudir antes del lunes, a las 4:00 de la tarde, a los puntos habilitados para finalizar el proceso.<\/p>\n<p>La Polic\u00eda\u2026 <a href=\"https:\/\/t.co\/sEGYKEKRGL\">pic.twitter.com\/sEGYKEKRGL<\/a><\/p>\n<p>\u2014 Diego Pesqueira (@pesqueiradiego) <a href=\"https:\/\/twitter.com\/pesqueiradiego\/status\/2048406556476059681?ref_src=twsrc%5Etfw\">April 26, 2026<\/a><\/p>\n<\/blockquote>\n<p>La entrada <a href=\"https:\/\/elnuevodiario.com.do\/pn-urge-a-48-pensionados-en-febrero-regularizar-inclusion-en-nomina-para-cobrar-pension-de-mayo\/\">PN urge a 48 pensionados en febrero regularizar inclusi\u00f3n en n\u00f3mina para cobrar pensi\u00f3n de mayo<\/a> se public\u00f3 primero en <a href=\"https:\/\/elnuevodiario.com.do\">El Nuevo Diario (Rep\u00fablica Dominicana)<\/a>.<\/p>\n<p><script async src=\"https:\/\/platform.twitter.com\/widgets.js\" charset=\"utf-8\"><\/script><\/p>\n","protected":false},"excerpt":{"rendered":"<p>&nbsp; EL NUEVO DIARIO,\u00a0SANTO DOMINGO.\u2013 La Polic\u00eda Nacional exhort\u00f3 este domingo a 48 agentes pensionados en febrero de 2026 que a\u00fan no han completado su inclusi\u00f3n en n\u00f3mina a regularizar su situaci\u00f3n a la mayor brevedad, a fin de garantizar el cobro de sus pensiones correspondientes al mes de mayo. El llamado fue realizado por<\/p>\n","protected":false},"author":1,"featured_media":37048,"comment_status":"open","ping_status":"open","sticky":false,"template":"","format":"standard","meta":{"footnotes":""},"categories":[1],"tags":[],"class_list":["post-37169","post","type-post","status-publish","format-standard","has-post-thumbnail","hentry","category-nacionales"],"_links":{"self":[{"href":"https:\/\/acronoticias.com\/index.php\/wp-json\/wp\/v2\/posts\/37169","targetHints":{"allow":["GET"]}}],"collection":[{"href":"https:\/\/acronoticias.com\/index.php\/wp-json\/wp\/v2\/posts"}],"about":[{"href":"https:\/\/acronoticias.com\/index.php\/wp-json\/wp\/v2\/types\/post"}],"author":[{"embeddable":true,"href":"https:\/\/acronoticias.com\/index.php\/wp-json\/wp\/v2\/users\/1"}],"replies":[{"embeddable":true,"href":"https:\/\/acronoticias.com\/index.php\/wp-json\/wp\/v2\/comments?post=37169"}],"version-history":[{"count":0,"href":"https:\/\/acronoticias.com\/index.php\/wp-json\/wp\/v2\/posts\/37169\/revisions"}],"wp:featuredmedia":[{"embeddable":true,"href":"https:\/\/acronoticias.com\/index.php\/wp-json\/wp\/v2\/media\/37048"}],"wp:attachment":[{"href":"https:\/\/acronoticias.com\/index.php\/wp-json\/wp\/v2\/media?parent=37169"}],"wp:term":[{"taxonomy":"category","embeddable":true,"href":"https:\/\/acronoticias.com\/index.php\/wp-json\/wp\/v2\/categories?post=37169"},{"taxonomy":"post_tag","embeddable":true,"href":"https:\/\/acronoticias.com\/index.php\/wp-json\/wp\/v2\/tags?post=37169"}],"curies":[{"name":"wp","href":"https:\/\/api.w.org\/{rel}","templated":true}]}}