{"id":37168,"date":"2026-04-26T15:23:07","date_gmt":"2026-04-26T15:23:07","guid":{"rendered":"https:\/\/acronoticias.com\/index.php\/2026\/04\/26\/presidente-abinader-instruye-ampliacion-a-cuatro-carriles-de-la-autopista-ramon-caceres\/"},"modified":"2026-04-26T15:23:07","modified_gmt":"2026-04-26T15:23:07","slug":"presidente-abinader-instruye-ampliacion-a-cuatro-carriles-de-la-autopista-ramon-caceres","status":"publish","type":"post","link":"https:\/\/acronoticias.com\/index.php\/2026\/04\/26\/presidente-abinader-instruye-ampliacion-a-cuatro-carriles-de-la-autopista-ramon-caceres\/","title":{"rendered":"Presidente Abinader instruye ampliaci\u00f3n a cuatro carriles de la autopista Ram\u00f3n C\u00e1ceres"},"content":{"rendered":"<p><img loading=\"lazy\" decoding=\"async\" width=\"355\" height=\"200\" src=\"https:\/\/nuevodiario-assets.s3.us-east-2.amazonaws.com\/wp-content\/uploads\/2026\/04\/WhatsApp-Image-2026-04-10-at-8.56.39-PM-355x200.jpeg\" class=\"webfeedsFeaturedVisual not-transparent wp-post-image\" alt=\"\" style=\"--dominant-color: #987153;margin-bottom: 5px;clear:both;max-width: 100%\" data-has-transparency=\"false\" data-dominant-color=\"987153\" \/><\/p>\n<p>&nbsp;<\/p>\n<p>EL NUEVO DIARIO, MOCA, ESPAILLAT. &#8211; A solicitud del ministro Administrativo de la Presidencia, Andr\u00e9s Bautista Garc\u00eda, el presidente Luis Abinader instruy\u00f3 al ministro de Obras P\u00fablicas, Eduardo Estrella, iniciar con car\u00e1cter urgente los estudios t\u00e9cnicos para la ampliaci\u00f3n a cuatro carriles de la autopista Ram\u00f3n C\u00e1ceres.<\/p>\n<p>Esta v\u00eda enlaza el municipio de Moca con la autopista Duarte, constituy\u00e9ndose en un corredor estrat\u00e9gico para la movilidad de la provincia Espaillat y de toda la regi\u00f3n Norte.<\/p>\n<p>La iniciativa tiene como objetivo mejorar la seguridad vial, reducir los tiempos de desplazamiento y dinamizar la actividad econ\u00f3mica entre Moca, Santiago y otras demarcaciones del Cibao.<\/p>\n<p>La ampliaci\u00f3n forma parte de un plan integral de desarrollo urbano para Moca, que incluye adem\u00e1s la construcci\u00f3n de la carretera Monte de la Jagua, con la finalidad de conectar el municipio con el Aeropuerto Internacional del Cibao, as\u00ed como la ejecuci\u00f3n de una circunvalaci\u00f3n que enlazar\u00e1 Estancia Nueva con Guauc\u00ed.<\/p>\n<p>Con estas obras, se fortalecer\u00e1 la conectividad con localidades como San Francisco de Macor\u00eds, Tenares, Salcedo, Moca y Santiago, impulsando la integraci\u00f3n regional.<\/p>\n<p>Reconocida como uno de los principales centros de producci\u00f3n agropecuaria del pa\u00eds, Moca recibir\u00e1 un impulso significativo en su competitividad, crecimiento urbano y desarrollo log\u00edstico, consolidando su papel estrat\u00e9gico en la econom\u00eda nacional.<\/p>\n<p>La entrada <a href=\"https:\/\/elnuevodiario.com.do\/presidente-abinader-instruye-ampliacion-a-cuatro-carriles-de-la-autopista-ramon-caceres\/\">Presidente Abinader instruye ampliaci\u00f3n a cuatro carriles de la autopista Ram\u00f3n C\u00e1ceres<\/a> se public\u00f3 primero en <a href=\"https:\/\/elnuevodiario.com.do\">El Nuevo Diario (Rep\u00fablica Dominicana)<\/a>.<\/p>\n","protected":false},"excerpt":{"rendered":"<p>&nbsp; EL NUEVO DIARIO, MOCA, ESPAILLAT. &#8211; A solicitud del ministro Administrativo de la Presidencia, Andr\u00e9s Bautista Garc\u00eda, el presidente Luis Abinader instruy\u00f3 al ministro de Obras P\u00fablicas, Eduardo Estrella, iniciar con car\u00e1cter urgente los estudios t\u00e9cnicos para la ampliaci\u00f3n a cuatro carriles de la autopista Ram\u00f3n C\u00e1ceres. Esta v\u00eda enlaza el municipio de Moca<\/p>\n","protected":false},"author":1,"featured_media":33509,"comment_status":"open","ping_status":"open","sticky":false,"template":"","format":"standard","meta":{"footnotes":""},"categories":[1],"tags":[],"class_list":["post-37168","post","type-post","status-publish","format-standard","has-post-thumbnail","hentry","category-nacionales"],"_links":{"self":[{"href":"https:\/\/acronoticias.com\/index.php\/wp-json\/wp\/v2\/posts\/37168","targetHints":{"allow":["GET"]}}],"collection":[{"href":"https:\/\/acronoticias.com\/index.php\/wp-json\/wp\/v2\/posts"}],"about":[{"href":"https:\/\/acronoticias.com\/index.php\/wp-json\/wp\/v2\/types\/post"}],"author":[{"embeddable":true,"href":"https:\/\/acronoticias.com\/index.php\/wp-json\/wp\/v2\/users\/1"}],"replies":[{"embeddable":true,"href":"https:\/\/acronoticias.com\/index.php\/wp-json\/wp\/v2\/comments?post=37168"}],"version-history":[{"count":0,"href":"https:\/\/acronoticias.com\/index.php\/wp-json\/wp\/v2\/posts\/37168\/revisions"}],"wp:featuredmedia":[{"embeddable":true,"href":"https:\/\/acronoticias.com\/index.php\/wp-json\/wp\/v2\/media\/33509"}],"wp:attachment":[{"href":"https:\/\/acronoticias.com\/index.php\/wp-json\/wp\/v2\/media?parent=37168"}],"wp:term":[{"taxonomy":"category","embeddable":true,"href":"https:\/\/acronoticias.com\/index.php\/wp-json\/wp\/v2\/categories?post=37168"},{"taxonomy":"post_tag","embeddable":true,"href":"https:\/\/acronoticias.com\/index.php\/wp-json\/wp\/v2\/tags?post=37168"}],"curies":[{"name":"wp","href":"https:\/\/api.w.org\/{rel}","templated":true}]}}