{"id":37158,"date":"2026-04-26T14:34:40","date_gmt":"2026-04-26T14:34:40","guid":{"rendered":"https:\/\/acronoticias.com\/index.php\/2026\/04\/26\/urbanista-sostiene-que-cambio-climatico-no-es-un-invento-y-agrava-inundaciones-en-santo-domingo\/"},"modified":"2026-04-26T14:34:40","modified_gmt":"2026-04-26T14:34:40","slug":"urbanista-sostiene-que-cambio-climatico-no-es-un-invento-y-agrava-inundaciones-en-santo-domingo","status":"publish","type":"post","link":"https:\/\/acronoticias.com\/index.php\/2026\/04\/26\/urbanista-sostiene-que-cambio-climatico-no-es-un-invento-y-agrava-inundaciones-en-santo-domingo\/","title":{"rendered":"Urbanista sostiene que cambio clim\u00e1tico no es un invento y agrava inundaciones en Santo Domingo"},"content":{"rendered":"<p><img decoding=\"async\" width=\"355\" height=\"200\" src=\"https:\/\/nuevodiario-assets.s3.us-east-2.amazonaws.com\/wp-content\/uploads\/2026\/04\/Elmer-Gonzelez-Foto-Wascar-Garcia-2-355x200.jpeg\" class=\"webfeedsFeaturedVisual not-transparent wp-post-image\" alt=\"\" style=\"--dominant-color: #3e4664;margin-bottom: 5px;clear:both;max-width: 100%\" loading=\"lazy\" data-has-transparency=\"false\" data-dominant-color=\"3e4664\" \/><\/p>\n<p>EL NUEVO DIARIO, SANTO DOMINGO.\u2013 El arquitecto urbanista Elmer Gonz\u00e1lez sostuvo este domingo que el cambio clim\u00e1tico no es un invento y que ya impacta de manera directa a Santo Domingo, donde las inundaciones se han intensificado en los \u00faltimos a\u00f1os.<\/p>\n<p>\u201cEl cambio clim\u00e1tico no es un invento; es la consecuencia de lo que es el calentamiento global\u201d, afirm\u00f3, al explicar que las acciones humanas han acelerado este fen\u00f3meno.<\/p>\n<p>Las declaraciones fueron ofrecidas en el programa \u00abRese\u00f1as\u00bb, el podcast, conducido por los periodistas Rafael N\u00fa\u00f1ez, Adelaida Mart\u00ednez y Yarit Ortiz.<\/p>\n<figure id=\"attachment_3097488\" aria-describedby=\"caption-attachment-3097488\" style=\"width: 1280px\" class=\"wp-caption alignnone\"><img loading=\"lazy\" decoding=\"async\" data-recalc-dims=\"1\" data-dominant-color=\"4a536a\" data-has-transparency=\"false\" style=\"--dominant-color: #4a536a\" class=\"size-full wp-image-3097488 not-transparent\" src=\"https:\/\/i0.wp.com\/nuevodiario-assets.s3.us-east-2.amazonaws.com\/wp-content\/uploads\/2026\/04\/Yarit-Ortiz-Adelaida-Martinez-Rafael-Nunez-y-Elmer-Gonzalez-Foto-Wascar-Garcia.jpeg?resize=640%2C427&#038;quality=100&#038;ssl=1\" alt=\"\" width=\"640\" height=\"427\" \/><figcaption id=\"caption-attachment-3097488\" class=\"wp-caption-text\"><strong>Yarit Ortiz, Adelaida Mart\u00ednez, Rafael N\u00fa\u00f1ez y Elmer Gonz\u00e1lez (Foto: Wascar Garc\u00eda\/ El Nuevo Diario)<\/strong><\/figcaption><\/figure>\n<p>Gonz\u00e1lez indic\u00f3 que el crecimiento urbano sin planificaci\u00f3n ha incrementado la vulnerabilidad de la capital, al se\u00f1alar que Santo Domingo supera los cinco millones de personas diariamente entre poblaci\u00f3n fija y flotante.<\/p>\n<p>Advirti\u00f3 que la expansi\u00f3n del concreto y la reducci\u00f3n de \u00e1reas verdes han limitado la capacidad de absorci\u00f3n del agua, lo que agrava las inundaciones.<\/p>\n<p>Adem\u00e1s, el especialista afirm\u00f3 que el Gran Santo Domingo se ha convertido en el \u201cepicentro del riesgo\u201d en el pa\u00eds, debido a factores como el aumento poblacional, la falta de ordenamiento territorial y la d\u00e9bil coordinaci\u00f3n institucional.<\/p>\n<figure id=\"attachment_3097490\" aria-describedby=\"caption-attachment-3097490\" style=\"width: 1280px\" class=\"wp-caption alignnone\"><img loading=\"lazy\" decoding=\"async\" data-recalc-dims=\"1\" data-dominant-color=\"535a69\" data-has-transparency=\"false\" style=\"--dominant-color: #535a69\" class=\"size-full wp-image-3097490 not-transparent\" src=\"https:\/\/i0.wp.com\/nuevodiario-assets.s3.us-east-2.amazonaws.com\/wp-content\/uploads\/2026\/04\/Rafael-Nunez-y-Elmer-Gonzelez-Foto-Wascar-Garcia.jpeg?resize=640%2C427&#038;quality=100&#038;ssl=1\" alt=\"\" width=\"640\" height=\"427\" \/><figcaption id=\"caption-attachment-3097490\" class=\"wp-caption-text\"><strong>Rafael N\u00fa\u00f1ez y Elmer Gonz\u00e1lez (Foto: Wascar Garc\u00eda\/ El Nuevo Diario)<\/strong><\/figcaption><\/figure>\n<p>\u201cNosotros hemos reunido tres jinetes; est\u00e1 el jinete del aumento poblacional, la inexistencia de planificaci\u00f3n y la falta de coordinaci\u00f3n multinivel\u201d, explic\u00f3.<\/p>\n<p>Record\u00f3 que eventos recientes, como las lluvias de 2022 y 2023, provocaron colapsos en la movilidad urbana y afectaciones a viviendas e infraestructuras. \u201cYa no hay un par\u00e1metro de estaci\u00f3n. Estamos en el pron\u00f3stico de esto en cualquier momento\u201d, expres\u00f3.<\/p>\n<p>Ante este escenario, propuso la implementaci\u00f3n de \u201cdistritos esponja\u201d, un modelo urbano que busca gestionar el agua en lugar de expulsarla. \u201cLas ciudades exitosas no tratan el agua elimin\u00e1ndola, sino gestion\u00e1ndola\u201d, indic\u00f3.<br \/>\nAsimismo, alert\u00f3 sobre el manejo de residuos s\u00f3lidos, se\u00f1alando que el Gran Santo Domingo produce unas 6,000 toneladas diarias, gran parte de las cuales termina en los drenajes.<\/p>\n<figure id=\"attachment_3097489\" aria-describedby=\"caption-attachment-3097489\" style=\"width: 1280px\" class=\"wp-caption alignnone\"><img decoding=\"async\" data-recalc-dims=\"1\" data-dominant-color=\"555f6d\" data-has-transparency=\"false\" style=\"--dominant-color: #555f6d\" loading=\"lazy\" class=\"size-full wp-image-3097489 not-transparent\" src=\"https:\/\/i0.wp.com\/nuevodiario-assets.s3.us-east-2.amazonaws.com\/wp-content\/uploads\/2026\/04\/Yarit-Ortiz-Elmer-Gonzalez-Adelaida-Martinez-y-Rafael-Nunez-Foto-Wascar-Garcia.jpeg?resize=640%2C427&#038;quality=100&#038;ssl=1\" alt=\"\" width=\"640\" height=\"427\" \/><figcaption id=\"caption-attachment-3097489\" class=\"wp-caption-text\"><strong>Yarit Ortiz, Elmer Gonz\u00e1lez, Adelaida Mart\u00ednez y Rafael N\u00fa\u00f1ez (Foto: Wascar Garc\u00eda\/ El Nuevo Diario)<\/strong><\/figcaption><\/figure>\n<p>Finalmente, enfatiz\u00f3 que la educaci\u00f3n ciudadana y la continuidad de las pol\u00edticas p\u00fablicas son esenciales para enfrentar esta problem\u00e1tica, junto a una mayor planificaci\u00f3n e inversi\u00f3n en infraestructura urbana.<\/p>\n<p>ADDP\/<\/p>\n<p>La entrada <a href=\"https:\/\/elnuevodiario.com.do\/urbanista-sostiene-que-cambio-climatico-no-es-un-invento-y-agrava-inundaciones-en-santo-domingo\/\">Urbanista sostiene que cambio clim\u00e1tico no es un invento y agrava inundaciones en Santo Domingo<\/a> se public\u00f3 primero en <a href=\"https:\/\/elnuevodiario.com.do\">El Nuevo Diario (Rep\u00fablica Dominicana)<\/a>.<\/p>\n","protected":false},"excerpt":{"rendered":"<p>EL NUEVO DIARIO, SANTO DOMINGO.\u2013 El arquitecto urbanista Elmer Gonz\u00e1lez sostuvo este domingo que el cambio clim\u00e1tico no es un invento y que ya impacta de manera directa a Santo Domingo, donde las inundaciones se han intensificado en los \u00faltimos a\u00f1os. \u201cEl cambio clim\u00e1tico no es un invento; es la consecuencia de lo que es<\/p>\n","protected":false},"author":1,"featured_media":37159,"comment_status":"open","ping_status":"open","sticky":false,"template":"","format":"standard","meta":{"footnotes":""},"categories":[1],"tags":[],"class_list":["post-37158","post","type-post","status-publish","format-standard","has-post-thumbnail","hentry","category-nacionales"],"_links":{"self":[{"href":"https:\/\/acronoticias.com\/index.php\/wp-json\/wp\/v2\/posts\/37158","targetHints":{"allow":["GET"]}}],"collection":[{"href":"https:\/\/acronoticias.com\/index.php\/wp-json\/wp\/v2\/posts"}],"about":[{"href":"https:\/\/acronoticias.com\/index.php\/wp-json\/wp\/v2\/types\/post"}],"author":[{"embeddable":true,"href":"https:\/\/acronoticias.com\/index.php\/wp-json\/wp\/v2\/users\/1"}],"replies":[{"embeddable":true,"href":"https:\/\/acronoticias.com\/index.php\/wp-json\/wp\/v2\/comments?post=37158"}],"version-history":[{"count":0,"href":"https:\/\/acronoticias.com\/index.php\/wp-json\/wp\/v2\/posts\/37158\/revisions"}],"wp:featuredmedia":[{"embeddable":true,"href":"https:\/\/acronoticias.com\/index.php\/wp-json\/wp\/v2\/media\/37159"}],"wp:attachment":[{"href":"https:\/\/acronoticias.com\/index.php\/wp-json\/wp\/v2\/media?parent=37158"}],"wp:term":[{"taxonomy":"category","embeddable":true,"href":"https:\/\/acronoticias.com\/index.php\/wp-json\/wp\/v2\/categories?post=37158"},{"taxonomy":"post_tag","embeddable":true,"href":"https:\/\/acronoticias.com\/index.php\/wp-json\/wp\/v2\/tags?post=37158"}],"curies":[{"name":"wp","href":"https:\/\/api.w.org\/{rel}","templated":true}]}}