{"id":37154,"date":"2026-04-26T14:02:52","date_gmt":"2026-04-26T14:02:52","guid":{"rendered":"https:\/\/acronoticias.com\/index.php\/2026\/04\/26\/entidades-firman-acuerdo-para-impulsar-desarrollo-sostenible-en-santiago-rodriguez\/"},"modified":"2026-04-26T14:02:52","modified_gmt":"2026-04-26T14:02:52","slug":"entidades-firman-acuerdo-para-impulsar-desarrollo-sostenible-en-santiago-rodriguez","status":"publish","type":"post","link":"https:\/\/acronoticias.com\/index.php\/2026\/04\/26\/entidades-firman-acuerdo-para-impulsar-desarrollo-sostenible-en-santiago-rodriguez\/","title":{"rendered":"Entidades firman acuerdo para impulsar desarrollo sostenible en Santiago Rodr\u00edguez"},"content":{"rendered":"<p><img loading=\"lazy\" decoding=\"async\" width=\"355\" height=\"200\" src=\"https:\/\/nuevodiario-assets.s3.us-east-2.amazonaws.com\/wp-content\/uploads\/2026\/04\/Felix-Manuel-Rodriguez-padre-Pedro-Martinez-y-Yaquelin-Almonte-de-Fernandez-Foto-Angel-B-Almonte-355x200.jpeg\" class=\"webfeedsFeaturedVisual not-transparent wp-post-image\" alt=\"\" style=\"--dominant-color: #93918a;margin-bottom: 5px;clear:both;max-width: 100%\" data-has-transparency=\"false\" data-dominant-color=\"93918a\" \/><\/p>\n<p>EL NUEVO DIARIO, SANTIAGO RODR\u00cdGUEZ. \u2013 El Instituto para el Desarrollo del Noroeste (Indenor) suscribi\u00f3 el s\u00e1bado un acuerdo interinstitucional con el Grupo Ecotur\u00edstico de Anfitriones de Monci\u00f3n, con el prop\u00f3sito de ejecutar acciones conjuntas orientadas al desarrollo sostenible, el fortalecimiento institucional y el bienestar de ese municipio.<\/p>\n<p>El convenio fue firmado por el reverendo padre Pedro Mart\u00ednez, presidente del Indenor, y F\u00e9lix Manuel Rodr\u00edguez Rodr\u00edguez, presidente de Anfitriones de Monci\u00f3n, durante un acto celebrado en el sal\u00f3n de conferencias de la instituci\u00f3n.<\/p>\n<p>Mediante esta alianza estrat\u00e9gica, ambas entidades se comprometieron a coordinar iniciativas en \u00e1reas clave como el desarrollo comunitario, la protecci\u00f3n del medio ambiente, la educaci\u00f3n, la capacitaci\u00f3n t\u00e9cnica y el impulso de proyectos productivos en beneficio de la poblaci\u00f3n.<\/p>\n<figure id=\"attachment_3097446\" aria-describedby=\"caption-attachment-3097446\" style=\"width: 1600px\" class=\"wp-caption alignnone\"><img loading=\"lazy\" decoding=\"async\" data-recalc-dims=\"1\" data-dominant-color=\"968976\" data-has-transparency=\"false\" style=\"--dominant-color: #968976\" class=\"size-full wp-image-3097446 not-transparent\" src=\"https:\/\/i0.wp.com\/nuevodiario-assets.s3.us-east-2.amazonaws.com\/wp-content\/uploads\/2026\/04\/Felix-Manuel-Rodriguez-padre-Pedro-Martinez-y-Yaquelin-Almonte-de-Fernandez-junto-a-personalidades-Foto-Angel-B-Almonte.jpeg?resize=640%2C360&#038;quality=100&#038;ssl=1\" alt=\"\" width=\"640\" height=\"360\" \/><figcaption id=\"caption-attachment-3097446\" class=\"wp-caption-text\"><strong>F\u00e9lix Manuel Rodr\u00edguez, padre Pedro Mart\u00ednez y Yaquel\u00edn Almonte de Fern\u00e1ndez junto a personalidades (Foto: \u00c1ngel B Almonte)<\/strong><\/figcaption><\/figure>\n<p>Durante la actividad, los representantes de ambas organizaciones resaltaron la importancia de unir esfuerzos para fortalecer sus capacidades operativas y generar mayores oportunidades de crecimiento para la comunidad de Monci\u00f3n y toda la regi\u00f3n noroeste.<\/p>\n<p>Asimismo, reiteraron su disposici\u00f3n de trabajar de manera articulada en la implementaci\u00f3n de programas que promuevan la participaci\u00f3n ciudadana, el desarrollo inclusivo y el progreso integral de la zona.<\/p>\n<p>En el acto tambi\u00e9n estuvo presente la directora ejecutiva del Indenor, licenciada Yaquel\u00edn Almonte de Fern\u00e1ndez, junto a colaboradores de ambas instituciones.<\/p>\n<p>Con la firma de este acuerdo, el Indenor reafirma su papel como entidad impulsora del desarrollo regional, consolidando v\u00ednculos de cooperaci\u00f3n con organizaciones locales comprometidas con la construcci\u00f3n de un futuro m\u00e1s pr\u00f3spero para las comunidades del noroeste.<\/p>\n<p>ADDP\/<\/p>\n<p>La entrada <a href=\"https:\/\/elnuevodiario.com.do\/entidades-firman-acuerdo-para-impulsar-desarrollo-sostenible-en-santiago-rodriguez\/\">Entidades firman acuerdo para impulsar desarrollo sostenible en Santiago Rodr\u00edguez<\/a> se public\u00f3 primero en <a href=\"https:\/\/elnuevodiario.com.do\">El Nuevo Diario (Rep\u00fablica Dominicana)<\/a>.<\/p>\n","protected":false},"excerpt":{"rendered":"<p>EL NUEVO DIARIO, SANTIAGO RODR\u00cdGUEZ. \u2013 El Instituto para el Desarrollo del Noroeste (Indenor) suscribi\u00f3 el s\u00e1bado un acuerdo interinstitucional con el Grupo Ecotur\u00edstico de Anfitriones de Monci\u00f3n, con el prop\u00f3sito de ejecutar acciones conjuntas orientadas al desarrollo sostenible, el fortalecimiento institucional y el bienestar de ese municipio. El convenio fue firmado por el reverendo<\/p>\n","protected":false},"author":1,"featured_media":37155,"comment_status":"open","ping_status":"open","sticky":false,"template":"","format":"standard","meta":{"footnotes":""},"categories":[1],"tags":[],"class_list":["post-37154","post","type-post","status-publish","format-standard","has-post-thumbnail","hentry","category-nacionales"],"_links":{"self":[{"href":"https:\/\/acronoticias.com\/index.php\/wp-json\/wp\/v2\/posts\/37154","targetHints":{"allow":["GET"]}}],"collection":[{"href":"https:\/\/acronoticias.com\/index.php\/wp-json\/wp\/v2\/posts"}],"about":[{"href":"https:\/\/acronoticias.com\/index.php\/wp-json\/wp\/v2\/types\/post"}],"author":[{"embeddable":true,"href":"https:\/\/acronoticias.com\/index.php\/wp-json\/wp\/v2\/users\/1"}],"replies":[{"embeddable":true,"href":"https:\/\/acronoticias.com\/index.php\/wp-json\/wp\/v2\/comments?post=37154"}],"version-history":[{"count":0,"href":"https:\/\/acronoticias.com\/index.php\/wp-json\/wp\/v2\/posts\/37154\/revisions"}],"wp:featuredmedia":[{"embeddable":true,"href":"https:\/\/acronoticias.com\/index.php\/wp-json\/wp\/v2\/media\/37155"}],"wp:attachment":[{"href":"https:\/\/acronoticias.com\/index.php\/wp-json\/wp\/v2\/media?parent=37154"}],"wp:term":[{"taxonomy":"category","embeddable":true,"href":"https:\/\/acronoticias.com\/index.php\/wp-json\/wp\/v2\/categories?post=37154"},{"taxonomy":"post_tag","embeddable":true,"href":"https:\/\/acronoticias.com\/index.php\/wp-json\/wp\/v2\/tags?post=37154"}],"curies":[{"name":"wp","href":"https:\/\/api.w.org\/{rel}","templated":true}]}}